{"id":9950,"date":"2020-01-23T03:49:00","date_gmt":"2020-01-23T03:49:00","guid":{"rendered":"http:\/\/elsemanarioonl.wpengine.com\/?p=9950"},"modified":"2020-01-23T03:49:00","modified_gmt":"2020-01-23T03:49:00","slug":"recuperar-roe","status":"publish","type":"post","link":"https:\/\/www.elsemanarioonline.com\/es\/recuperar-roe\/","title":{"rendered":"Recuperar Roe\u00a0"},"content":{"rendered":"<p><!-- VideographyWP Plugin Message: Automatic video embedding prevented by plugin options. --><br \/>\n<strong>Dusti Gurule<\/strong><\/p>\n<p>&nbsp;<\/p>\n<p>&nbsp;<\/p>\n<p>El 22 de enero marcamos el 47 aniversario de <em>Roe v. Wade<\/em>, el caso de la Corte Suprema que afirm\u00f3 el derecho al aborto. Lo que est\u00e1 claro es que el derecho se le est\u00e1 negando a las personas que son empujadas a los m\u00e1rgenes. Al igual que otras barreras sist\u00e9micas a la atenci\u00f3n m\u00e9dica, las restricciones al aborto recaen m\u00e1s duramente sobre las mujeres de color, las personas de bajos ingresos, los j\u00f3venes y las mujeres inmigrantes.<\/p>\n<blockquote><p>Necesitamos asegurarnos de que, ya sea que alguien elija la adopci\u00f3n, busque el aborto o necesite interrumpir el embarazo, pueda obtener una atenci\u00f3n asequible y compasiva en su comunidad. <\/p><\/blockquote>\n<p>Un estudio reciente encontr\u00f3 que m\u00e1s del 70 por ciento de los votantes latinos creen que no debemos juzgar a alguien que siente que no est\u00e1 listo para ser padre. Desafortunadamente, este mismo sentimiento no se refleja en las acciones de muchos legisladores. Colorado retiene los beneficios de la atenci\u00f3n del aborto para las personas que usan Medicaid, niega la cobertura de salud para los empleados p\u00fablicos y obliga a las j\u00f3venes que necesitan un aborto a notificar a sus padres.<\/p>\n<p>Como si esto no fuera suficientemente preocupante, cada a\u00f1o nos enfrentamos a una serie de ataques insultantes e insidiosos sobre el acceso a los servicios. Este a\u00f1o no es diferente. Ya hemos visto numerosos proyectos de ley dise\u00f1ados para hacer que la atenci\u00f3n sea m\u00e1s dif\u00edcil de obtener y m\u00e1s dif\u00edcil de proporcionar. No basta con derrotar la mir\u00edada de intentos de poner el cuidado fuera de alcance. Necesitamos asegurarnos de que, ya sea que alguien elija la adopci\u00f3n, busque el aborto o necesite interrumpir el embarazo, pueda obtener una atenci\u00f3n asequible y compasiva en su comunidad.<\/p>\n<p>Juntos, podemos recuperar Roe dando prioridad a la salud p\u00fablica por encima de las agendas pol\u00edticas.<\/p>\n<p>&nbsp;<\/p>\n<p>&nbsp;<\/p>\n<p>Dusti Gurule es la Directora Ejecutiva de la Organizaci\u00f3n de Colorado para la Oportunidad y los Derechos Reproductivos de las Latinas (<a href=\"http:\/\/www.COLORlatina.org\">COLOR<\/a>).<\/p>\n<p>&nbsp;<\/p>\n<p><strong>Leer M\u00e1s Comentarios: <\/strong><a href=\"http:\/\/WWW.ELSEMANARIO.US\"><strong>WWW.<\/strong><strong>ELSEMANARIO.US<\/strong><\/a><\/p>\n<p>&nbsp;<\/p>\n","protected":false},"excerpt":{"rendered":"<p>Dusti Gurule &nbsp; &nbsp; El 22 de enero marcamos el 47 aniversario de Roe v. Wade, el caso de la Corte Suprema que afirm\u00f3 el derecho al aborto. Lo que&#8230;<\/p>\n","protected":false},"author":403,"featured_media":9949,"comment_status":"open","ping_status":"open","sticky":false,"template":"","format":"standard","meta":{"give_campaign_id":0,"_jetpack_memberships_contains_paid_content":false,"footnotes":""},"categories":[72],"tags":[],"class_list":["post-9950","post","type-post","status-publish","format-standard","has-post-thumbnail","hentry","category-comentario"],"jetpack_featured_media_url":"https:\/\/i0.wp.com\/www.elsemanarioonline.com\/wp-content\/uploads\/2020\/01\/CO-2-Commentary-E-Gurule-1pic-by-COLOR-Dusti-Gurule.jpg?fit=216%2C193&ssl=1","jetpack-related-posts":[],"jetpack_sharing_enabled":true,"_links":{"self":[{"href":"https:\/\/www.elsemanarioonline.com\/es\/wp-json\/wp\/v2\/posts\/9950","targetHints":{"allow":["GET"]}}],"collection":[{"href":"https:\/\/www.elsemanarioonline.com\/es\/wp-json\/wp\/v2\/posts"}],"about":[{"href":"https:\/\/www.elsemanarioonline.com\/es\/wp-json\/wp\/v2\/types\/post"}],"author":[{"embeddable":true,"href":"https:\/\/www.elsemanarioonline.com\/es\/wp-json\/wp\/v2\/users\/403"}],"replies":[{"embeddable":true,"href":"https:\/\/www.elsemanarioonline.com\/es\/wp-json\/wp\/v2\/comments?post=9950"}],"version-history":[{"count":0,"href":"https:\/\/www.elsemanarioonline.com\/es\/wp-json\/wp\/v2\/posts\/9950\/revisions"}],"wp:featuredmedia":[{"embeddable":true,"href":"https:\/\/www.elsemanarioonline.com\/es\/wp-json\/wp\/v2\/media\/9949"}],"wp:attachment":[{"href":"https:\/\/www.elsemanarioonline.com\/es\/wp-json\/wp\/v2\/media?parent=9950"}],"wp:term":[{"taxonomy":"category","embeddable":true,"href":"https:\/\/www.elsemanarioonline.com\/es\/wp-json\/wp\/v2\/categories?post=9950"},{"taxonomy":"post_tag","embeddable":true,"href":"https:\/\/www.elsemanarioonline.com\/es\/wp-json\/wp\/v2\/tags?post=9950"}],"curies":[{"name":"wp","href":"https:\/\/api.w.org\/{rel}","templated":true}]}}