{"id":9716,"date":"2019-12-12T04:05:51","date_gmt":"2019-12-12T04:05:51","guid":{"rendered":"http:\/\/elsemanarioonl.wpengine.com\/?p=9716"},"modified":"2019-12-12T04:05:51","modified_gmt":"2019-12-12T04:05:51","slug":"donde-queda-la-esperanza-de-los-menores-migrantes","status":"publish","type":"post","link":"https:\/\/www.elsemanarioonline.com\/es\/donde-queda-la-esperanza-de-los-menores-migrantes\/","title":{"rendered":"\u00bfD\u00f3nde Queda la Esperanza de los Menores Migrantes?"},"content":{"rendered":"<p><!-- VideographyWP Plugin Message: Automatic video embedding prevented by plugin options. --><br \/>\n<strong>David Torres<\/strong><\/p>\n<p>\u00a0<\/p>\n<p>Decir que la actual infancia inmigrante ha tenido aqu\u00ed una experiencia desastrosa en los \u00faltimos dos o tres a\u00f1os es, literalmente, quedarse corto. En todo caso, la categor\u00eda de an\u00e1lisis deber\u00eda llegar ya a lo traum\u00e1tico, tomando en cuenta tanto los avatares de su periplo infinto desde sus lugares de origen, hasta la forma en que se convirtieron en rehenes de una pol\u00edtica migratoria de rechazo, de tortura psicol\u00f3gica, de maltrato f\u00edsico, de encierro y de expulsi\u00f3n.<\/p>\n<p>Pero esa parte de la realidad, que a\u00fan pesa en la conciencia, no habr\u00eda tenido lugar si\u00a0quienes idearon toda esa trama antiinmigrante\u00a0no hubiesen actuado con\u00a0perversidad, palabra que todo diccionario jur\u00eddico define como \u201ccualidad de quien obra con\u00a0mucha maldad\u00a0y lo hace conscientemente o disfrutando de ello\u201d.<\/p>\n<p>Esa es precisamente la primera reacci\u00f3n que surge luego del contundente reporte de la Oficina del Inspector Genereal, del propio Departamento de Seguridad Nacional, que tras una investigaci\u00f3n exhaustiva sobre la pol\u00edtica de Cero Tolerancia del actual gobierno estadounidense encontr\u00f3 que la intenci\u00f3n de las autoridades era en realidad\u00a0separar a m\u00e1s de 26,000 menores\u00a0migrantes.<\/p>\n<p>Ello, por supuesto,\u00a0sin la menor idea\u00a0de c\u00f3mo administrar datos, rutas, log\u00edstica, censo, ni c\u00f3mo canalizar la atenci\u00f3n m\u00ednima para cuidar su salud o su alimentaci\u00f3n. Es decir, sin tomar en cuenta la crisis que se desatar\u00eda, ni mucho menos c\u00f3mo contenerla. Tan solo por esa raz\u00f3n, dicha perversidad deber\u00eda entrar en la tipificaci\u00f3n de cr\u00edmenes contra la humanidad por los que, en alg\u00fan momento, tengan que ser llamados a rendir cuentas los responsables de tal barbarie contempor\u00e1nea.<\/p>\n<p>Con base en ello, se percibe que los menores eran considerados simplemente una masa informe a la que hab\u00eda que castigar, humillar y deshumanizar, en represalia por haberse atrevido, junto con sus familias, a aspirar a una mejor vida en el pa\u00eds que, cre\u00edan, les podr\u00eda dar cobijo en funci\u00f3n de sus propias leyes, de su historia y de la supuesta tradici\u00f3n humanitaria de la que tanto se ha ufanado esta naci\u00f3n.<\/p>\n<p>Si a esa situaci\u00f3n se suma el hecho de que, seg\u00fan Naciones Unidas, entre\u00a0enero y agosto de este a\u00f1o m\u00e1s de 30,000 migrantes menores\u00a0de Am\u00e9rica Central fueron retornados desde Estados Unidos e incluso M\u00e9xico hacia Guatemala, Honduras y El Salvador, el cuadro es a\u00fan m\u00e1s devastador.<\/p>\n<p>Mientras tanto, seg\u00fan se ha reportado en las \u00faltimas semanas,\u00a0m\u00e1s de un mill\u00f3n de casos\u00a0est\u00e1n estancados en las cortes de inmigraci\u00f3n, la mitad de los cuales corresponde a solicitudes de asilo, beneficio migratorio desde\u00f1ado por la presente administraci\u00f3n al calificarlo de \u201cser una estafa\u201d, contraviniendo no solamente sus propias leyes, sino las que dicta el derecho internacional para proteger a la infancia, especialmente la que se encuentra en permanente desplazamiento debido a crisis de toda \u00edndole, pobreza, guerra, violencia e incluso desastres naturales.<\/p>\n<p>Su situaci\u00f3n, sin embargo, se recrudece a\u00fan m\u00e1s al paso de los d\u00edas en las ciudades fronterizas mexicanas hacia donde muchos de ellos han sido enviados entre el ya numeroso grupo de solicitantes de asilo, que rebasa los 55,000 seres humanos.<\/p>\n<p>Expuestos a enfermedades por vivir literalmente a la intemperie con sus familias, adem\u00e1s de ser objetivo de grupos locales de la delincuencia organizada, es seguro que arrastren por el resto de sus vidas esa sensaci\u00f3n de vivir bajo amenaza permanente, con el agravante del rechazo del que han sido objeto en esta etapa tan temprana de sus vidas.<\/p>\n<p>Sin lugar a dudas, estos han sido d\u00edas para ser contados en detalle, pero sobre todo para volver a humanizar no solo el concepto de inmigrante, sino a las personas que encarnan esa figura que retrata de cuerpo entero a toda la humanidad en su historia, sobre todo a los menores de edad.<\/p>\n<p>As\u00ed, mientras toma forma el proceso de jucio pol\u00edtico contra el actual ocupante de la Casa Blanca, que ha sido todo menos buen ejemplo para la investidura que representa, el hondure\u00f1o Joel Ram\u00edrez Palma, testigo clave de las fallas en la construcci\u00f3n que finalmente se desplom\u00f3 en Nueva Orleans, lo dijo con toda la franqueza del mundo tras ser deportado a su pa\u00eds de origen hace unos d\u00edas: \u201cLa necesidad de sacar a mi familia adelante, eso es lo principal que me llev\u00f3 a ir a Estados Unidos\u201d.<\/p>\n<p>A\u00f1adi\u00f3 que lo \u00fanico que le pedir\u00eda a las autoridades estadounidenses es \u201cque fueran m\u00e1s conscientes, que tuvieran m\u00e1s consideraci\u00f3n, porque a veces se hacen cosas inhumanas. Yo no me considero un criminal o un peligro para Estados Unidos\u201d.<\/p>\n<p>En contraste, el gobierno de Estados Unidos est\u00e1 haciendo un esfuerzo enorme por que el resto del mundo pierda definitivamente su esperanza en este pa\u00eds y lo que, al menos para algunos, a\u00fan representa.<\/p>\n<p>Y mientras tanto, en medio de todo este caos \u2014ya sea en un centro de detenci\u00f3n, en un campamento insalubre en la frontera mexicana o expulsados ya a sus comunidades de origen\u2014, los ni\u00f1os migrantes siguen creciendo.<\/p>\n<p>Su esperanza tal vez ya no.<\/p>\n<p>\u00a0<\/p>\n<p>David Torres es Asesor en Espa\u00f1ol de <a href=\"https:\/\/americasvoice.org\">America\u2019s Voice.<\/a><\/p>\n<p>\u00a0<\/p>\n<p><strong>Leer M\u00e1s Comentarios: <\/strong><a href=\"http:\/\/WWW.ELSEMANARIO.US\"><strong>WWW.ELSEMANARIO.US<\/strong><\/a><\/p>\n<p><strong>\u00a0<\/strong><\/p>\n<p><strong>\u00a0<\/strong><\/p>\n<p>\u00a0<\/p>\n","protected":false},"excerpt":{"rendered":"<p>David Torres \u00a0 Decir que la actual infancia inmigrante ha tenido aqu\u00ed una experiencia desastrosa en los \u00faltimos dos o tres a\u00f1os es, literalmente, quedarse corto. En todo caso, la&#8230;<\/p>\n","protected":false},"author":403,"featured_media":9715,"comment_status":"open","ping_status":"open","sticky":false,"template":"","format":"standard","meta":{"give_campaign_id":0,"_jetpack_memberships_contains_paid_content":false,"footnotes":""},"categories":[72],"tags":[],"class_list":["post-9716","post","type-post","status-publish","format-standard","has-post-thumbnail","hentry","category-comentario"],"jetpack_featured_media_url":"https:\/\/i0.wp.com\/www.elsemanarioonline.com\/wp-content\/uploads\/2019\/12\/CO-1-Commentary-S-Torres-1pic-David-Torres.jpg?fit=298%2C225&ssl=1","jetpack-related-posts":[],"jetpack_sharing_enabled":true,"_links":{"self":[{"href":"https:\/\/www.elsemanarioonline.com\/es\/wp-json\/wp\/v2\/posts\/9716","targetHints":{"allow":["GET"]}}],"collection":[{"href":"https:\/\/www.elsemanarioonline.com\/es\/wp-json\/wp\/v2\/posts"}],"about":[{"href":"https:\/\/www.elsemanarioonline.com\/es\/wp-json\/wp\/v2\/types\/post"}],"author":[{"embeddable":true,"href":"https:\/\/www.elsemanarioonline.com\/es\/wp-json\/wp\/v2\/users\/403"}],"replies":[{"embeddable":true,"href":"https:\/\/www.elsemanarioonline.com\/es\/wp-json\/wp\/v2\/comments?post=9716"}],"version-history":[{"count":0,"href":"https:\/\/www.elsemanarioonline.com\/es\/wp-json\/wp\/v2\/posts\/9716\/revisions"}],"wp:featuredmedia":[{"embeddable":true,"href":"https:\/\/www.elsemanarioonline.com\/es\/wp-json\/wp\/v2\/media\/9715"}],"wp:attachment":[{"href":"https:\/\/www.elsemanarioonline.com\/es\/wp-json\/wp\/v2\/media?parent=9716"}],"wp:term":[{"taxonomy":"category","embeddable":true,"href":"https:\/\/www.elsemanarioonline.com\/es\/wp-json\/wp\/v2\/categories?post=9716"},{"taxonomy":"post_tag","embeddable":true,"href":"https:\/\/www.elsemanarioonline.com\/es\/wp-json\/wp\/v2\/tags?post=9716"}],"curies":[{"name":"wp","href":"https:\/\/api.w.org\/{rel}","templated":true}]}}