{"id":9468,"date":"2019-11-07T03:06:38","date_gmt":"2019-11-07T03:06:38","guid":{"rendered":"http:\/\/elsemanarioonl.wpengine.com\/?p=9468"},"modified":"2019-11-07T03:06:38","modified_gmt":"2019-11-07T03:06:38","slug":"el-impulso-para-una-accion-climatica-audaz-es-imparable","status":"publish","type":"post","link":"https:\/\/www.elsemanarioonline.com\/es\/el-impulso-para-una-accion-climatica-audaz-es-imparable\/","title":{"rendered":"El Impulso Para Una Acci\u00f3n Clim\u00e1tica Audaz es Imparable"},"content":{"rendered":"<p><!-- VideographyWP Plugin Message: Automatic video embedding prevented by plugin options. --><br \/>\n<strong>Jill Tauber<\/strong><\/p>\n<p>&nbsp;<\/p>\n<p>La administraci\u00f3n Trump anunci\u00f3 en 4 de noviembre que comenzar\u00e1 el proceso de retirar formalmente a los EE. UU. del Acuerdo de Par\u00eds, un hist\u00f3rico acuerdo clim\u00e1tico global firmado por 197 pa\u00edses. Su salida entrar\u00e1 en vigencia dentro de un a\u00f1o a partir del 4 de noviembre de 2020. Har\u00e1 de los EE. UU. el \u00fanico pa\u00eds del mundo que no forme parte de este acuerdo.<\/p>\n<p>En este momento cr\u00edtico, nuestro pa\u00eds deber\u00eda liderar la labor para combatir la crisis clim\u00e1tica. En cambio, la administraci\u00f3n Trump est\u00e1 intentando retrocedernos y socavar el progreso global para beneficiar a los grandes contaminadores. Retirarnos del Acuerdo de Par\u00eds es la decisi\u00f3n equivocada para nuestro planeta, nuestra econom\u00eda y nuestro papel en el escenario mundial, y el pueblo estadounidense lo sabe: el 77 por ciento quiere que Estados Unidos se mantenga en el acuerdo.<\/p>\n<blockquote><p>Ante la falta de liderazgo de esta administraci\u00f3n, necesitamos una acci\u00f3n audaz en todos los niveles para proteger nuestro planeta y nuestras comunidades.<\/p><\/blockquote>\n<p>Pero el impulso para una acci\u00f3n clim\u00e1tica audaz y un futuro de energ\u00eda limpia es imparable. Los estados, las ciudades y las empresas de todo el pa\u00eds est\u00e1n afirmando categ\u00f3ricamente un compromiso para mantener la promesa de Estados Unidos en Par\u00eds. Los j\u00f3venes marchan por las calles y responsabilizan a los l\u00edderes por salvaguardar su futuro. Y en asociaci\u00f3n con las comunidades m\u00e1s afectadas por la contaminaci\u00f3n, exigimos soluciones clim\u00e1ticas justas y equitativas que confronten la injusticia racial, econ\u00f3mica y ambiental.<\/p>\n<p>Es hora de combatir nuestra crisis clim\u00e1tica dirigi\u00e9ndonos urgentemente a una energ\u00eda 100 por ciento limpia y con cero emisiones. Ante la falta de liderazgo de esta administraci\u00f3n, necesitamos una acci\u00f3n audaz en todos los niveles para proteger nuestro planeta y nuestras comunidades.<\/p>\n<p>&nbsp;<\/p>\n<p>Jill Tauber es la Vicepresidenta de Litigios para el Clima y la Energ\u00eda de <strong><a href=\"http:\/\/www.Earthjustice.org\">Earthjustice.<\/a><\/strong><\/p>\n<p><strong>\u00a0<\/strong><\/p>\n<p><strong>Leer M\u00e1s Comentarios: <\/strong><strong><a href=\"http:\/\/WWW.ELSEMANARIO.US\">WWW.ELSEMANARIO.US<\/a><\/strong><\/p>\n<p>&nbsp;<\/p>\n","protected":false},"excerpt":{"rendered":"<p>Jill Tauber &nbsp; La administraci\u00f3n Trump anunci\u00f3 en 4 de noviembre que comenzar\u00e1 el proceso de retirar formalmente a los EE. UU. del Acuerdo de Par\u00eds, un hist\u00f3rico acuerdo clim\u00e1tico&#8230;<\/p>\n","protected":false},"author":403,"featured_media":9469,"comment_status":"open","ping_status":"open","sticky":false,"template":"","format":"standard","meta":{"give_campaign_id":0,"_jetpack_memberships_contains_paid_content":false,"footnotes":""},"categories":[72,77],"tags":[],"class_list":["post-9468","post","type-post","status-publish","format-standard","has-post-thumbnail","hentry","category-comentario","category-medio-ambiente"],"jetpack_featured_media_url":"https:\/\/i0.wp.com\/www.elsemanarioonline.com\/wp-content\/uploads\/2019\/11\/CO-3-Commentary-S-Tauber-by-Earthjustice-used-with-permission.jpg?fit=288%2C336&ssl=1","jetpack-related-posts":[],"jetpack_sharing_enabled":true,"_links":{"self":[{"href":"https:\/\/www.elsemanarioonline.com\/es\/wp-json\/wp\/v2\/posts\/9468","targetHints":{"allow":["GET"]}}],"collection":[{"href":"https:\/\/www.elsemanarioonline.com\/es\/wp-json\/wp\/v2\/posts"}],"about":[{"href":"https:\/\/www.elsemanarioonline.com\/es\/wp-json\/wp\/v2\/types\/post"}],"author":[{"embeddable":true,"href":"https:\/\/www.elsemanarioonline.com\/es\/wp-json\/wp\/v2\/users\/403"}],"replies":[{"embeddable":true,"href":"https:\/\/www.elsemanarioonline.com\/es\/wp-json\/wp\/v2\/comments?post=9468"}],"version-history":[{"count":0,"href":"https:\/\/www.elsemanarioonline.com\/es\/wp-json\/wp\/v2\/posts\/9468\/revisions"}],"wp:featuredmedia":[{"embeddable":true,"href":"https:\/\/www.elsemanarioonline.com\/es\/wp-json\/wp\/v2\/media\/9469"}],"wp:attachment":[{"href":"https:\/\/www.elsemanarioonline.com\/es\/wp-json\/wp\/v2\/media?parent=9468"}],"wp:term":[{"taxonomy":"category","embeddable":true,"href":"https:\/\/www.elsemanarioonline.com\/es\/wp-json\/wp\/v2\/categories?post=9468"},{"taxonomy":"post_tag","embeddable":true,"href":"https:\/\/www.elsemanarioonline.com\/es\/wp-json\/wp\/v2\/tags?post=9468"}],"curies":[{"name":"wp","href":"https:\/\/api.w.org\/{rel}","templated":true}]}}