{"id":8978,"date":"2019-08-29T00:45:46","date_gmt":"2019-08-29T00:45:46","guid":{"rendered":"http:\/\/elsemanarioonl.wpengine.com\/?p=8978"},"modified":"2019-08-29T00:45:46","modified_gmt":"2019-08-29T00:45:46","slug":"earthjustice-condena-el-ataque-a-los-derechos-civiles","status":"publish","type":"post","link":"https:\/\/www.elsemanarioonline.com\/es\/earthjustice-condena-el-ataque-a-los-derechos-civiles\/","title":{"rendered":"Earthjustice Condena el Ataque a los Derechos Civiles"},"content":{"rendered":"<p><!-- VideographyWP Plugin Message: Automatic video embedding prevented by plugin options. --><br \/>\nLa administraci\u00f3n Trump est\u00e1 trabajando para eliminar la Ley de Derechos Civiles de 1964, la hist\u00f3rica ley de derechos civiles que puso fin al racismo legalizado en educaci\u00f3n, empleo y alojamientos p\u00fablicos.<\/p>\n<p>Parte de esa ley proh\u00edbe el uso de recursos federales de forma discriminatoria por motivos de raza, color, religi\u00f3n, sexo o nacionalidad.<\/p>\n<p>Ahora, Ben Carson, quien se desempe\u00f1a como secretario del Departamento de Vivienda y Desarrollo Urbano de EE. UU. (HUD, por sus siglas en ingl\u00e9s), ha propuesto una nueva regulaci\u00f3n federal de vivienda que dice que el departamento dejar\u00e1 de lado su responsabilidad legal para evitar un impacto discriminatorio al establecer decisiones pol\u00edticas. La regla propuesta fue publicada en el Registro Federal a principios en la semana pasada.<\/p>\n<p>\u201cEste ataque ilegal es una bofetada para todos los que creen que la justicia y la equidad son importantes\u201d, <strong>dijo Patrice Simms, vicepresidente de litigios para Earthjustice<\/strong>.\u00a0\u201cLos defensores de los derechos civiles son conscientes de que este ataque est\u00e1 motivado por los amigos de Trump en las industrias de pr\u00e9stamos hipotecarios y de seguros que ven los requisitos de que todas las personas sean tratadas de manera justa bajo la ley como obst\u00e1culos para su potencial beneficio\u201d.<\/p>\n<blockquote><p>\u201cEsta naci\u00f3n tiene una larga historia de pol\u00edticas de vivienda discriminatorias, que incluyen subsidios federales para los constructores despu\u00e9s de la Segunda Guerra Mundial con la condici\u00f3n de que no vendan casas a afroamericanos\u201d.<br \/>\nPatrice Simms, Earthjustice\n<\/p><\/blockquote>\n<p>Si bien Earthjustice no trabaja en temas de discriminaci\u00f3n de vivienda, esta organizaci\u00f3n ha trabajado durante a\u00f1os para fomentar soluciones a la discriminaci\u00f3n ambiental bajo la Ley de Derechos Civiles.<\/p>\n<p>Simms se\u00f1al\u00f3 el nexo entre las pol\u00edticas discriminatorias de vivienda y la discriminaci\u00f3n ambiental.<\/p>\n<p>\u201cEsta naci\u00f3n tiene una larga historia de pol\u00edticas de vivienda discriminatorias, que incluyen subsidios federales para los constructores despu\u00e9s de la Segunda Guerra Mundial con la condici\u00f3n de que no vendan casas a afroamericanos\u201d, dijo Simms.<\/p>\n<p>\u201cSabemos que muchos barrios que se segregaron debido a pol\u00edticas racistas de vivienda y pr\u00e9stamos son los mismos barrios donde las comunidades de color contin\u00faan sufriendo una carga injusta de contaminaci\u00f3n nociva\u201d, agreg\u00f3.<\/p>\n<p>\u201cEstamos obligados a hablar en contra de la propuesta y hacer un llamamiento a todos los que se oponen a enviar comentarios durante el per\u00edodo de comentarios de 60 d\u00edas\u201d, subray\u00f3 Simms. \u201cEstamos con nuestros muchos aliados en la comunidad de derechos civiles para proteger los derechos por los que tantas personas lucharon y murieron\u201d.<\/p>\n<p>Una coalici\u00f3n de grupos liderados por la Conferencia de Liderazgo sobre Derechos Civiles y Humanos est\u00e1 pidiendo a todos los que se preocupan por la discriminaci\u00f3n que aprendan m\u00e1s y env\u00eden comentarios a HUD (<a href=\"https:\/\/defendcivilrights.org\/make-a-comment\">https:\/\/defendcivilrights.org\/make-a-comment<\/a>), [enlace disponible solo en ingl\u00e9s], los comentarios deben presentarse antes del 18 de octubre de 2019.<\/p>\n<p>\u00a0<\/p>\n<p><strong>Para M\u00e1s Noticias Naci\u00f3nal: <\/strong><a href=\"http:\/\/WWW.ELSEMANARIO.US\"><strong>WWW.ELSEMANARIO.US<\/strong><\/a><\/p>\n<p><strong>\u00a0<\/strong><\/p>\n<p><strong>\u00a0<\/strong><\/p>\n<p>\u00a0<\/p>\n","protected":false},"excerpt":{"rendered":"<p>La administraci\u00f3n Trump est\u00e1 trabajando para eliminar la Ley de Derechos Civiles de 1964, la hist\u00f3rica ley de derechos civiles que puso fin al racismo legalizado en educaci\u00f3n, empleo y&#8230;<\/p>\n","protected":false},"author":403,"featured_media":8979,"comment_status":"open","ping_status":"open","sticky":false,"template":"","format":"standard","meta":{"give_campaign_id":0,"_jetpack_memberships_contains_paid_content":false,"footnotes":""},"categories":[81],"tags":[],"class_list":["post-8978","post","type-post","status-publish","format-standard","has-post-thumbnail","hentry","category-noticias-nacionales"],"jetpack_featured_media_url":"https:\/\/i0.wp.com\/www.elsemanarioonline.com\/wp-content\/uploads\/2019\/08\/CO-1-Nat-News-S-housing-1pc-Patrice-Simms-by-Earthjustice.jpg?fit=432%2C288&ssl=1","jetpack-related-posts":[],"jetpack_sharing_enabled":true,"_links":{"self":[{"href":"https:\/\/www.elsemanarioonline.com\/es\/wp-json\/wp\/v2\/posts\/8978","targetHints":{"allow":["GET"]}}],"collection":[{"href":"https:\/\/www.elsemanarioonline.com\/es\/wp-json\/wp\/v2\/posts"}],"about":[{"href":"https:\/\/www.elsemanarioonline.com\/es\/wp-json\/wp\/v2\/types\/post"}],"author":[{"embeddable":true,"href":"https:\/\/www.elsemanarioonline.com\/es\/wp-json\/wp\/v2\/users\/403"}],"replies":[{"embeddable":true,"href":"https:\/\/www.elsemanarioonline.com\/es\/wp-json\/wp\/v2\/comments?post=8978"}],"version-history":[{"count":0,"href":"https:\/\/www.elsemanarioonline.com\/es\/wp-json\/wp\/v2\/posts\/8978\/revisions"}],"wp:featuredmedia":[{"embeddable":true,"href":"https:\/\/www.elsemanarioonline.com\/es\/wp-json\/wp\/v2\/media\/8979"}],"wp:attachment":[{"href":"https:\/\/www.elsemanarioonline.com\/es\/wp-json\/wp\/v2\/media?parent=8978"}],"wp:term":[{"taxonomy":"category","embeddable":true,"href":"https:\/\/www.elsemanarioonline.com\/es\/wp-json\/wp\/v2\/categories?post=8978"},{"taxonomy":"post_tag","embeddable":true,"href":"https:\/\/www.elsemanarioonline.com\/es\/wp-json\/wp\/v2\/tags?post=8978"}],"curies":[{"name":"wp","href":"https:\/\/api.w.org\/{rel}","templated":true}]}}