{"id":8905,"date":"2019-08-22T19:29:26","date_gmt":"2019-08-22T19:29:26","guid":{"rendered":"http:\/\/elsemanarioonl.wpengine.com\/?p=8905"},"modified":"2019-08-22T19:29:26","modified_gmt":"2019-08-22T19:29:26","slug":"el-poeta-laureado-de-colorado-reflexiona-sobre-su-inspiracion","status":"publish","type":"post","link":"https:\/\/www.elsemanarioonline.com\/es\/el-poeta-laureado-de-colorado-reflexiona-sobre-su-inspiracion\/","title":{"rendered":"El Poeta Laureado de Colorado Reflexiona Sobre Su Inspiraci\u00f3n"},"content":{"rendered":"<p><!-- VideographyWP Plugin Message: Automatic video embedding prevented by plugin options. --><br \/>\n<strong>por Joseph Rios<\/strong><\/p>\n<p>&nbsp;<\/p>\n<p>Creciendo en el norte de Denver, Colorado, Bobby LeFebre fue inspirado por artistas conscientes del hip-hop como Tupac Shakur, N.W.A. y Public Enemy.<\/p>\n<p>Sus ritmos, rimas y vidas ayudaron a formar su amor y comprensi\u00f3n del poder de las palabras desde una edad temprana, dijo.<\/p>\n<p>Hoy, el poeta, escritor e int\u00e9rprete de 37 a\u00f1os de edad est\u00e1 dando forma a la cosmovisi\u00f3n de generaciones j\u00f3venes y mayores a trav\u00e9s de su poes\u00eda y su obra de teatro de \u00e9xito, \u00abNorthside\u00bb. Y ahora sus palabras se amplificar\u00e1n a\u00fan m\u00e1s con su nombramiento por el gobernador Jared Polis como el nuevo poeta laureado de Colorado.<\/p>\n<p>LeFebre -graduada en 2004 de la Universidad Estatal Metropolitana <a href=\"https:\/\/msudenver.edu\/\">(MSU)<\/a> de Denver- es la octava poetisa laureada del estado y la primera persona de color y latina en ocupar el cargo de casi un siglo de antig\u00fcedad. Tambi\u00e9n se cree que es el m\u00e1s joven en ostentar el t\u00edtulo. Los deberes del poeta laureado de Colorado incluyen la defensa de la poes\u00eda, la alfabetizaci\u00f3n y la literatura, y el puesto honor\u00edfico incluye un modesto honorario de 2.000 d\u00f3lares por cada uno de los cuatro a\u00f1os de su mandato.<\/p>\n<p>\u00abBobby LeFebre tiene una asombrosa habilidad para empoderar y conectar a las comunidades a trav\u00e9s de la sabidur\u00eda de sus palabras; por eso estamos seguros de que ser\u00e1 un fant\u00e1stico poeta laureado\u00bb, dijo Polis en una declaraci\u00f3n en la que anunci\u00f3 el nombramiento de LeFebre. \u00ab\u00c9l encarna el esp\u00edritu de un &#8216;Colorado para todos&#8217; en el que todos est\u00e1n incluidos. S\u00e9 que ser\u00e1 un gran defensor de las artes y de la educaci\u00f3n art\u00edstica como forma de unirnos\u00bb.<\/p>\n<blockquote><p>\u00abSiempre le doy cr\u00e9dito a (MSU Denver) por haber encontrado mi voz. Fue la primera vez que encontr\u00e9 una conciencia social, reconectando con mis ra\u00edces, poder, privilegios y aprendiendo sobre las formas en que los sistemas e instituciones se establecen no para nuestro beneficio. \u00abLa forma en que veo el mundo se form\u00f3 y molde\u00f3 por el tiempo que pas\u00e9 en MSU Denver\u201d.<br \/>\nBobby LeFebre\n<\/p><\/blockquote>\n<p>LeFebre no est\u00e1 perdiendo el tiempo en ponerse a trabajar &#8211; su pr\u00f3xima agenda incluye reuniones con maestros de ingl\u00e9s en Northfield High School interesados en usar su poes\u00eda en clase, apariciones en el programa \u00abPolitics Unplugged\u00bb de Denver7 con Anne Trujillo y preparaci\u00f3n para el Mes de la Herencia Hispana (15 de septiembre al 15 de octubre). LeFebre recientemente hizo una entrevista con un presentador de radio conservador, y planea hacer m\u00e1s entrevistas en todo Colorado con cualquiera que quiera hablar sobre arte, diversidad e inclusi\u00f3n.<\/p>\n<p>\u00abTengo la capacidad de cambiar de c\u00f3digo y de poder hablar con diferentes personas de diferentes or\u00edgenes. Valoro la diversidad, y estoy emocionado de involucrar a mi gente, y a las personas que no piensan como yo, y de ser capaz de dialogar sobre qui\u00e9nes somos y por qu\u00e9 somos\u00bb, dijo.<\/p>\n<p>El curr\u00edculum de LeFebre es profundo y amplio: Ha sido dos veces campe\u00f3n de <em>Grand Slam<\/em>, finalista de <em>National Poetry Slam<\/em>, finalista de <em>Individual World Poetry Slam<\/em> y dos veces orador de TEDx. Tambi\u00e9n es fundador de Caf\u00e9 Cultura, ahora conocido como <em>Sacred Voices<\/em>, una organizaci\u00f3n sin fines de lucro enfocada en la juventud que promueve la preservaci\u00f3n y exploraci\u00f3n de las tradiciones orales y escritas a trav\u00e9s de eventos de poes\u00eda de micr\u00f3fono abierto, y es miembro de la <em>National Association of Latino Arts and Culture<\/em>. Y este verano, LeFebre ha estado disfrutando de su \u00e9xito como dramaturgo.<\/p>\n<p>\u00abNorthside\u00bb se estren\u00f3 en junio en el Su Teatro Cultural y Centro de Artes Esc\u00e9nicas de Denver y cerr\u00f3 el 21 de julio despu\u00e9s de 23 espect\u00e1culos consecutivos con entradas agotadas; el teatro volver\u00e1 a presentar la obra para un renacimiento de tres funciones del 23 al 25 de agosto. \u00abNorthside\u00bb se centra en el impacto que el aburguesamiento ha tenido en el norte de Denver a medida que el barrio hist\u00f3rico se convirti\u00f3 en el barrio de Highlands. Sigue a una joven pareja de Latinx que est\u00e1n tratando de comprar una casa en el vecindario en el que se criaron, mostrando los desaf\u00edos que enfrentan, incluyendo la competencia en el mercado de bienes ra\u00edces con una joven pareja blanca que quiere mudarse a una ciudad en crecimiento.<\/p>\n<p>\u00abLa comunidad estaba orgullosa de la pieza, y creo que eso es lo que m\u00e1s me enorgullece. Cada noche, hab\u00eda algo emotivo\u00bb, dijo LeFebre.<\/p>\n<p>Despu\u00e9s de cada show, \u00e9l y el elenco saludaron a los asistentes y escucharon sus comentarios, dijo.<\/p>\n<p>\u00abHab\u00eda gente que se nos acercaba llorando, gente que nos abrazaba y no dec\u00eda nada en absoluto\u00bb, dijo. \u00abFue un hermoso intercambio de energ\u00eda.\u00bb<\/p>\n<p>LeFebre no s\u00f3lo tiene sus ra\u00edces en el norte de Denver: las ra\u00edces ind\u00edgenas de su familia en el valle de San Luis, en el sur de Colorado, antes de la estadidad. M\u00e1s all\u00e1 de los \u00e1lbumes de hip-hop de su juventud, LeFebre remonta sus ra\u00edces art\u00edsticas al Caf\u00e9 Nuba del norte de Denver, donde estren\u00f3 un poema, y a MSU Denver, donde obtuvo un t\u00edtulo en psicolog\u00eda.<\/p>\n<p>Cuando aterriz\u00f3 en el campus de Auraria, sab\u00eda que ten\u00eda pasi\u00f3n por el arte, la cultura y por ayudar a la gente; tom\u00f3 clases de chicana y de estudios afroamericanos, donde ley\u00f3 literatura de ambas culturas. Las historias y testimonios que \u00e9l estudi\u00f3 le proporcionaron al estudiante criado en el norte de Denver una nueva perspectiva del mundo.<\/p>\n<p>LeFebre le da cr\u00e9dito al difunto Profesor de Estudios Chicanos y poeta Lalo Delgado de la MSU Denver por ayudar a dar forma a su punto de vista y arte. Delgado es considerado el Abuelo Nacional de la Poes\u00eda Chicana y el departamento de Estudios Chicanos de la Universidad es el anfitri\u00f3n del Festival de Poes\u00eda de Lalo Delgado cada primavera.<\/p>\n<p>Despu\u00e9s de las clases, tra\u00eda a Delgado sus poemas para que los comentara, dijo LeFebre. Esa retroalimentaci\u00f3n jug\u00f3 un papel vital en la forja de su identidad art\u00edstica.<\/p>\n<p>\u00abSiempre le doy cr\u00e9dito a (MSU Denver) por haber encontrado mi voz. Fue la primera vez que encontr\u00e9 una conciencia social, reconectando con mis ra\u00edces, poder, privilegios y aprendiendo sobre las formas en que los sistemas e instituciones se establecen no para nuestro beneficio\u00bb, dijo. \u00abLa forma en que veo el mundo se form\u00f3 y molde\u00f3 por el tiempo que pas\u00e9 en MSU Denver\u201d.<\/p>\n<p>&nbsp;<\/p>\n<p>Traducci\u00f3n por Juan Carlos Uribe-The Weekly Issue\/El Semanario.<\/p>\n<p>&nbsp;<\/p>\n<p><strong>Lea Mas Noticias de Portada en: <\/strong><a href=\"http:\/\/WWW.ELSEMANARIO.US\"><strong>WWW.ELSEMANARIO.US<\/strong><\/a><\/p>\n<p>&nbsp;<\/p>\n","protected":false},"excerpt":{"rendered":"<p>por Joseph Rios &nbsp; Creciendo en el norte de Denver, Colorado, Bobby LeFebre fue inspirado por artistas conscientes del hip-hop como Tupac Shakur, N.W.A. y Public Enemy. Sus ritmos, rimas&#8230;<\/p>\n","protected":false},"author":403,"featured_media":8906,"comment_status":"open","ping_status":"open","sticky":false,"template":"","format":"standard","meta":{"give_campaign_id":0,"_jetpack_memberships_contains_paid_content":false,"footnotes":""},"categories":[74],"tags":[],"class_list":["post-8905","post","type-post","status-publish","format-standard","has-post-thumbnail","hentry","category-noticia-de-portada"],"jetpack_featured_media_url":"https:\/\/i0.wp.com\/www.elsemanarioonline.com\/wp-content\/uploads\/2019\/08\/CO-Cover-S-Lefebre-MSU-1pic-by-Amanda-Schwengel-MSU-used-with-permission-by-Tim-Carroll-MSU-8-19-2019.jpg?fit=864%2C450&ssl=1","jetpack-related-posts":[],"jetpack_sharing_enabled":true,"_links":{"self":[{"href":"https:\/\/www.elsemanarioonline.com\/es\/wp-json\/wp\/v2\/posts\/8905","targetHints":{"allow":["GET"]}}],"collection":[{"href":"https:\/\/www.elsemanarioonline.com\/es\/wp-json\/wp\/v2\/posts"}],"about":[{"href":"https:\/\/www.elsemanarioonline.com\/es\/wp-json\/wp\/v2\/types\/post"}],"author":[{"embeddable":true,"href":"https:\/\/www.elsemanarioonline.com\/es\/wp-json\/wp\/v2\/users\/403"}],"replies":[{"embeddable":true,"href":"https:\/\/www.elsemanarioonline.com\/es\/wp-json\/wp\/v2\/comments?post=8905"}],"version-history":[{"count":0,"href":"https:\/\/www.elsemanarioonline.com\/es\/wp-json\/wp\/v2\/posts\/8905\/revisions"}],"wp:featuredmedia":[{"embeddable":true,"href":"https:\/\/www.elsemanarioonline.com\/es\/wp-json\/wp\/v2\/media\/8906"}],"wp:attachment":[{"href":"https:\/\/www.elsemanarioonline.com\/es\/wp-json\/wp\/v2\/media?parent=8905"}],"wp:term":[{"taxonomy":"category","embeddable":true,"href":"https:\/\/www.elsemanarioonline.com\/es\/wp-json\/wp\/v2\/categories?post=8905"},{"taxonomy":"post_tag","embeddable":true,"href":"https:\/\/www.elsemanarioonline.com\/es\/wp-json\/wp\/v2\/tags?post=8905"}],"curies":[{"name":"wp","href":"https:\/\/api.w.org\/{rel}","templated":true}]}}