{"id":8826,"date":"2019-08-08T17:38:21","date_gmt":"2019-08-08T17:38:21","guid":{"rendered":"http:\/\/elsemanarioonl.wpengine.com\/?p=8826"},"modified":"2019-08-08T17:38:21","modified_gmt":"2019-08-08T17:38:21","slug":"el-odio-racial-con-el-dedo-en-el-gatillo","status":"publish","type":"post","link":"https:\/\/www.elsemanarioonline.com\/es\/el-odio-racial-con-el-dedo-en-el-gatillo\/","title":{"rendered":"El Odio Racial Con el Dedo en el Gatillo"},"content":{"rendered":"<p><!-- VideographyWP Plugin Message: Automatic video embedding prevented by plugin options. --><br \/>\nMaribel Hastings y David Torres<\/p>\n<p>\u00a0<\/p>\n<p>El racismo y el prejuicio incitan a la violencia. Ese es un hecho a partir del que este pa\u00eds puede dictar c\u00e1tedra con base en su turbia historia de esclavitud, segregaci\u00f3n, linchamientos, persecuciones, falsas acusaciones, discriminaci\u00f3n contra diversos grupos \u00e9tnicos y, ahora, con un presidente que explota ese racismo como arma pol\u00edtica y electoral. Los ejemplos se multiplican cada d\u00eda que Donald Trump ocupa la presidencia.<\/p>\n<p>El s\u00e1bado en El Paso, Texas, el racista blanco Patrick Crusius dispar\u00f3 en una tienda Walmart con un rifle AK-47 matando a 20 personas e hiriendo a otras 26. El lugar elegido por este joven de apenas 21 a\u00f1os no fue casualidad porque, seg\u00fan \u00e9l mismo escribi\u00f3 en un manifiesto, \u201ceste ataque es en respuesta a la invasi\u00f3n hispana en Texas\u201d.<\/p>\n<p>Pero el pobre diablo ni siquiera conoce su historia, pues sabr\u00eda que Texas era territorio mexicano mucho antes que ser estadounidense. Y tambi\u00e9n estar\u00eda consciente de que, con su ataque, en muchos modos es \u201cheredero\u201d de quienes perpetraron miles de atrocidades contra el remanente de poblaci\u00f3n mexicana en el siglo XIX y principios del XX a manos de la poblaci\u00f3n blanca y sus entonces nuevas autoridades, linchando por igual a hombres, mujeres, ni\u00f1os o ancianos, todos de ascendencia mexicana, con el fin de aterrorizar a ese grupo social porque, tal como hoy ocurre a nivel nacional con la ret\u00f3rica antiinmigrante oficial, no los quer\u00edan ver m\u00e1s ah\u00ed.<\/p>\n<figure id=\"attachment_8825\" aria-describedby=\"caption-attachment-8825\" style=\"width: 240px\" class=\"wp-caption alignleft\"><img data-recalc-dims=\"1\" fetchpriority=\"high\" decoding=\"async\" class=\"size-medium wp-image-8825\" src=\"https:\/\/i0.wp.com\/elsemanarioonl.wpengine.com\/wp-content\/uploads\/2019\/08\/CO-1-Commentary-E-Hastings-1pic-Maribel-Hastings-240x300.jpg?resize=240%2C300\" alt=\"\" width=\"240\" height=\"300\" srcset=\"https:\/\/i0.wp.com\/www.elsemanarioonline.com\/wp-content\/uploads\/2019\/08\/CO-1-Commentary-E-Hastings-1pic-Maribel-Hastings.jpg?w=240&ssl=1 240w, https:\/\/i0.wp.com\/www.elsemanarioonline.com\/wp-content\/uploads\/2019\/08\/CO-1-Commentary-E-Hastings-1pic-Maribel-Hastings.jpg?resize=120%2C150&ssl=1 120w\" sizes=\"(max-width: 240px) 100vw, 240px\" \/><figcaption id=\"caption-attachment-8825\" class=\"wp-caption-text\">Photo: Am\u00e9rica\u2019s Voice<br \/>Maribel Hastings<\/figcaption><\/figure>\n<p>Ese es un\u00a0hecho del que se habla poco, como si la historia texana quisiera barrerlo debajo de la alfombra de la historia estadounidense.<\/p>\n<p>Muy pronto, las autoridades catalogaron la masacre de El Paso como un acto de terrorismo dom\u00e9stico. El c\u00f3mo adquiri\u00f3 esa potente arma con la que perpetr\u00f3 la matanza es tambi\u00e9n un tema que ha convertido a Estados Unidos en una naci\u00f3n donde el odio racial siempre est\u00e1 literalmente con el dedo en el gatillo.<\/p>\n<p>Trump y sus c\u00f3mplices republicanos acudieron a Twitter a ofrecer huecas \u201ccondolencias\u201d, algo que dar\u00eda risa si lo que nos ocupa no fuera tan tr\u00e1gico. Su hipocres\u00eda no conoce l\u00edmites, pero la ret\u00f3rica de odio y divisionista ha quedado como marca registrada del trumpismo republicano que los definir\u00e1 para siempre.<\/p>\n<p>\u201cInvasi\u00f3n\u201d es uno de los t\u00e9rminos favoritos de Trump cuando habla de inmigraci\u00f3n. Para \u00e9l, los inmigrantes son \u201ccriminales\u201d, \u201cvioladores\u201d; las minor\u00edas de color \u201cdeben regresar a los lugares de donde vinieron\u201d, como dijo sobre cuatro congresistas dem\u00f3cratas ciudadanas de Estados Unidos, tres de ellas nacidas en este pa\u00eds; ha buscado por todos los medios impedir que centroamericanos que huyen de la violencia puedan solicitar asilo en Estados Unidos. Tambi\u00e9n ha separado familias inmigrantes y enjaulado a ni\u00f1os morenos en condiciones infrahumanas. Pero no se limita a los inmigrantes o a los hispanos. Las ciudades de mayor\u00eda afroamericana, como Baltimore, Maryland, son lugares que en su opini\u00f3n son \u201casquerosos\u201d o \u201cinfestados de ratas y roedores\u201d.<\/p>\n<p>Es todo un c\u00famulo de expresiones de odio similares a las que usan los nacionalistas blancos y que uno le\u00eda en los libros sobre el racismo y la discriminaci\u00f3n que plagaban a este pa\u00eds en etapas anteriores, mismas que se cre\u00edan superadas ante la idea de que esta naci\u00f3n se hab\u00eda venido adaptando a la evoluci\u00f3n hist\u00f3rica del multiculturalismo y la tolerancia.<\/p>\n<p>A lo largo del domingo los c\u00f3mplices de Trump lo defendieron declarando que es injusto argumentar que la ret\u00f3rica del presidente provoque actos de violencia porque se trata de individuos con padecimientos mentales. El propio Trump lo achac\u00f3 a \u201cenfermedades mentales\u201d. Claro, es esa siempre la primera excusa cuando se trata de un atacante blanco, no as\u00ed cuando el color de piel o la religi\u00f3n son distintos y entonces s\u00ed todo el peso de la condena\u00a0\u2014pol\u00edtica, social y legal\u2014\u00a0se deja caer de manera contundente contra quien haya osado emular la \u201cley del Oeste\u201d, que define igualmente la etapa de expansi\u00f3n y de barbarie de este pa\u00eds.<\/p>\n<p>Pero el racismo y la defensa de la supremac\u00eda blanca no son enfermedades mentales. Son lo que defienden muchos de los seguidores de Trump, que lo aplauden a rabiar cade vez que un estribillo presidencial con el que ataca a alguien es vociferado en m\u00edtines de campa\u00f1a para seguir manteniendo el respaldo del racismo y la xenofobia.<\/p>\n<p>Por ello, a estas alturas del juego no esperamos que Trump enfrente de manera inequ\u00edvoca a ese sector racista que lo apoya. Es un segmento de su base que \u00e9l no quiere perder. De hecho, es el grupo de seguidores que vio con horror la elecci\u00f3n del primer presidente afroamericano en la historia de Estados Unidos, Barack Obama. El sector que durante los ocho a\u00f1os de la presidencia de Obama fue intensificando su prejuicio cual olla de presi\u00f3n a punto de explotar.\u00a0\u00a0Y de momento hace su entrada Trump, a quien convierten en su esperado \u201cMes\u00edas\u201d.<\/p>\n<p>La semana pasada un grupo de colegas de America\u2019s Voice visitamos\u00a0The Legacy Museum en Montgomery, Alabama, que pasa revista por la historia de la esclavitud y el racismo en este pa\u00eds. Ante fotos y narraciones sobre la trata de esclavos, linchamientos, segregaci\u00f3n, abusos e injusticias, uno quisiera pensar que este pa\u00eds haya aprendido de su historia para no repetirla.<\/p>\n<p>Pero la realidad nos ense\u00f1a lo contrario. El objetivo de los ataques se ha ampliado. Los m\u00e9todos han cambiado, pero el prejuicio y el odio racial persisten. \u00bfDe qu\u00e9 ha servido, entonces, esa dolorosa experiencia hist\u00f3rica a una naci\u00f3n que ve ahora c\u00f3mo se va al traste todo lo que supuestamente se hab\u00eda aprendido?<\/p>\n<p>Lo m\u00e1s terrible es que tenemos un presidente que explota ese prejuicio con su ret\u00f3rica incendiaria y racista, y que no dejar\u00e1 de utilizar aun con esta tragedia en El Paso y las que ocurran en alg\u00fan otro lugar del pa\u00eds. De cara a la elecci\u00f3n de 2020 es de anticiparse que esa ret\u00f3rica precisamente se intensifique, buscando fines politico-electorales.<\/p>\n<p>Por eso es urgente que la ret\u00f3rica de Trump no siga \u201cnormaliz\u00e1ndose\u201d.\u00a0\u00a0Es urgente tambi\u00e9n no perder la sensibilidad ante la violencia que ese odio racial genera.<\/p>\n<p>\u00a0<\/p>\n<p>Maribel Hastings es Asesora Ejecutiva de Am\u00e9rica\u2019s Voice. David Torres es Asesor en Espa\u00f1ol de Am\u00e9rica\u2019s Voice. Publicado originalmente en <a href=\"https:\/\/americasvoice.org\/analisis\/el-odio-racial-con-el-dedo-en-el-gatillo\/\">America\u2019s Voice. <\/a><\/p>\n<p>\u00a0<\/p>\n<p><strong>Leer M\u00e1s Comentarios: <\/strong><a href=\"http:\/\/www.ELSEMANARIO.US\"><strong>WWW.ELSEMANARIO.US<\/strong><\/a><\/p>\n<p><strong>\u00a0<\/strong><\/p>\n<p>\u00a0<\/p>\n","protected":false},"excerpt":{"rendered":"<p>Maribel Hastings y David Torres \u00a0 El racismo y el prejuicio incitan a la violencia. Ese es un hecho a partir del que este pa\u00eds puede dictar c\u00e1tedra con base&#8230;<\/p>\n","protected":false},"author":403,"featured_media":8823,"comment_status":"open","ping_status":"open","sticky":false,"template":"","format":"standard","meta":{"give_campaign_id":0,"_jetpack_memberships_contains_paid_content":false,"footnotes":""},"categories":[72],"tags":[],"class_list":["post-8826","post","type-post","status-publish","format-standard","has-post-thumbnail","hentry","category-comentario"],"jetpack_featured_media_url":"https:\/\/i0.wp.com\/www.elsemanarioonline.com\/wp-content\/uploads\/2019\/08\/CO-1-Commentary-E-Hastings-Torres-2pic-David-Torres.jpg?fit=298%2C225&ssl=1","jetpack-related-posts":[],"jetpack_sharing_enabled":true,"_links":{"self":[{"href":"https:\/\/www.elsemanarioonline.com\/es\/wp-json\/wp\/v2\/posts\/8826","targetHints":{"allow":["GET"]}}],"collection":[{"href":"https:\/\/www.elsemanarioonline.com\/es\/wp-json\/wp\/v2\/posts"}],"about":[{"href":"https:\/\/www.elsemanarioonline.com\/es\/wp-json\/wp\/v2\/types\/post"}],"author":[{"embeddable":true,"href":"https:\/\/www.elsemanarioonline.com\/es\/wp-json\/wp\/v2\/users\/403"}],"replies":[{"embeddable":true,"href":"https:\/\/www.elsemanarioonline.com\/es\/wp-json\/wp\/v2\/comments?post=8826"}],"version-history":[{"count":0,"href":"https:\/\/www.elsemanarioonline.com\/es\/wp-json\/wp\/v2\/posts\/8826\/revisions"}],"wp:featuredmedia":[{"embeddable":true,"href":"https:\/\/www.elsemanarioonline.com\/es\/wp-json\/wp\/v2\/media\/8823"}],"wp:attachment":[{"href":"https:\/\/www.elsemanarioonline.com\/es\/wp-json\/wp\/v2\/media?parent=8826"}],"wp:term":[{"taxonomy":"category","embeddable":true,"href":"https:\/\/www.elsemanarioonline.com\/es\/wp-json\/wp\/v2\/categories?post=8826"},{"taxonomy":"post_tag","embeddable":true,"href":"https:\/\/www.elsemanarioonline.com\/es\/wp-json\/wp\/v2\/tags?post=8826"}],"curies":[{"name":"wp","href":"https:\/\/api.w.org\/{rel}","templated":true}]}}