{"id":8257,"date":"2019-06-06T00:17:41","date_gmt":"2019-06-06T00:17:41","guid":{"rendered":"http:\/\/elsemanarioonl.wpengine.com\/?p=8257"},"modified":"2019-06-06T00:17:41","modified_gmt":"2019-06-06T00:17:41","slug":"las-mamas-y-los-bebes-latinos-en-el-centro-del-conteo-exacto-del-censo","status":"publish","type":"post","link":"https:\/\/www.elsemanarioonline.com\/es\/las-mamas-y-los-bebes-latinos-en-el-centro-del-conteo-exacto-del-censo\/","title":{"rendered":"Las Mam\u00e1s y los Beb\u00e9s Latinos en el Centro del Conteo Exacto del Censo"},"content":{"rendered":"<p><!-- VideographyWP Plugin Message: Automatic video embedding prevented by plugin options. --><br \/>\n<strong>por Pilar Marrero<\/strong><\/p>\n<p>\u00a0<\/p>\n<p>Eugenia G., de 18 a\u00f1os, vive con su mam\u00e1, su hermano y su t\u00eda en un apartamento de dos habitaciones en Cypress Park, a pocas millas del centro de Los \u00c1ngeles. Su hijo Oliver tiene un a\u00f1o de edad y aunque la joven no sigui\u00f3 estudiando al quedar embarazada en la escuela secundaria, ella aspira a que su peque\u00f1o si pueda hacerlo.<\/p>\n<p>\u00abYo tuve que dejar pero espero que ese sacrificio sea algo bueno para mi hijo\u00bb, explica.<\/p>\n<p>La idea de llenar un cuestionario del Censo la pone nerviosa, pero el otro d\u00eda vio en las noticias que una organizaci\u00f3n local de ayuda a los inmigrantes ped\u00eda confianza y participaci\u00f3n.<\/p>\n<p>\u00abHonestamente no s\u00e9 bien de qu\u00e9 se trata\u00bb, dijo Eugenia, quien no quiso que se revelara su apellido o posar para fotos. \u00abPero si me dicen que se trata de que mi hijo pueda tener una buena escuela en el futuro, estoy de acuerdo\u00bb.<\/p>\n<p>Eugenia y Oliver representan a una poblaci\u00f3n que necesita de apoyo: atenci\u00f3n m\u00e9dica para ambos (Medical), SNAP (antes estampillas de alimentos), programas pre escolares de Head Start y educaci\u00f3n b\u00e1sica y secundaria cuando el ni\u00f1o vaya creciendo y le toque ir a la escuela.<\/p>\n<blockquote><p>\u00abHonestamente no s\u00e9 bien de qu\u00e9 se trata. Pero si me dicen que se trata de que mi hijo pueda tener una buena escuela en el futuro, estoy de acuerdo\u00bb.<br \/>\nEugenia<\/p><\/blockquote>\n<p>Tambi\u00e9n, sin embargo, est\u00e1n entre las familias que m\u00e1s riesgo corren de ser pasadas por alto en el Censo 2020: el ejercicio decenal seg\u00fan el cual el gobierno de Estados Unidos cuenta a cada persona que vive dentro del pa\u00eds. De ese c\u00e1lculo dependen los fondos federales para servicios como los que ellos tanto necesitan.<\/p>\n<p>En el \u00faltimo Censo, ocurrido en 2010, muchos ni\u00f1os como Oliver (menores de 5 a\u00f1os) fueron pasados por alto. En total, se estima que unos 2 millones de los ni\u00f1os m\u00e1s peque\u00f1os, no entraron en el conteo federal. Se trata de la edad \u00abm\u00e1s dif\u00edcil de contar\u00bb.<\/p>\n<p><img data-recalc-dims=\"1\" fetchpriority=\"high\" decoding=\"async\" class=\"wp-image-8256 size-full aligncenter\" src=\"https:\/\/i0.wp.com\/elsemanarioonl.wpengine.com\/wp-content\/uploads\/2019\/06\/Print-Publication-190606-rev0102.jpg?resize=640%2C813\" alt=\"\" width=\"640\" height=\"813\" srcset=\"https:\/\/i0.wp.com\/www.elsemanarioonline.com\/wp-content\/uploads\/2019\/06\/Print-Publication-190606-rev0102.jpg?w=737&ssl=1 737w, https:\/\/i0.wp.com\/www.elsemanarioonline.com\/wp-content\/uploads\/2019\/06\/Print-Publication-190606-rev0102.jpg?resize=600%2C762&ssl=1 600w, https:\/\/i0.wp.com\/www.elsemanarioonline.com\/wp-content\/uploads\/2019\/06\/Print-Publication-190606-rev0102.jpg?resize=118%2C150&ssl=1 118w, https:\/\/i0.wp.com\/www.elsemanarioonline.com\/wp-content\/uploads\/2019\/06\/Print-Publication-190606-rev0102.jpg?resize=236%2C300&ssl=1 236w\" sizes=\"(max-width: 640px) 100vw, 640px\" \/>De acuerdo a un estimado de la Asociaci\u00f3n de Funcionarios Latinos Electos NALEO, un 36% de los ni\u00f1os pasados por alto en el Censo son latinos a pesar de que estos son solamente un 26% de la poblaci\u00f3n. La mayor\u00eda vive en los condados m\u00e1s populosos del pa\u00eds, especialmente en California. S\u00f3lo en el condado de Los \u00c1ngeles, 47,000 ni\u00f1os peque\u00f1os no fueron contados.<\/p>\n<p>\u00bfPor qu\u00e9?\u00a0 Las razones son diversas.<\/p>\n<p>\u00abUna estructura familiar compleja donde hay varias familias en un mismo hogar y donde algunos miembros viven en la casa de otros es un factor importante\u00bb, explic\u00f3 el profesor Edward Flores, soci\u00f3logo de la Universidad de California en Merced.<\/p>\n<p>No es tan dif\u00edcil para algunas familias equivocarse cuando llenan el formulario del Censo y dejar por fuera a algunos de sus miembros, agrega.<\/p>\n<p>\u00abCuando yo era reci\u00e9n casado, viv\u00ed en casa de mis padres junto con mi esposa, antes de tener a mis gemelos. Era f\u00e1cil imaginar que mis padres no nos incluyeran en el Censo porque no era nuestra casa\u00bb, explica el catedr\u00e1tico.<\/p>\n<p>Los estudios del Censo indican que \u00abhay confusi\u00f3n\u00bb a la hora de llenar el Censo. \u00abLa gente no sabe que tiene que contar a cada persona en su casa\u00bb.<\/p>\n<p>La particular vulnerabilidad de los ni\u00f1os peque\u00f1os a ser ignorados en los formularios a menudo tiene que ver con la juventud de sus padres, agrega Flores.<\/p>\n<p>\u00abNada hace que un ni\u00f1o de 4 a\u00f1os sea m\u00e1s dif\u00edcil de contar que uno de seis, pero cuando se trata de esas edades, los m\u00e1s j\u00f3venes tienden a tener padres j\u00f3venes, que no est\u00e1n tan estables como lo estar\u00edan cuando son mayores\u00bb, puntualiz\u00f3.<\/p>\n<p>La confusi\u00f3n tambi\u00e9n tiene que ver con vivir en hogares con m\u00faltiples generaciones, parejas no casadas, personas que no son familia o parientes lejanos. Los ni\u00f1os latinos, afroamericanos y nativo americanos tienden m\u00e1s a tener este tipo de hogar que los ni\u00f1os blancos. En California, la crisis de vivienda complica las cosas.<\/p>\n<p>Falta un a\u00f1o para el Censo pero en California, y en Los \u00c1ngeles en particular, ya est\u00e1 sonando la alarma ante la amenaza de un subconteo infantil que este a\u00f1o al parecer, podr\u00eda ser particularmente grave debido a la desconfianza hacia el gobierno federal. El condado de Los \u00c1ngeles ya est\u00e1 considerado como el \u00abm\u00e1s dif\u00edcil de contar\u00bb de todo el pa\u00eds, y lo mismo ocurre con la ciudad de Los \u00c1ngeles.<\/p>\n<p>Mar\u00eda Garc\u00eda es la directora del Censo 2020 para el alcalde de Los \u00c1ngeles Eric Garcetti. En una entrevista, explic\u00f3 que tanto la ciudad como el condado, los distritos escolares y alrededor de 400 organizaciones comunitarias est\u00e1n involucradas en el planeamiento para contar a la mayor cantidad de personas posibles.<\/p>\n<p>\u00abUna de las primeras cosas que hicimos es actualizar las direcciones que ten\u00eda el Bur\u00f3 del Censo con una base de dato de 400,000 direcciones que ellos no ten\u00edan\u00bb, dijo Garc\u00eda. \u00abEn Los \u00c1ngeles tenemos lugares de vivienda muy \u00fanicos que a menudo no son f\u00e1ciles de identificar\u00bb.<\/p>\n<p>El Bur\u00f3 del Censo tiene diversos comit\u00e9s para la implementaci\u00f3n en 2020 y hay un comit\u00e9 espec\u00edfico para el conteo de ni\u00f1os peque\u00f1os.\u00a0 Garc\u00eda indic\u00f3 que \u00abuna de las cosas que ya aprobaron es que van a incluir m\u00e1s lenguaje en el cuestionario para informar que hay que incluir a beb\u00e9s y ni\u00f1os\u00bb.<\/p>\n<p>El tema es tan crucial que ya se est\u00e1n dise\u00f1ando algunas campa\u00f1as espec\u00edficas para contar a ni\u00f1os. La Asociaci\u00f3n Nacional de Funcionarios Latinos (NALEO) lanz\u00f3 \u00abHAZME CONTAR\u00bb este 30 de Abril, d\u00eda del Ni\u00f1o, y su enfoque es espec\u00edficamente en contar a los ni\u00f1os latinos de 0 a 5 a\u00f1os.<\/p>\n<p>\u00abEstamos desarrollando muchos recursos informativos para los padres como postales, plumas. Vamos a hacer gr\u00e1ficas para las escuelas, para hablar sobre los tipos de familias que existen: \u00abyo vivo con mi abuelita\u00bb, \u00abyo vivo con mi mam\u00e1 y su amiga\u00bb, explic\u00f3 Escobedo.<\/p>\n<p>Aparte de la desinformaci\u00f3n, esta vez el miedo ser\u00e1 un grave problema. Estudios piloto del Censo hallaron mucho temor en la comunidad inmigrante respecto a la idea de dar cierta informaci\u00f3n personal en un cuestionario del gobierno, y particularmente si se hace la pregunta de ciudadan\u00eda.<\/p>\n<p>\u00abCon todo esto del nuevo gobierno, la gente est\u00e1 muy temerosa en dar informaci\u00f3n al gobierno\u00bb, reconoce Janet M\u00e9ndez, residente de Lincoln Heights y mam\u00e1 de cuatro hijos. Ella tampoco particip\u00f3 en el Censo de 2010, pero ahora que sus hijos son m\u00e1s grandes y ella cuenta con la protecci\u00f3n de DACA, piensa de otra manera.<\/p>\n<p>\u00abMe he estado informando y considero que tiene demasiada importancia por los recursos que van a la comunidad\u00bb, dijo M\u00e9ndez, quien antes vivi\u00f3 en la ciudad casi totalmente latina de Huntington Park. \u00abAll\u00e1 no recuerdo que nadie me tocara la puerta para decirme nada del Censo. Pero espero que el a\u00f1o que viene sea diferente\u00bb.<\/p>\n<p>\u00a0<\/p>\n<p>Pilar Marrero es periodista de <em>La Opini\u00f3n<\/em>, art\u00edculo reimpreso con permiso de \u00a0<a href=\"https:\/\/Ethnic%20Media%20Services.org\/\">Ethnic Media Services.<\/a><\/p>\n<p>\u00a0<\/p>\n<p><strong>Lea Mas Noticias de Portada en: <\/strong><a href=\"http:\/\/www.ELSEMANARIO.US\"><strong>ELSEMANARIO.US<\/strong><\/a><\/p>\n<p>\u00a0<\/p>\n<p>\u00a0<\/p>\n<p>\u00a0<\/p>\n","protected":false},"excerpt":{"rendered":"<p>por Pilar Marrero \u00a0 Eugenia G., de 18 a\u00f1os, vive con su mam\u00e1, su hermano y su t\u00eda en un apartamento de dos habitaciones en Cypress Park, a pocas millas&#8230;<\/p>\n","protected":false},"author":403,"featured_media":8258,"comment_status":"open","ping_status":"open","sticky":false,"template":"","format":"standard","meta":{"give_campaign_id":0,"_jetpack_memberships_contains_paid_content":false,"footnotes":""},"categories":[117,74],"tags":[],"class_list":["post-8257","post","type-post","status-publish","format-standard","has-post-thumbnail","hentry","category-censo-2020","category-noticia-de-portada"],"jetpack_featured_media_url":"https:\/\/i0.wp.com\/www.elsemanarioonline.com\/wp-content\/uploads\/2019\/06\/CO-Cover-S-Census-EMS-1pic.jpg?fit=600%2C399&ssl=1","jetpack-related-posts":[],"jetpack_sharing_enabled":true,"_links":{"self":[{"href":"https:\/\/www.elsemanarioonline.com\/es\/wp-json\/wp\/v2\/posts\/8257","targetHints":{"allow":["GET"]}}],"collection":[{"href":"https:\/\/www.elsemanarioonline.com\/es\/wp-json\/wp\/v2\/posts"}],"about":[{"href":"https:\/\/www.elsemanarioonline.com\/es\/wp-json\/wp\/v2\/types\/post"}],"author":[{"embeddable":true,"href":"https:\/\/www.elsemanarioonline.com\/es\/wp-json\/wp\/v2\/users\/403"}],"replies":[{"embeddable":true,"href":"https:\/\/www.elsemanarioonline.com\/es\/wp-json\/wp\/v2\/comments?post=8257"}],"version-history":[{"count":0,"href":"https:\/\/www.elsemanarioonline.com\/es\/wp-json\/wp\/v2\/posts\/8257\/revisions"}],"wp:featuredmedia":[{"embeddable":true,"href":"https:\/\/www.elsemanarioonline.com\/es\/wp-json\/wp\/v2\/media\/8258"}],"wp:attachment":[{"href":"https:\/\/www.elsemanarioonline.com\/es\/wp-json\/wp\/v2\/media?parent=8257"}],"wp:term":[{"taxonomy":"category","embeddable":true,"href":"https:\/\/www.elsemanarioonline.com\/es\/wp-json\/wp\/v2\/categories?post=8257"},{"taxonomy":"post_tag","embeddable":true,"href":"https:\/\/www.elsemanarioonline.com\/es\/wp-json\/wp\/v2\/tags?post=8257"}],"curies":[{"name":"wp","href":"https:\/\/api.w.org\/{rel}","templated":true}]}}