{"id":7668,"date":"2019-03-04T02:36:48","date_gmt":"2019-03-04T02:36:48","guid":{"rendered":"http:\/\/elsemanarioonl.wpengine.com\/?p=7668\/"},"modified":"2019-03-04T02:36:48","modified_gmt":"2019-03-04T02:36:48","slug":"mi-familia-necesita-urgentemente-una-opcion-publica","status":"publish","type":"post","link":"https:\/\/www.elsemanarioonline.com\/es\/mi-familia-necesita-urgentemente-una-opcion-publica\/","title":{"rendered":"Mi familia necesita urgentemente una opci\u00f3n p\u00fablica"},"content":{"rendered":"<p><!-- VideographyWP Plugin Message: Automatic video embedding prevented by plugin options. --><br \/>\n<span lang=\"ES\">Cuidar a un adulto mayor representa no solo un valor importante en la comunidad latina sino que tambi\u00e9n es la realidad que viven muchas personas, incluy\u00e9ndome. Como inmigrante, eso es exactamente lo que hago. Soy quien cuida de mi madre, un adulto mayor con discapacidad f\u00edsica. Al fallecer mi padre en Venezuela inici\u00e9 un largo proceso de varios a\u00f1os para traerme a mi mam\u00e1 a vivir conmigo en Colorado y ser yo, no una instituci\u00f3n, quien se hiciera cargo.<\/span><\/p>\n<p><span lang=\"ES\">\u00a0<\/span><\/p>\n<p><span lang=\"ES\">A los 33 a\u00f1os la recib\u00ed en el Aeropuerto Internacional de Denver y a partir de all\u00ed mi vida cambi\u00f3. Despu\u00e9s de todo mi madre vive con esclerosis m\u00faltiple avanzada, est\u00e1 en silla de ruedas y enfrenta complejas necesidades de salud. Todos los d\u00edas me hago cargo del aseo personal, le ayudo a vestirse y preparo sus alimentos. Estas rutinas carecen de d\u00edas libres o de enfermedad, es una labor sin descanso el garantizar la calidad de vida de una persona con acentuada discapacidad. Sin duda, es un necesario e intenso compromiso de vida.<\/span><\/p>\n<p><span lang=\"ES\">\u00a0<\/span><\/p>\n<p><span lang=\"ES\">A lo largo de nuestra trayectoria hubo un sin fin de tr\u00e1mites para obtener la residencia permanente. Finalmente lo logramos en el 2012. A partir de entonces cre\u00ed equivocadamente que muchas puertas se abrir\u00edan. Sin embargo, para mi sorpresa hubo m\u00e1s de un obst\u00e1culo. El primero de ellos fue descubrir que al no ser ni mi c\u00f3nyuge ni mi hija, mi madre no pod\u00eda anexarse a mi cobertura m\u00e9dica a pesar de ser mi dependiente.<\/span><\/p>\n<p><span lang=\"ES\">\u00a0<\/span><\/p>\n<p><span lang=\"ES\">Despu\u00e9s supe que existe una prohibici\u00f3n espec\u00edfica para inmigrantes elegibles de cobertura m\u00e9dica estatal a trav\u00e9s del programa de Medicaid. Se les exige a los residentes permanentes acumular cinco a\u00f1os consecutivos de residencia antes de optar por este plan de salud. Mi madre, quien carece de ingresos, pensi\u00f3n, herencia o patrimonio, completamente califica para la cobertura p\u00fablica. Sin embargo, hemos tenido que esperar pacientemente durante cinco a\u00f1os y entre tanto, un plan de seguro m\u00e9dico privado sigue fuera del alcance de mi bolsillo.<\/span><\/p>\n<p><span lang=\"ES\">\u00a0<\/span><\/p>\n<p><span lang=\"ES\">Por donde le busque, me topo con la misma limitante: un plan de seguro m\u00e9dico privado resulta incomprable. Ir\u00f3nicamente, las mismas condiciones socioecon\u00f3micas me impiden acceder a recursos comunitarios disponibles en organizaciones sin fines de lucro. En otras palabras, no somos lo suficientemente pobres para calificar para ayuda comunitaria y no gano lo suficiente para adquirir un plan privado. Entre tanto, mi madre sigue sin cobertura m\u00e9dica.<\/span><\/p>\n<p><span lang=\"ES\">\u00a0<\/span><\/p>\n<p><span lang=\"ES\">Estando al cuidado de un adulto mayor de 70 a\u00f1os quien enfrenta un cuadro m\u00e9dico complejo me resulta una bomba de tiempo. Solo nos queda esperar que la salud de mi madre se mantenga estable y que ninguna emergencia m\u00e9dica nos obligue a caer en alguna astron\u00f3mica deuda o peor a\u00fan nos conlleve a un callej\u00f3n sin salida por no poder acceder al cuidado necesario.<\/span><\/p>\n<p><span lang=\"ES\">\u00a0<\/span><\/p>\n<p><span lang=\"ES\">La posibilidad de acceder a cobertura m\u00e9dica de calidad en Colorado ser\u00eda un sue\u00f1o hecho realidad para casos como el m\u00edo. De establecerse una opini\u00f3n p\u00fablica en \u00e9ste estado, personas como Do\u00f1a Teo podr\u00edan acceder al cuidado de salud a un precio razonable. Como consumidor y alguien que cuida de un adulto mayor, anhelo enormemente la oportunidad de adquirir cobertura para mi madre. El proyecto de ley de la c\u00e1mara de representantes HB19-1004 busca crear esta opci\u00f3n para todos en Colorado y es una medida necesaria para las familias que de otro modo permanecen sin opci\u00f3n a la salud.<\/span><\/p>\n<p><span lang=\"ES\">\u00a0<\/span><\/p>\n<p><i><span lang=\"ES\">Victoria G\u00f3mez Betancourt es directora de desarrollo para la organizaci\u00f3n\u00a0<\/span><\/i><a href=\"https:\/\/www.colorlatina.org\/\" target=\"_blank\" rel=\"nofollow noopener\"><i><span lang=\"ES\">Colorado Organization for Latina Opportunity and Reproductive Rights (COLOR)<\/span><\/i><\/a><i><span lang=\"ES\">\u00a0en Denver.<\/span><\/i><\/p>\n","protected":false},"excerpt":{"rendered":"<p>Cuidar a un adulto mayor representa no solo un valor importante en la comunidad latina sino que tambi\u00e9n es la realidad que viven muchas personas, incluy\u00e9ndome. Como inmigrante, eso es&#8230;<\/p>\n","protected":false},"author":403,"featured_media":1817,"comment_status":"open","ping_status":"open","sticky":false,"template":"","format":"standard","meta":{"give_campaign_id":0,"_jetpack_memberships_contains_paid_content":false,"footnotes":""},"categories":[72],"tags":[],"class_list":["post-7668","post","type-post","status-publish","format-standard","has-post-thumbnail","hentry","category-comentario"],"jetpack_featured_media_url":"https:\/\/i0.wp.com\/www.elsemanarioonline.com\/wp-content\/uploads\/2016\/11\/default.jpg?fit=1280%2C800&ssl=1","jetpack-related-posts":[],"jetpack_sharing_enabled":true,"_links":{"self":[{"href":"https:\/\/www.elsemanarioonline.com\/es\/wp-json\/wp\/v2\/posts\/7668","targetHints":{"allow":["GET"]}}],"collection":[{"href":"https:\/\/www.elsemanarioonline.com\/es\/wp-json\/wp\/v2\/posts"}],"about":[{"href":"https:\/\/www.elsemanarioonline.com\/es\/wp-json\/wp\/v2\/types\/post"}],"author":[{"embeddable":true,"href":"https:\/\/www.elsemanarioonline.com\/es\/wp-json\/wp\/v2\/users\/403"}],"replies":[{"embeddable":true,"href":"https:\/\/www.elsemanarioonline.com\/es\/wp-json\/wp\/v2\/comments?post=7668"}],"version-history":[{"count":0,"href":"https:\/\/www.elsemanarioonline.com\/es\/wp-json\/wp\/v2\/posts\/7668\/revisions"}],"wp:featuredmedia":[{"embeddable":true,"href":"https:\/\/www.elsemanarioonline.com\/es\/wp-json\/wp\/v2\/media\/1817"}],"wp:attachment":[{"href":"https:\/\/www.elsemanarioonline.com\/es\/wp-json\/wp\/v2\/media?parent=7668"}],"wp:term":[{"taxonomy":"category","embeddable":true,"href":"https:\/\/www.elsemanarioonline.com\/es\/wp-json\/wp\/v2\/categories?post=7668"},{"taxonomy":"post_tag","embeddable":true,"href":"https:\/\/www.elsemanarioonline.com\/es\/wp-json\/wp\/v2\/tags?post=7668"}],"curies":[{"name":"wp","href":"https:\/\/api.w.org\/{rel}","templated":true}]}}