{"id":7661,"date":"2019-02-28T04:51:36","date_gmt":"2019-02-28T04:51:36","guid":{"rendered":"http:\/\/elsemanarioonl.wpengine.com\/?p=7661\/"},"modified":"2019-02-28T04:51:36","modified_gmt":"2019-02-28T04:51:36","slug":"resultados-comprobados-candi-cdebaca-para-el-distrito-9-de-denver","status":"publish","type":"post","link":"https:\/\/www.elsemanarioonline.com\/es\/resultados-comprobados-candi-cdebaca-para-el-distrito-9-de-denver\/","title":{"rendered":"Resultados Comprobados: Candi CdeBaca para el Distrito 9 de Denver"},"content":{"rendered":"<p><!-- VideographyWP Plugin Message: Automatic video embedding prevented by plugin options. --><br \/>\n<strong>Chris M. Fr\u00e9squez<\/strong><\/p>\n<p>\u00a0<\/p>\n<p>El impulso pol\u00edtico en las elecciones municipales de Denver ha atra\u00eddo a algunos candidatos muy destacados que esperan renovar el curso pol\u00edtico de la ciudad en la creaci\u00f3n de un lugar de oportunidades abiertas e iguales para todos los residentes de Denver.<\/p>\n<p>Una hija nativa del noreste de Denver, Candi CdeBaca ha tomado el centro de atenci\u00f3n como una candidata viable en la carrera por el Distrito 9 del Consejo de la Ciudad de Denver.<\/p>\n<p>\u00abHe estado luchando por la gente del Distrito 9 toda mi vida\u00bb, dice Candi.<\/p>\n<p>La notable presencia de Candi en nuestra comunidad es profunda. Ella tiene conocimiento de primera mano y experiencia en el \u00e1rea que quiere servir; creciendo en un hogar criado por su bisabuela, sus abuelos y su madre en el vecindario de Swansea. Junto con su propia autodeterminaci\u00f3n y su incre\u00edble empuje, su familia generacional son ejemplos brillantes de humildad.<\/p>\n<p>Tambi\u00e9n marc\u00f3 el rumbo para su futuro como la primera de su familia en graduarse de la escuela secundaria como Valedictorian de <em>Manual High School<\/em> y presidenta del cuerpo estudiantil. Se le otorg\u00f3 una beca del Fondo Daniels y se convirti\u00f3 en la primera y m\u00e1s joven graduada con doble t\u00edtulo de la Universidad de Denver; mientras trabajaba en m\u00faltiples trabajos en el <em>Women\u2019s College<\/em>, el <em>Center for Multicultural Excellence<\/em>, el <em>Denver Center for Trauma and Resilience<\/em>, y la <em>National Conference of State Legislatures<\/em>.<\/p>\n<p>En 2006, co-fund\u00f3 una organizaci\u00f3n sin fines de lucro llamada Proyecto VOYCE en su comunidad, la cual fue creada debido al cierre temporal de la Escuela Secundaria Manual. El auspicio del Proyecto fue crear inclusividad entre los estudiantes y convertirse en defensores de su comunidad.<\/p>\n<p>Al darse cuenta de su potencial para adquirir experiencia fuera de Colorado, Candi se traslad\u00f3 a Washington, DC en 2009 y comenz\u00f3 a trabajar como pasante y becaria de Nuevos L\u00edderes en el Centro de Liderazgo Progresivo. Una beca de cuatro meses llev\u00f3 a una oportunidad de seis a\u00f1os de ser parte de la historia bajo el liderazgo del presidente Barack Obama. Tambi\u00e9n trabaj\u00f3 en Excelencia en Educaci\u00f3n, una organizaci\u00f3n nacional de pol\u00edtica educativa, en las Escuelas P\u00fablicas del Distrito de Columbia y en la Fundaci\u00f3n C\u00e9sar Ch\u00e1vez.<\/p>\n<p>A trav\u00e9s de su vasta experiencia, Candi ha perfeccionado sus habilidades como l\u00edder de elocuencia y diplomacia. \u00abEstos roles me dieron la oportunidad de profundizar mis habilidades pol\u00edticas y equilibrarlas con la acci\u00f3n. Me convert\u00ed en un experto en desarrollo de pol\u00edticas, an\u00e1lisis de pol\u00edticas, investigaci\u00f3n, cumplimiento de pol\u00edticas federales y organizaci\u00f3n comunitaria. En DC, aprend\u00ed a utilizar las pol\u00edticas para proteger a los m\u00e1s vulnerables, al tiempo que fomentaba la innovaci\u00f3n y el crecimiento\u00bb, explica.<\/p>\n<p>La responsabilidad la llev\u00f3 a regresar a su hogar en 2014, para cuidar a su abuela en un hospicio. Candi comenz\u00f3 a organizar esfuerzos en Swansea y, en particular, a denunciar y defender a los que han sido desplazados y cuyas vidas se han visto perturbadas para siempre por el proyecto I-70.<\/p>\n<p>\u00abMe di cuenta de que Denver ten\u00eda una gran necesidad de l\u00edderes con profundos conocimientos y experiencia en pol\u00edticas, combinados con un amor por la comunidad\u00bb, afirma. \u00abComenc\u00e9 a colaborar con nuestros representantes actuales en los temas que nos afectan a todos, incluyendo la vivienda, el medio ambiente y el transporte\u00bb.<\/p>\n<p>Tambi\u00e9n soy nativa de Denver y crec\u00ed en los vecindarios de Swansea, Globeville y Five Points. Para m\u00ed, esta \u00e1rea siempre ser\u00e1 mi fundamento.<\/p>\n<p>Es hora de que un movimiento poderoso haga cambios radicales en uno de los distritos m\u00e1s descuidados de Denver.<\/p>\n<p>Los residentes de Denver merecen una ciudad bien administrada y manejada responsablemente, y sentimos que Candi CdeBaca ser\u00e1 un activo valioso para Denver como representante del Concejo Municipal en el Distrito 9, quien ser\u00e1 la voz de su comunidad que ha sido ignorada por d\u00e9cadas.<\/p>\n<p><em>The Weekly Issue\/El Semanario<\/em> anuncia nuestro apoyo pol\u00edtico a Candi CdeBaca para el Consejo de la Ciudad de Denver en el Distrito 9.<\/p>\n<p>Esta es nuestra segunda entrega de endosos para la Elecci\u00f3n General Municipal 2019 de Denver. La elecci\u00f3n municipal de Denver es el 7 de mayo.<\/p>\n<p>\u00a0<\/p>\n<p><strong>Leer m\u00e1s comentarios: <a href=\"http:\/\/www.ELSEMANARIOCOLORADO.COM\">ELSEMANARIOCOLORADO.COM<\/a><\/strong><\/p>\n<p><strong>\u00a0<\/strong><\/p>\n","protected":false},"excerpt":{"rendered":"<p>Chris M. Fr\u00e9squez \u00a0 El impulso pol\u00edtico en las elecciones municipales de Denver ha atra\u00eddo a algunos candidatos muy destacados que esperan renovar el curso pol\u00edtico de la ciudad en&#8230;<\/p>\n","protected":false},"author":403,"featured_media":7662,"comment_status":"open","ping_status":"open","sticky":false,"template":"","format":"standard","meta":{"give_campaign_id":0,"_jetpack_memberships_contains_paid_content":false,"footnotes":""},"categories":[72],"tags":[],"class_list":["post-7661","post","type-post","status-publish","format-standard","has-post-thumbnail","hentry","category-comentario"],"jetpack_featured_media_url":"https:\/\/i0.wp.com\/www.elsemanarioonline.com\/wp-content\/uploads\/2019\/02\/CO-1-Commentary-Publishers-Note-S-CdeBaca-1pic.jpg?fit=1200%2C800&ssl=1","jetpack-related-posts":[],"jetpack_sharing_enabled":true,"_links":{"self":[{"href":"https:\/\/www.elsemanarioonline.com\/es\/wp-json\/wp\/v2\/posts\/7661","targetHints":{"allow":["GET"]}}],"collection":[{"href":"https:\/\/www.elsemanarioonline.com\/es\/wp-json\/wp\/v2\/posts"}],"about":[{"href":"https:\/\/www.elsemanarioonline.com\/es\/wp-json\/wp\/v2\/types\/post"}],"author":[{"embeddable":true,"href":"https:\/\/www.elsemanarioonline.com\/es\/wp-json\/wp\/v2\/users\/403"}],"replies":[{"embeddable":true,"href":"https:\/\/www.elsemanarioonline.com\/es\/wp-json\/wp\/v2\/comments?post=7661"}],"version-history":[{"count":0,"href":"https:\/\/www.elsemanarioonline.com\/es\/wp-json\/wp\/v2\/posts\/7661\/revisions"}],"wp:featuredmedia":[{"embeddable":true,"href":"https:\/\/www.elsemanarioonline.com\/es\/wp-json\/wp\/v2\/media\/7662"}],"wp:attachment":[{"href":"https:\/\/www.elsemanarioonline.com\/es\/wp-json\/wp\/v2\/media?parent=7661"}],"wp:term":[{"taxonomy":"category","embeddable":true,"href":"https:\/\/www.elsemanarioonline.com\/es\/wp-json\/wp\/v2\/categories?post=7661"},{"taxonomy":"post_tag","embeddable":true,"href":"https:\/\/www.elsemanarioonline.com\/es\/wp-json\/wp\/v2\/tags?post=7661"}],"curies":[{"name":"wp","href":"https:\/\/api.w.org\/{rel}","templated":true}]}}