{"id":7481,"date":"2019-01-17T02:33:09","date_gmt":"2019-01-17T02:33:09","guid":{"rendered":"http:\/\/elsemanarioonl.wpengine.com\/?p=7481\/"},"modified":"2019-01-17T02:33:09","modified_gmt":"2019-01-17T02:33:09","slug":"manteniendo-mensaje-de-fe-en-la-humanidad-2","status":"publish","type":"post","link":"https:\/\/www.elsemanarioonline.com\/es\/manteniendo-mensaje-de-fe-en-la-humanidad-2\/","title":{"rendered":"Manteniendo Mensaje de Fe en la Humanidad"},"content":{"rendered":"<p><!-- VideographyWP Plugin Message: Automatic video embedding prevented by plugin options. --><br \/>\nDespu\u00e9s de d\u00e9cadas de pelear para homenajear a uno de los l\u00edderes m\u00e1s grandes de la naci\u00f3n, con el liderazgo de la comunidad afro-americano de Denver, la Ciudad conmemora la visi\u00f3n y el mensaje del Dr. King.<\/p>\n<p>Las festividades en honor del Dr. Martin Luther King Jr<strong>.<\/strong> se realizar\u00e1n el lunes, 21 de enero, comenzando a las 9 am. El desfile empieza en City Park, en la estatua al Dr. King. Comenzando de las 10:45am, el desfile comenzar\u00e1 y se dirigir\u00e1 al sudoeste del parque, a calle Esplanade y despu\u00e9s a la Avenida Colfax. Ir\u00e1 por Colfax hasta que llegue al Civic Center Park, en Broadway. Se invita a toda la comunidad para que participe en el desfile.<\/p>\n<p>Martin Luther King Jr. inspir\u00f3 el liderazgo espiritual de Mahatma Ghandi y se convenci\u00f3 que \u00abla\u00a0\u00a0 resistencia pac\u00edfica es el arma m\u00e1s poderosa de los oprimidos\u00bb.<\/p>\n<p>Siguiendo el ejemplo de Gandhi, King esperaba evitar la amargura y la brutalidad que seguir\u00edan inevitablemente a la lucha violenta contra la segregaci\u00f3n racial en Estados Unidos.<\/p>\n<p>Como Ghandi, King pag\u00f3 el precio m\u00e1s alto por su activismo pol\u00edtico pacifista. En abril de 1968, fue asesinado a tiros en el balc\u00f3n del hotel Lorraine en Memphis, Tennessee.<\/p>\n<p>King puede haber sido un \u00abhombre con amor\u00bb esperanzado y piadoso, pero ese no fue el motivo por el que lo asesinaron.\u00a0 Los enemigos de King tem\u00edan su \u00e9xito sorprendente \u2013 c\u00f3mo llegaba\u00a0 al alma de la gente con sus discursos fogosos y c\u00f3mo consegu\u00eda\u00a0 que las diferencias entre ellos parecieran carecer de\u00a0 sentido. El cambi\u00f3 la manera en que los blancos y la gente de color se percib\u00edan entre s\u00ed y desafi\u00f3\u00a0 a todos los norteamericanos para que lucharan por la igualdad.<\/p>\n<p>\u00abLe urg\u00ed a los estudiantes a que continuaran la lucha al\u00a0 nivel m\u00e1s alto de dignidad. Ellos hab\u00edan decidido acertadamente a seguir el camino del pacifismo. Nuestro objetivo final no era humillar o vencer a los blancos, sino lograr\u00a0 su amistad y su comprensi\u00f3n. Ten\u00edamos la obligaci\u00f3n moral de recordarles que la segregaci\u00f3n es mala. Nosotros march\u00e1bamos con el objetivo final de reconciliarnos con nuestros hermanos blancos\u00bb, King dijo una vez.<\/p>\n<p>\u00a0<\/p>\n<p><strong>Para Noticias de Colorado: <\/strong><a href=\"http:\/\/www.ELSEMANARIOCOLORADO.COM\"><strong>ELSEMANARIOCOLORADO.COM<\/strong><\/a><\/p>\n<p><strong>\u00a0<\/strong><\/p>\n<p>\u00a0<\/p>\n<p>\u00a0<\/p>\n","protected":false},"excerpt":{"rendered":"<p>Despu\u00e9s de d\u00e9cadas de pelear para homenajear a uno de los l\u00edderes m\u00e1s grandes de la naci\u00f3n, con el liderazgo de la comunidad afro-americano de Denver, la Ciudad conmemora la&#8230;<\/p>\n","protected":false},"author":403,"featured_media":7482,"comment_status":"open","ping_status":"open","sticky":false,"template":"","format":"standard","meta":{"give_campaign_id":0,"_jetpack_memberships_contains_paid_content":false,"footnotes":""},"categories":[71],"tags":[],"class_list":["post-7481","post","type-post","status-publish","format-standard","has-post-thumbnail","hentry","category-estado"],"jetpack_featured_media_url":"https:\/\/i0.wp.com\/www.elsemanarioonline.com\/wp-content\/uploads\/2019\/01\/CO-4-State-S-Colo-mlk-1pic.jpg?fit=576%2C617&ssl=1","jetpack-related-posts":[],"jetpack_sharing_enabled":true,"_links":{"self":[{"href":"https:\/\/www.elsemanarioonline.com\/es\/wp-json\/wp\/v2\/posts\/7481","targetHints":{"allow":["GET"]}}],"collection":[{"href":"https:\/\/www.elsemanarioonline.com\/es\/wp-json\/wp\/v2\/posts"}],"about":[{"href":"https:\/\/www.elsemanarioonline.com\/es\/wp-json\/wp\/v2\/types\/post"}],"author":[{"embeddable":true,"href":"https:\/\/www.elsemanarioonline.com\/es\/wp-json\/wp\/v2\/users\/403"}],"replies":[{"embeddable":true,"href":"https:\/\/www.elsemanarioonline.com\/es\/wp-json\/wp\/v2\/comments?post=7481"}],"version-history":[{"count":0,"href":"https:\/\/www.elsemanarioonline.com\/es\/wp-json\/wp\/v2\/posts\/7481\/revisions"}],"wp:featuredmedia":[{"embeddable":true,"href":"https:\/\/www.elsemanarioonline.com\/es\/wp-json\/wp\/v2\/media\/7482"}],"wp:attachment":[{"href":"https:\/\/www.elsemanarioonline.com\/es\/wp-json\/wp\/v2\/media?parent=7481"}],"wp:term":[{"taxonomy":"category","embeddable":true,"href":"https:\/\/www.elsemanarioonline.com\/es\/wp-json\/wp\/v2\/categories?post=7481"},{"taxonomy":"post_tag","embeddable":true,"href":"https:\/\/www.elsemanarioonline.com\/es\/wp-json\/wp\/v2\/tags?post=7481"}],"curies":[{"name":"wp","href":"https:\/\/api.w.org\/{rel}","templated":true}]}}