{"id":7433,"date":"2019-01-03T04:04:25","date_gmt":"2019-01-03T04:04:25","guid":{"rendered":"http:\/\/elsemanarioonl.wpengine.com\/?p=7433\/"},"modified":"2019-01-04T05:01:26","modified_gmt":"2019-01-04T05:01:26","slug":"dpp-organizara-su-exhibicion-de-centros-preescolares","status":"publish","type":"post","link":"https:\/\/www.elsemanarioonline.com\/es\/dpp-organizara-su-exhibicion-de-centros-preescolares\/","title":{"rendered":"DPP Organizar\u00e1 Su Exhibici\u00f3n de Centros Preescolares"},"content":{"rendered":"<p><!-- VideographyWP Plugin Message: Automatic video embedding prevented by plugin options. --><br \/>\nEl Programa Preescolar de Denver (DPP) ha anunciado que su s\u00e9ptima Exhibici\u00f3n Anual tendr\u00e1 lugar en el Norgren Hall del Zool\u00f3gico de Denver (2300 Steele St)\u00a0el s\u00e1bado 12 de enero de 2019, de 9 a 12 de la ma\u00f1ana. Este evento es parte de sus continuos esfuerzos para conseguir un mayor acceso a una educaci\u00f3n infantil de calidad en el \u00e1rea metropolitana de Denver.<\/p>\n<blockquote><p>\u201cLa visi\u00f3n de nuestro programa es que todos los ni\u00f1os en Denver que empiezan el kindergarten est\u00e9n listos para alcanzar su m\u00e1ximo potencial, y facilitar apoyo financiero a todas las familias con ni\u00f1os de cuatro a\u00f1os es clave en nuestra estrategia\u201d.<br \/>\nJennifer Landrum, DPP<\/p><\/blockquote>\n<p>La Exhibici\u00f3n de Centros Preescolares es la oportunidad ideal para que las familias de Denver conozcan al personal de los preescolares en su comunidad y aprovechen para preguntar y reunir la informaci\u00f3n que les ayude a elegir en qu\u00e9 escuela quieren matricular a sus hijos el pr\u00f3ximo oto\u00f1o. M\u00e1s de 50 centros preescolares estar\u00e1n presentes, incluyendo las Escuelas P\u00fablicas de Denver, escuelas comunitarias y guarder\u00edas en el hogar. Habr\u00e1 int\u00e9rpretes disponibles.<\/p>\n<p>\u00a0<\/p>\n<figure id=\"attachment_7434\" aria-describedby=\"caption-attachment-7434\" style=\"width: 500px\" class=\"wp-caption alignleft\"><img data-recalc-dims=\"1\" fetchpriority=\"high\" decoding=\"async\" class=\"wp-image-7434 size-full\" src=\"https:\/\/i0.wp.com\/elsemanarioonl.wpengine.com\/wp-content\/uploads\/2019\/01\/CO-1-State-S-Colo-DPP-1pic.jpg?resize=500%2C333\" alt=\"\" width=\"500\" height=\"333\" srcset=\"https:\/\/i0.wp.com\/www.elsemanarioonline.com\/wp-content\/uploads\/2019\/01\/CO-1-State-S-Colo-DPP-1pic.jpg?w=500&ssl=1 500w, https:\/\/i0.wp.com\/www.elsemanarioonline.com\/wp-content\/uploads\/2019\/01\/CO-1-State-S-Colo-DPP-1pic.jpg?resize=150%2C100&ssl=1 150w, https:\/\/i0.wp.com\/www.elsemanarioonline.com\/wp-content\/uploads\/2019\/01\/CO-1-State-S-Colo-DPP-1pic.jpg?resize=300%2C200&ssl=1 300w, https:\/\/i0.wp.com\/www.elsemanarioonline.com\/wp-content\/uploads\/2019\/01\/CO-1-State-S-Colo-DPP-1pic.jpg?resize=90%2C60&ssl=1 90w, https:\/\/i0.wp.com\/www.elsemanarioonline.com\/wp-content\/uploads\/2019\/01\/CO-1-State-S-Colo-DPP-1pic.jpg?resize=180%2C120&ssl=1 180w, https:\/\/i0.wp.com\/www.elsemanarioonline.com\/wp-content\/uploads\/2019\/01\/CO-1-State-S-Colo-DPP-1pic.jpg?resize=95%2C64&ssl=1 95w\" sizes=\"(max-width: 500px) 100vw, 500px\" \/><figcaption id=\"caption-attachment-7434\" class=\"wp-caption-text\">Evento gratuito para empezar la \u00e9poca de elecci\u00f3n de escuelas para el curso 2019-2020 ofrece apoyo profesional para las familias de ni\u00f1os de 4 a\u00f1os y recursos financieros para ayudar a encontrar el preescolar ideal.<\/figcaption><\/figure>\n<p>\u201cAl hablar con las familias y cuidadores de ni\u00f1os peque\u00f1os, en especial con los que est\u00e1n explorando sus opciones de preescolar por primera vez, identificamos la necesidad de un evento que ofreciese un apoyo personalizado\u201d dice Jennifer Landrum, presidenta y directora ejecutiva del Programa Preescolar de Denver. \u201cLa Exhibici\u00f3n Anual de Centros Preescolares re\u00fane magn\u00edficos recursos de apoyo y tambi\u00e9n muestra el compromiso de Denver en ayudar a sus vecinos m\u00e1s j\u00f3venes en la preparaci\u00f3n para el kindergarten.\u201d<\/p>\n<p>\u00a0<\/p>\n<p>La Exhibici\u00f3n Anual es tambi\u00e9n una gran oportunidad para que las\u00a0familias descubran c\u00f3mo registrarse para recibir apoyo financiero a trav\u00e9s del Programa Preescolar de Denver. A diferencia de otros programas asistenciales, todas las familias con un ni\u00f1o de 4 a\u00f1os inscrito en un programa de preescolar el a\u00f1o anterior a kindergarten pueden participar y beneficiarse de esta ayuda, sin importar los ingresos. El apoyo financiero se distribuye seg\u00fan una escala proporcional \u00a0basada en los ingresos de la familia, la valoraci\u00f3n de calidad del programa y las horas al d\u00eda que el ni\u00f1o est\u00e1 registrado \u2013 <em><a href=\"http:\/\/www.dpp.org\/es\">www.dpp.org\/es<\/a><\/em>.<\/p>\n<p>\u201cLa visi\u00f3n de nuestro programa es que todos los ni\u00f1os en Denver que empiezan el kindergarten est\u00e9n listos para alcanzar su m\u00e1ximo potencial, y facilitar apoyo financiero a todas las familias con ni\u00f1os de cuatro a\u00f1os es clave en nuestra estrategia\u201d, apunt\u00f3 Laundrum.<\/p>\n<p>Las familias pueden utilizar la herramienta \u201cEncontrar un preescolar\u201d en su sitio web, <em>https:\/\/dpp.org\/es\/encuentre-un-centro-preescolar<\/em>, para encontrar programas preescolares cercanos. En el sitio web del Programa Preescolar de Denver tambi\u00e9n puede usar la \u201cCalculadora de apoyo financiero\u201d que permite a los padres y cuidadores hacer una estimaci\u00f3n del dinero que recibir\u00edan cada mes para reducir los costos del preescolar.<br \/>\nPara m\u00e1s informaci\u00f3n sobre la Exhibici\u00f3n Anual de Centros Preescolares 2019, por favor visite <em><a href=\"https:\/\/dpp.org\/es\/noticias\/exhibicion-2019\">https:\/\/dpp.org\/es\/noticias\/exhibicion-2019<\/a> <\/em>o llame al 303-595-4DPP (4377).<\/p>\n<p>\u00a0<\/p>\n<p><strong>Para Noticias de Colorado: <\/strong><a href=\"http:\/\/WWW.ELSEMANARIOCOLORADO.COM\"><strong>WWW.ELSEMANARIOCOLORADO.COM<\/strong><\/a><\/p>\n<p><strong>\u00a0<\/strong><\/p>\n<p>\u00a0<\/p>\n","protected":false},"excerpt":{"rendered":"<p>El Programa Preescolar de Denver (DPP) ha anunciado que su s\u00e9ptima Exhibici\u00f3n Anual tendr\u00e1 lugar en el Norgren Hall del Zool\u00f3gico de Denver (2300 Steele St)\u00a0el s\u00e1bado 12 de enero&#8230;<\/p>\n","protected":false},"author":403,"featured_media":7434,"comment_status":"open","ping_status":"open","sticky":false,"template":"","format":"standard","meta":{"give_campaign_id":0,"_jetpack_memberships_contains_paid_content":false,"footnotes":""},"categories":[71],"tags":[],"class_list":["post-7433","post","type-post","status-publish","format-standard","has-post-thumbnail","hentry","category-estado"],"jetpack_featured_media_url":"https:\/\/i0.wp.com\/www.elsemanarioonline.com\/wp-content\/uploads\/2019\/01\/CO-1-State-S-Colo-DPP-1pic.jpg?fit=500%2C333&ssl=1","jetpack-related-posts":[],"jetpack_sharing_enabled":true,"_links":{"self":[{"href":"https:\/\/www.elsemanarioonline.com\/es\/wp-json\/wp\/v2\/posts\/7433","targetHints":{"allow":["GET"]}}],"collection":[{"href":"https:\/\/www.elsemanarioonline.com\/es\/wp-json\/wp\/v2\/posts"}],"about":[{"href":"https:\/\/www.elsemanarioonline.com\/es\/wp-json\/wp\/v2\/types\/post"}],"author":[{"embeddable":true,"href":"https:\/\/www.elsemanarioonline.com\/es\/wp-json\/wp\/v2\/users\/403"}],"replies":[{"embeddable":true,"href":"https:\/\/www.elsemanarioonline.com\/es\/wp-json\/wp\/v2\/comments?post=7433"}],"version-history":[{"count":0,"href":"https:\/\/www.elsemanarioonline.com\/es\/wp-json\/wp\/v2\/posts\/7433\/revisions"}],"wp:featuredmedia":[{"embeddable":true,"href":"https:\/\/www.elsemanarioonline.com\/es\/wp-json\/wp\/v2\/media\/7434"}],"wp:attachment":[{"href":"https:\/\/www.elsemanarioonline.com\/es\/wp-json\/wp\/v2\/media?parent=7433"}],"wp:term":[{"taxonomy":"category","embeddable":true,"href":"https:\/\/www.elsemanarioonline.com\/es\/wp-json\/wp\/v2\/categories?post=7433"},{"taxonomy":"post_tag","embeddable":true,"href":"https:\/\/www.elsemanarioonline.com\/es\/wp-json\/wp\/v2\/tags?post=7433"}],"curies":[{"name":"wp","href":"https:\/\/api.w.org\/{rel}","templated":true}]}}