{"id":7217,"date":"2018-10-31T21:57:35","date_gmt":"2018-10-31T21:57:35","guid":{"rendered":"http:\/\/elsemanarioonl.wpengine.com\/?p=7217\/"},"modified":"2018-10-31T21:57:35","modified_gmt":"2018-10-31T21:57:35","slug":"por-que-es-necesario-votar","status":"publish","type":"post","link":"https:\/\/www.elsemanarioonline.com\/es\/por-que-es-necesario-votar\/","title":{"rendered":"Por Qu\u00e9 Es Necesario VOTAR"},"content":{"rendered":"<p><!-- VideographyWP Plugin Message: Automatic video embedding prevented by plugin options. --><br \/>\npor<strong> Udi Ofer<\/strong><\/p>\n<p>\u00a0<\/p>\n<p>Durante m\u00e1s de 40 a\u00f1os, Estados Unidos ha visto un aumento en la poblaci\u00f3n carcelaria, impulsado por leyes de sentencias extremas, pr\u00e1cticas agresivas de enjuiciamiento y pol\u00edticas estrictas contra el crimen. Los resultados han sido devastadores. Uno de cada tres ni\u00f1os negros puede esperar ir a la c\u00e1rcel durante su vida, lo que destroza sus comunidades. Hoy, con menos del cinco por ciento de la poblaci\u00f3n mundial, Estados Unidos tiene casi el 25 por ciento de sus prisioneros, un sistema que cuesta a los contribuyentes por lo menos 80.000 millones de d\u00f3lares al a\u00f1o.<\/p>\n<p>Esta crisis de encarcelamiento masivo no fue creada por los \u00edndices de criminalidad sino por la pol\u00edtica y el racismo. La historia nos muestra que el encarcelamiento masivo aumentaba cuando los \u00edndices de criminalidad eran bajos y aumentaba cuando los \u00edndices de criminalidad eran altos. Es el resultado de decisiones deliberadas tomadas por funcionarios electos de todo el pa\u00eds, tanto dem\u00f3cratas como republicanos, para encerrar a m\u00e1s gente. Los pol\u00edticos crearon el encarcelamiento masivo y pueden poner fin al encarcelamiento masivo.<\/p>\n<p>Por eso necesitamos que votes.<\/p>\n<blockquote><p>Es el resultado de decisiones deliberadas tomadas por funcionarios electos de todo el pa\u00eds, tanto dem\u00f3cratas como republicanos, para encerrar a m\u00e1s gente. Los pol\u00edticos crearon el encarcelamiento masivo y pueden poner fin al encarcelamiento masivo.<\/p><\/blockquote>\n<p>El d\u00eda de las elecciones, millones de estadounidenses votar\u00e1n por el Senado, la C\u00e1mara de Representantes, el gobernador, el legislador estatal y el fiscal de distrito. Los votantes elegir\u00e1n entre candidatos con diferentes puntos de vista sobre temas como la reforma de la fianza, la guerra contra las drogas y la responsabilidad de la polic\u00eda.<\/p>\n<p>Es por eso que la Uni\u00f3n Americana de Libertades Civiles (ACLU, por sus siglas en ingl\u00e9s) lanz\u00f3 <em>Vote Smart Justice<\/em>, una campa\u00f1a de educaci\u00f3n de votantes no partidista para dar a los estadounidenses informaci\u00f3n sobre la posici\u00f3n de los candidatos a cargos p\u00fablicos en temas clave de la reforma de la justicia penal. En votesmartjustice.org, los usuarios pueden acceder a informaci\u00f3n sobre el historial de votaci\u00f3n de los candidatos y declaraciones p\u00fablicas sobre la reforma de la justicia penal en m\u00e1s de 1,000 elecciones federales, estatales y locales.<\/p>\n<p>Los votantes necesitan saber cu\u00e1l es la posici\u00f3n de sus candidatos sobre estos temas, y los candidatos necesitan saber que ser\u00e1n recompensados o castigados en funci\u00f3n de si adoptan una plataforma de justicia inteligente.<\/p>\n<p>En una encuesta reciente realizada por la ACLU, el 78 por ciento de los probables votantes en todo el pa\u00eds dijo que es m\u00e1s probable que apoyen a un candidato que cree en la necesidad de una reforma de la justicia penal, incluyendo al 71 por ciento de los republicanos. El setenta y cinco por ciento de los votantes tienen m\u00e1s probabilidades de apoyar a los candidatos que se comprometen a reducir las disparidades raciales en el sistema de justicia penal, incluyendo al 63 por ciento de los republicanos. Cincuenta y nueve por ciento de los probables votantes quieren candidatos que se comprometan a reducir la poblaci\u00f3n carcelaria y carcelaria de la naci\u00f3n.<\/p>\n<p>El movimiento <em>Black Lives Matter<\/em> empuj\u00f3 la violencia policial racista y las disparidades raciales en el encarcelamiento al centro del di\u00e1logo p\u00fablico. Para 2016, en un cambio radical de la pol\u00edtica pasada, las plataformas de los partidos Dem\u00f3crata y Republicano inclu\u00edan la reducci\u00f3n de las tasas de encarcelamiento, y los candidatos a fiscales de distrito que se postularon en plataformas de reforma -incluyendo lugares como Illinois, Florida y Texas- comenzaron a ganar. Incluso en los estados de color rojo profundo que votaron por el actual presidente, como Oklahoma, los votantes tambi\u00e9n apoyaron las iniciativas de las boletas para reducir las sentencias por delitos de drogas y propiedad y para reinvertir los ahorros de nuevo en las comunidades.<\/p>\n<p>En 2017, los candidatos a la reforma ganaron las elecciones con plataformas que adoptaron proactivamente la reforma de la justicia. En Virginia, por ejemplo, el candidato republicano a la gobernaci\u00f3n fue tras su oponente, el dem\u00f3crata Ralph Northam, por apoyar el derecho a votar a personas que antes estaban encarceladas y lo tach\u00f3 de \u00abd\u00e9bil\u00bb con las pandillas. Los votantes rechazaron ese argumento y le dieron a Northam una victoria considerable.<\/p>\n<p>En Alabama, un estado profundamente conservador, el dem\u00f3crata Doug Jones apoy\u00f3 la reforma de la justicia penal, y aunque el presidente Trump lo atac\u00f3 repetidamente por ser \u00abblando con el crimen\u00bb, venci\u00f3 a su oponente. Y en Filadelfia, los votantes eligieron abrumadoramente a Larry Krasner como su pr\u00f3ximo fiscal de distrito, un candidato comprometido con la justicia racial y con poner fin al encarcelamiento masivo.<\/p>\n<p>Este a\u00f1o tiene el potencial de traer a\u00fan m\u00e1s avances para la reforma de la justicia penal. Los estadounidenses quieren alternativas al presidente Trump y al fiscal general Jeff Sessions, que han doblado la guerra contra las drogas y han hecho retroceder las reformas.<\/p>\n<p>Aunque el Congreso no ha actuado, los estados contin\u00faan aprobando reformas de manera bipartidista \u2013 incluyendo cambios este a\u00f1o a los sistemas de fianzas en New Hampshire y Georgia, sentencias en Massachusetts, libertad condicional en Utah y Mississippi, y los sistemas de justicia juvenil en Missouri y Washington. Las contiendas por el cargo de gobernador en Georgia y Florida se est\u00e1n convirtiendo en campos de batalla para diferentes ideolog\u00edas sobre la reforma de la justicia penal. Y a nivel local, este verano vimos resultados innovadores para candidatos a fiscales de distrito con mentalidad reformista en ciudades importantes como St. Louis\/San Luis y Boston.<\/p>\n<p>Los votantes son cada vez m\u00e1s conscientes de c\u00f3mo los l\u00edderes electos pueden implementar la reforma de la justicia penal. Ellos saben que la sentencia m\u00ednima obligatoria y la falta de libertad condicional significativa ponen a demasiados estadounidenses entre rejas con menos oportunidades de ser liberados. Saben que los funcionarios electos pueden reformar el sistema de fianzas de nuestra naci\u00f3n, que mantiene a m\u00e1s de 450.000 personas en un d\u00eda dado encerradas en c\u00e1rceles locales a pesar de no haber sido condenadas por un delito, a menudo porque son demasiado pobres para pagar una fianza en efectivo. Saben que la guerra contra las drogas ha fracasado y que debemos dejar de encerrar a los estadounidenses que sufren de adicci\u00f3n a las drogas.<\/p>\n<p>Los votantes saben que el sistema de justicia penal necesita cambiar. Ahora tendr\u00e1n m\u00e1s herramientas que nunca para elegir a personas que se toman en serio el cambio.<\/p>\n<p>\u00a0<\/p>\n<p>Udi Ofer, Subdirector Pol\u00edtico Nacional y Director de Campaign for Smart Justice, American Civil Liberties Union.<\/p>\n<p>\u00a0<\/p>\n<p>Traducci\u00f3n por Juan Carlos Uribe-The Weekly Issue\/El Semanario<\/p>\n<p><strong>Read More Cover Features at: <\/strong><a href=\"http:\/\/WWW.ELSEMANARIO.US\"><strong>WWW.<\/strong><strong>ELSEMANARIO.US<\/strong><\/a><\/p>\n<p><strong>\u00a0<\/strong><\/p>\n<p>\u00a0<\/p>\n","protected":false},"excerpt":{"rendered":"<p>por Udi Ofer \u00a0 Durante m\u00e1s de 40 a\u00f1os, Estados Unidos ha visto un aumento en la poblaci\u00f3n carcelaria, impulsado por leyes de sentencias extremas, pr\u00e1cticas agresivas de enjuiciamiento y&#8230;<\/p>\n","protected":false},"author":403,"featured_media":7216,"comment_status":"open","ping_status":"open","sticky":false,"template":"","format":"standard","meta":{"give_campaign_id":0,"_jetpack_memberships_contains_paid_content":false,"footnotes":""},"categories":[74],"tags":[],"class_list":["post-7217","post","type-post","status-publish","format-standard","has-post-thumbnail","hentry","category-noticia-de-portada"],"jetpack_featured_media_url":"https:\/\/i0.wp.com\/www.elsemanarioonline.com\/wp-content\/uploads\/2018\/10\/Print-Publication-181102-rev0104.jpg?fit=739%2C929&ssl=1","jetpack-related-posts":[],"jetpack_sharing_enabled":true,"_links":{"self":[{"href":"https:\/\/www.elsemanarioonline.com\/es\/wp-json\/wp\/v2\/posts\/7217","targetHints":{"allow":["GET"]}}],"collection":[{"href":"https:\/\/www.elsemanarioonline.com\/es\/wp-json\/wp\/v2\/posts"}],"about":[{"href":"https:\/\/www.elsemanarioonline.com\/es\/wp-json\/wp\/v2\/types\/post"}],"author":[{"embeddable":true,"href":"https:\/\/www.elsemanarioonline.com\/es\/wp-json\/wp\/v2\/users\/403"}],"replies":[{"embeddable":true,"href":"https:\/\/www.elsemanarioonline.com\/es\/wp-json\/wp\/v2\/comments?post=7217"}],"version-history":[{"count":0,"href":"https:\/\/www.elsemanarioonline.com\/es\/wp-json\/wp\/v2\/posts\/7217\/revisions"}],"wp:featuredmedia":[{"embeddable":true,"href":"https:\/\/www.elsemanarioonline.com\/es\/wp-json\/wp\/v2\/media\/7216"}],"wp:attachment":[{"href":"https:\/\/www.elsemanarioonline.com\/es\/wp-json\/wp\/v2\/media?parent=7217"}],"wp:term":[{"taxonomy":"category","embeddable":true,"href":"https:\/\/www.elsemanarioonline.com\/es\/wp-json\/wp\/v2\/categories?post=7217"},{"taxonomy":"post_tag","embeddable":true,"href":"https:\/\/www.elsemanarioonline.com\/es\/wp-json\/wp\/v2\/tags?post=7217"}],"curies":[{"name":"wp","href":"https:\/\/api.w.org\/{rel}","templated":true}]}}