{"id":6974,"date":"2018-08-16T02:49:23","date_gmt":"2018-08-16T02:49:23","guid":{"rendered":"http:\/\/elsemanarioonl.wpengine.com\/?p=6974\/"},"modified":"2018-08-16T02:50:13","modified_gmt":"2018-08-16T02:50:13","slug":"nominacion-puede-tener-consecuencias-devastadoras","status":"publish","type":"post","link":"https:\/\/www.elsemanarioonline.com\/es\/nominacion-puede-tener-consecuencias-devastadoras\/","title":{"rendered":"\u2018Nominaci\u00f3n Puede Tener Consecuencias Devastadoras\u2019"},"content":{"rendered":"<p><!-- VideographyWP Plugin Message: Automatic video embedding prevented by plugin options. --><br \/>\nLa semana pasada, un grupo de l\u00edderes latinos hicieron el lanzamiento oficial de \u201cHispanics for a Fair Judiciary\u201d, una red de latinos que forman parte de la comunidad legal, los derechos civiles, comit\u00e9 de trabajadores, el gremio acad\u00e9mico y oficial, comprometidos en crear conciencia en el impacto que las cortes federales y jueces tienen en la comunidad latina.<\/p>\n<p>El grupo discuti\u00f3 la importancia de los jueces como la \u00faltima l\u00ednea de defensa en problemas que van desde inmigraci\u00f3n, derechos de los votantes hasta justicia reproductiva y protecci\u00f3n a los trabajadores. Tambi\u00e9n desaprobaron la nominaci\u00f3n del juez Kavanaugh y explicaron las consecuencias que esta podr\u00eda tener para la comunidad latina.<\/p>\n<p>\u201cEs importante, que nosotros como latinos, nos unamos a la conversaci\u00f3n nacional y que elevemos nuestras voces en los temas legales que impactan nuestras comunidades en todo el pa\u00eds\u201d, dijo el senador del distrito 33 de New York, Gustavo Rivera. \u201c Estoy agradecido de formar parte de esta coalici\u00f3n, que se form\u00f3 para trabajar por una meta en com\u00fan \u2013 Para asegurar que las voces latinas sean escuchadas y tomadas en consideraci\u00f3n en toda la naci\u00f3n, al mismo tiempo de que nos unimos para luchar y asegurar que Kavanaugh no sea confirmado\u201d.<\/p>\n<p>La Co-fundadora de HFJ y defensora de pol\u00edtica p\u00fablica Mar\u00eda Cardona dijo \u201cLas decisiones de nuestros Jueces tienen un gran impacto en la vida de todos los inmigrantes en todo el pa\u00eds diariamente \u2026 Yo creo que esta nominaci\u00f3n de [La Corte Suprema] puede tener consecuencias devastadoras para nuestra comunidad. Debemos hacer todo lo que est\u00e9 en nuestras manos para asegurar que nuestra comunidad est\u00e9 al tanto de esto\u201d.<\/p>\n<p>\u201cLa Corte Suprema ha jugado un papel vital en la protecci\u00f3n de los derechos humanos y ha sido la \u00faltima l\u00ednea de defensa, manteniendo la estabilidad de nuestra democracia. Como comunidad, nosotros debemos tener la posibilidad de accesar la cortes y poder pedir protecci\u00f3n a nuestro sistema legal\u201d, agreg\u00f3 Jos\u00e9 P\u00e9rez, Sub Concejal General del LatinoJustice PRLDEF. Si el Juez Kavanaugh es confirmado, el resultado ser\u00e1 la erosi\u00f3n de muchas de las victorias que los derechos humanos han logrado en la \u00faltima mitad de este siglo\u201d.<\/p>\n<blockquote><p>\u201cEs importante, que nosotros como latinos, nos unamos a la conversaci\u00f3n nacional y que elevemos nuestras voces en los temas legales que impactan nuestras comunidades en todo el pa\u00eds\u201d.<br \/>\nGustavo Rivera, Senador del Estado de NY\n<\/p><\/blockquote>\n<p>El Presidente y Concejal General del MALDEF, Thomas Saenz, dijo, \u201c Es importante que cada nominado para el puesto de Juez sea investigado por su comprensi\u00f3n de la experiencia latina en relaci\u00f3n a la discriminaci\u00f3n en los Estados Unidos . Espec\u00edficamente tenemos que estar al tanto de su trato para los no-ciudadanos, ya que ellos tienen una menor posibilidad de obtener los mismos derecho de las personas en nuestra Constituci\u00f3n\u201d. Saenz concluy\u00f3 a\u00f1adiendo. \u201cDesafortunadamente los puntos de vista publicados del juez Kavanaugh indican una peligrosa creencia potencial en una construcci\u00f3n manufacturada y no sustentada de un titular de jerarqu\u00eda de derechos\u201d.<\/p>\n<p>Anticip\u00e1ndose a las pr\u00f3ximas audiencias de confirmaci\u00f3n, El grupo de HFJ enviar\u00e1 una carta conjunta a el comit\u00e9 del senado judicial firmada por un grupo de profesores de leyes latino y l\u00edderes de los derechos humanos, identificando los problemas m\u00e1s importantes que enfrenta la comunidad latina.<\/p>\n<p>\u00a0<\/p>\n<p>\u00a0<\/p>\n","protected":false},"excerpt":{"rendered":"<p>La semana pasada, un grupo de l\u00edderes latinos hicieron el lanzamiento oficial de \u201cHispanics for a Fair Judiciary\u201d, una red de latinos que forman parte de la comunidad legal, los&#8230;<\/p>\n","protected":false},"author":403,"featured_media":1817,"comment_status":"open","ping_status":"open","sticky":false,"template":"","format":"standard","meta":{"give_campaign_id":0,"_jetpack_memberships_contains_paid_content":false,"footnotes":""},"categories":[81],"tags":[],"class_list":["post-6974","post","type-post","status-publish","format-standard","has-post-thumbnail","hentry","category-noticias-nacionales"],"jetpack_featured_media_url":"https:\/\/i0.wp.com\/www.elsemanarioonline.com\/wp-content\/uploads\/2016\/11\/default.jpg?fit=1280%2C800&ssl=1","jetpack-related-posts":[],"jetpack_sharing_enabled":true,"_links":{"self":[{"href":"https:\/\/www.elsemanarioonline.com\/es\/wp-json\/wp\/v2\/posts\/6974","targetHints":{"allow":["GET"]}}],"collection":[{"href":"https:\/\/www.elsemanarioonline.com\/es\/wp-json\/wp\/v2\/posts"}],"about":[{"href":"https:\/\/www.elsemanarioonline.com\/es\/wp-json\/wp\/v2\/types\/post"}],"author":[{"embeddable":true,"href":"https:\/\/www.elsemanarioonline.com\/es\/wp-json\/wp\/v2\/users\/403"}],"replies":[{"embeddable":true,"href":"https:\/\/www.elsemanarioonline.com\/es\/wp-json\/wp\/v2\/comments?post=6974"}],"version-history":[{"count":0,"href":"https:\/\/www.elsemanarioonline.com\/es\/wp-json\/wp\/v2\/posts\/6974\/revisions"}],"wp:featuredmedia":[{"embeddable":true,"href":"https:\/\/www.elsemanarioonline.com\/es\/wp-json\/wp\/v2\/media\/1817"}],"wp:attachment":[{"href":"https:\/\/www.elsemanarioonline.com\/es\/wp-json\/wp\/v2\/media?parent=6974"}],"wp:term":[{"taxonomy":"category","embeddable":true,"href":"https:\/\/www.elsemanarioonline.com\/es\/wp-json\/wp\/v2\/categories?post=6974"},{"taxonomy":"post_tag","embeddable":true,"href":"https:\/\/www.elsemanarioonline.com\/es\/wp-json\/wp\/v2\/tags?post=6974"}],"curies":[{"name":"wp","href":"https:\/\/api.w.org\/{rel}","templated":true}]}}