{"id":6879,"date":"2018-07-26T02:15:40","date_gmt":"2018-07-26T02:15:40","guid":{"rendered":"http:\/\/elsemanarioonl.wpengine.com\/?p=6879\/"},"modified":"2018-07-26T02:15:40","modified_gmt":"2018-07-26T02:15:40","slug":"los-trabajadores-agricolas-no-son-implementos-agricolas","status":"publish","type":"post","link":"https:\/\/www.elsemanarioonline.com\/es\/los-trabajadores-agricolas-no-son-implementos-agricolas\/","title":{"rendered":"Los Trabajadores Agr\u00edcolas No Son Implementos Agr\u00edcolas"},"content":{"rendered":"<p><!-- VideographyWP Plugin Message: Automatic video embedding prevented by plugin options. --><br \/>\n<strong>Por Arturo S. Rodr\u00edguez<\/strong><\/p>\n<p>\u00a0<\/p>\n<p><em>Nota de Editor: Estos son las palabras de Arturo S. Rodr\u00edguez, Presidente Uni\u00f3n de Campesinos de America, llamada de la Campa\u00f1a Nacional del Estr\u00e9s por Calor, en 17 de julio.<\/em><\/p>\n<p>\u00a0<\/p>\n<p>Fuimos a los funerales de muchos trabajadores agr\u00edcolas de California que murieron innecesariamente por el calor extremo y ayudamos a sus familias. Siempre recordar\u00e9 el haber estado en el servicio funerario haber consolado a la familia de Mar\u00eda Isavel V\u00e1squez Jim\u00e9nez. Ella solo ten\u00eda 17 a\u00f1os y estaba embarazada cuando se desplom\u00f3 en los brazos de su prometido en un vi\u00f1edo cerca de Stockton, y el contratista de trabajos agr\u00edcolas retras\u00f3 su tratamiento m\u00e9dico por m\u00e1s de una hora y media. Su muerte fue totalmente evitable.<\/p>\n<p>Otra muerte por calor de un trabajador agr\u00edcola que sufrimos fue la muerte de Audon F\u00e9lix Garc\u00eda. Su hermano, Raudel F\u00e9lix Garc\u00eda, acaba de completar su testimonio. Gracias, Raudel.<\/p>\n<blockquote><p>Son seres humanos importantes que sudan y se sacrifican para alimentar a millones de personas en todo Estados Unidos y el mundo. No deber\u00edan arriesgarse a la muerte o la enfermedad simplemente por ir al trabajo cuando las temperaturas aumentan.<\/p><\/blockquote>\n<p>Despu\u00e9s de una avalancha de muertes por el calor de los trabajadores agr\u00edcolas de California, en el 2005 la Uni\u00f3n de Campesinos ayud\u00f3 a convencer al entonces gobernador republicano Arnold Schwarzenegger para que emitiera los primeros est\u00e1ndares integrales en la naci\u00f3n para prevenir la muerte por el calor y las enfermedades de los campesinos y de otros trabajadores que trabajan al aire libre. Trabajamos con el gobernador dem\u00f3crata Jerry Brown para fortalecer las regulaciones y su aplicaci\u00f3n en el 2015.<\/p>\n<p>Algunas muertes por el calor todav\u00eda persisten incluso en California, pero nuestras reglas estatales del calor han salvado a miles de trabajadores agr\u00edcolas y del aire libre de ser afectados. Han salvado innumerables vidas. Usamos nuestros contratos de la UFW para hacer cumplir las protecciones del gobierno en empresas sindicalizadas. Los trabajadores agr\u00edcolas que se benefician m\u00e1s de los est\u00e1ndares estatales del calor trabajan en empresas no sindicales.<\/p>\n<p>Las muertes y lesiones por el calor extremo a\u00fan son muy comunes en estados sin ning\u00fan est\u00e1ndar de protecci\u00f3n. Los organizadores de la Fundaci\u00f3n UFW recientemente fueron a Georgia para investigar la preocupante muerte de un trabajador agr\u00edcola con visa H-2A.<\/p>\n<p>Los trabajadores agr\u00edcolas no son implementos agr\u00edcolas. Son seres humanos importantes que sudan y se sacrifican para alimentar a millones de personas en todo Estados Unidos y el mundo. No deber\u00edan arriesgarse a la muerte o la enfermedad simplemente por ir al trabajo cuando las temperaturas aumentan.<\/p>\n<p>Hace trece a\u00f1os, hicimos que un gobernador republicano tomara medidas. Hace tres a\u00f1os trabajamos con un gobernador dem\u00f3crata para reforzar los est\u00e1ndares del calor. Los republicanos y los dem\u00f3cratas pueden tomar medidas hoy para parar estas muertes innecesarias mediante la creaci\u00f3n de normas nacionales como las que ganamos en California.<\/p>\n<p>\u00a0<\/p>\n<p>\u00a0<\/p>\n","protected":false},"excerpt":{"rendered":"<p>Por Arturo S. Rodr\u00edguez \u00a0 Nota de Editor: Estos son las palabras de Arturo S. Rodr\u00edguez, Presidente Uni\u00f3n de Campesinos de America, llamada de la Campa\u00f1a Nacional del Estr\u00e9s por&#8230;<\/p>\n","protected":false},"author":403,"featured_media":6880,"comment_status":"open","ping_status":"open","sticky":false,"template":"","format":"standard","meta":{"give_campaign_id":0,"_jetpack_memberships_contains_paid_content":false,"footnotes":""},"categories":[72],"tags":[],"class_list":["post-6879","post","type-post","status-publish","format-standard","has-post-thumbnail","hentry","category-comentario"],"jetpack_featured_media_url":"https:\/\/i0.wp.com\/www.elsemanarioonline.com\/wp-content\/uploads\/2018\/07\/CO-1-Commentary-S-Rodriguez-1pic.jpg?fit=1440%2C945&ssl=1","jetpack-related-posts":[],"jetpack_sharing_enabled":true,"_links":{"self":[{"href":"https:\/\/www.elsemanarioonline.com\/es\/wp-json\/wp\/v2\/posts\/6879","targetHints":{"allow":["GET"]}}],"collection":[{"href":"https:\/\/www.elsemanarioonline.com\/es\/wp-json\/wp\/v2\/posts"}],"about":[{"href":"https:\/\/www.elsemanarioonline.com\/es\/wp-json\/wp\/v2\/types\/post"}],"author":[{"embeddable":true,"href":"https:\/\/www.elsemanarioonline.com\/es\/wp-json\/wp\/v2\/users\/403"}],"replies":[{"embeddable":true,"href":"https:\/\/www.elsemanarioonline.com\/es\/wp-json\/wp\/v2\/comments?post=6879"}],"version-history":[{"count":0,"href":"https:\/\/www.elsemanarioonline.com\/es\/wp-json\/wp\/v2\/posts\/6879\/revisions"}],"wp:featuredmedia":[{"embeddable":true,"href":"https:\/\/www.elsemanarioonline.com\/es\/wp-json\/wp\/v2\/media\/6880"}],"wp:attachment":[{"href":"https:\/\/www.elsemanarioonline.com\/es\/wp-json\/wp\/v2\/media?parent=6879"}],"wp:term":[{"taxonomy":"category","embeddable":true,"href":"https:\/\/www.elsemanarioonline.com\/es\/wp-json\/wp\/v2\/categories?post=6879"},{"taxonomy":"post_tag","embeddable":true,"href":"https:\/\/www.elsemanarioonline.com\/es\/wp-json\/wp\/v2\/tags?post=6879"}],"curies":[{"name":"wp","href":"https:\/\/api.w.org\/{rel}","templated":true}]}}