{"id":6795,"date":"2018-06-28T01:39:35","date_gmt":"2018-06-28T01:39:35","guid":{"rendered":"http:\/\/elsemanarioonl.wpengine.com\/?p=6795\/"},"modified":"2018-06-28T01:39:35","modified_gmt":"2018-06-28T01:39:35","slug":"no-esta-crisis-no-esta-proxima-a-terminar","status":"publish","type":"post","link":"https:\/\/www.elsemanarioonline.com\/es\/no-esta-crisis-no-esta-proxima-a-terminar\/","title":{"rendered":"No, Esta Crisis No Est\u00e1 Pr\u00f3xima a Terminar"},"content":{"rendered":"<p><!-- VideographyWP Plugin Message: Automatic video embedding prevented by plugin options. --><br \/>\n<strong>Por Frank Sharry<\/strong><\/p>\n<p>\u00a0<\/p>\n<p>S\u00ed, los estadounidenses se levantaron y obligaron al presidente a dar un paso atr\u00e1s. No, esta crisis no est\u00e1 pr\u00f3xima a terminar.<\/p>\n<p>S\u00ed, el presidente anunci\u00f3 que los ni\u00f1os ya no ser\u00e1n arrancados de los brazos de sus padres. No, el presidente no ha puesto fin a la pol\u00edtica de \u2018cero tolerancia\u2019 que result\u00f3 en la separaci\u00f3n de familias.<br \/>\nS\u00ed, es moralmente reprochable que el presidente Trump haya estado separando a los ni\u00f1os de sus padres. No, no es moralmente aceptable que ahora Trump encarcele indefinidamente a los ni\u00f1os con sus padres.<br \/>\nS\u00ed, queremos garantizar que el gobierno de Trump ponga fin a la odiosa pr\u00e1ctica de detener a los menores, incluidos beb\u00e9s y ni\u00f1os peque\u00f1os. No, el gobierno federal no tiene ning\u00fan plan para reunir con sus padres a unos 2,300 ni\u00f1os que ya fueron separados.<br \/>\nS\u00ed, la orden ejecutiva es una derrota pol\u00edtica y una retirada estrat\u00e9gica. No, eso no detendr\u00e1 a Miller, Sessions, ni a Nielsen de reagruparse y tramar su pr\u00f3xima ola de ataques contra los centroamericanos, que huyen de la violencia y buscan seguridad en Estados Unidos.<br \/>\nS\u00ed, esta es la pol\u00edtica del presidente, y solo \u00e9l puede arreglarla. No, su orden ejecutiva no representa un cambio de opini\u00f3n.<br \/>\nS\u00ed, es una mentira decir que solamente el Congreso puede cambiar esta pol\u00edtica. No, no creemos que este Congreso que nada hace apruebe una legislaci\u00f3n migratoria en este a\u00f1o electoral.<br \/>\nS\u00ed, el pueblo estadounidense est\u00e1 harto de la deliberada demonizaci\u00f3n de los inmigrantes y de la c\u00ednica divisi\u00f3n que es una pieza clave del desesperado intento de Trump de aferrarse al poder. No, Trump y Miller, junto a sus leales candidatos del Partido Republicano, no van a dejar de sembrar el miedo, ni de culpar a otros, ni de dividir y conquistar en las elecciones intermedias de 2018.<br \/>\nS\u00ed, obligamos a retroceder a Trump. No, no hemos terminado esta enorme batalla.\u201d<\/p>\n<p>\u00a0<\/p>\n<p>Frank Sharry, Director Ejecutivo de America\u2019s Voice Education Fund.<\/p>\n<p>\u00a0<\/p>\n<p>\u00a0<\/p>\n","protected":false},"excerpt":{"rendered":"<p>Por Frank Sharry \u00a0 S\u00ed, los estadounidenses se levantaron y obligaron al presidente a dar un paso atr\u00e1s. No, esta crisis no est\u00e1 pr\u00f3xima a terminar. S\u00ed, el presidente anunci\u00f3&#8230;<\/p>\n","protected":false},"author":403,"featured_media":1817,"comment_status":"open","ping_status":"open","sticky":false,"template":"","format":"standard","meta":{"give_campaign_id":0,"_jetpack_memberships_contains_paid_content":false,"footnotes":""},"categories":[72],"tags":[],"class_list":["post-6795","post","type-post","status-publish","format-standard","has-post-thumbnail","hentry","category-comentario"],"jetpack_featured_media_url":"https:\/\/i0.wp.com\/www.elsemanarioonline.com\/wp-content\/uploads\/2016\/11\/default.jpg?fit=1280%2C800&ssl=1","jetpack-related-posts":[],"jetpack_sharing_enabled":true,"_links":{"self":[{"href":"https:\/\/www.elsemanarioonline.com\/es\/wp-json\/wp\/v2\/posts\/6795","targetHints":{"allow":["GET"]}}],"collection":[{"href":"https:\/\/www.elsemanarioonline.com\/es\/wp-json\/wp\/v2\/posts"}],"about":[{"href":"https:\/\/www.elsemanarioonline.com\/es\/wp-json\/wp\/v2\/types\/post"}],"author":[{"embeddable":true,"href":"https:\/\/www.elsemanarioonline.com\/es\/wp-json\/wp\/v2\/users\/403"}],"replies":[{"embeddable":true,"href":"https:\/\/www.elsemanarioonline.com\/es\/wp-json\/wp\/v2\/comments?post=6795"}],"version-history":[{"count":0,"href":"https:\/\/www.elsemanarioonline.com\/es\/wp-json\/wp\/v2\/posts\/6795\/revisions"}],"wp:featuredmedia":[{"embeddable":true,"href":"https:\/\/www.elsemanarioonline.com\/es\/wp-json\/wp\/v2\/media\/1817"}],"wp:attachment":[{"href":"https:\/\/www.elsemanarioonline.com\/es\/wp-json\/wp\/v2\/media?parent=6795"}],"wp:term":[{"taxonomy":"category","embeddable":true,"href":"https:\/\/www.elsemanarioonline.com\/es\/wp-json\/wp\/v2\/categories?post=6795"},{"taxonomy":"post_tag","embeddable":true,"href":"https:\/\/www.elsemanarioonline.com\/es\/wp-json\/wp\/v2\/tags?post=6795"}],"curies":[{"name":"wp","href":"https:\/\/api.w.org\/{rel}","templated":true}]}}