{"id":6785,"date":"2018-06-28T01:27:42","date_gmt":"2018-06-28T01:27:42","guid":{"rendered":"http:\/\/elsemanarioonl.wpengine.com\/?p=6785\/"},"modified":"2018-06-28T01:27:42","modified_gmt":"2018-06-28T01:27:42","slug":"marchas-nacionales-el-30-de-junio-para-apoyar-a-las-familias-inmigrantes","status":"publish","type":"post","link":"https:\/\/www.elsemanarioonline.com\/es\/marchas-nacionales-el-30-de-junio-para-apoyar-a-las-familias-inmigrantes\/","title":{"rendered":"Marchas Nacionales el 30 de Junio Para Apoyar a las Familias Inmigrantes"},"content":{"rendered":"<p><!-- VideographyWP Plugin Message: Automatic video embedding prevented by plugin options. --><br \/>\nEl s\u00e1bado 30 de junio, miles de personas en todo el pa\u00eds se unir\u00e1n <strong>a <\/strong><strong>marchas, manifestaciones o vigilias en m\u00e1s de 45 ciudades <\/strong>para protestar por el tratamiento cruel e inhumano hacia inmigrantes y refugiados.<\/p>\n<p>Esta tercera ronda de protestas sigue a un masivo d\u00eda de acciones a principios de este mes, y se espera que aumente el n\u00famero de personas indignadas por la crisis actual de separaci\u00f3n de familias en la frontera y la detenci\u00f3n de ni\u00f1os y ni\u00f1as.<\/p>\n<blockquote><p>\u00abLas familias merecen estar juntas. Eso no deber\u00eda debatirse. Nadie deber\u00eda aceptar que beb\u00e9s que sean arrancados de los brazos de sus madres o ni\u00f1os puestos en detenci\u00f3n lejos de sus padres.\u201d<br \/>\nJess Morales Rocketto<\/p><\/blockquote>\n<p>Miles de padres, madres, abuelxs y vecinxs est\u00e1n organizando eventos en ciudades de todo el pa\u00eds a trav\u00e9s del sitio web familiesbelong.org creado por <em>Families Belong Together<\/em> (<a href=\"http:\/\/www.familiesbelong.org\">www.familiesbelong.org<\/a>), un grupo de ciudadanxs que se oponen a la separaci\u00f3n cruel, inhumana e injustificada de ni\u00f1os y ni\u00f1as del lado de sus padres a lo largo de la frontera con M\u00e9xico y en otros puertos de entrada a los Estados Unidos.<\/p>\n<figure id=\"attachment_6784\" aria-describedby=\"caption-attachment-6784\" style=\"width: 225px\" class=\"wp-caption alignleft\"><img data-recalc-dims=\"1\" fetchpriority=\"high\" decoding=\"async\" class=\"wp-image-6784 size-medium\" src=\"https:\/\/i0.wp.com\/elsemanarioonl.wpengine.com\/wp-content\/uploads\/2018\/06\/CO-Cover-S-March-1pic-225x300.jpg?resize=225%2C300\" alt=\"\" width=\"225\" height=\"300\" srcset=\"https:\/\/i0.wp.com\/www.elsemanarioonline.com\/wp-content\/uploads\/2018\/06\/CO-Cover-S-March-1pic.jpg?resize=225%2C300&ssl=1 225w, https:\/\/i0.wp.com\/www.elsemanarioonline.com\/wp-content\/uploads\/2018\/06\/CO-Cover-S-March-1pic.jpg?resize=600%2C800&ssl=1 600w, https:\/\/i0.wp.com\/www.elsemanarioonline.com\/wp-content\/uploads\/2018\/06\/CO-Cover-S-March-1pic.jpg?resize=113%2C150&ssl=1 113w, https:\/\/i0.wp.com\/www.elsemanarioonline.com\/wp-content\/uploads\/2018\/06\/CO-Cover-S-March-1pic.jpg?resize=768%2C1024&ssl=1 768w, https:\/\/i0.wp.com\/www.elsemanarioonline.com\/wp-content\/uploads\/2018\/06\/CO-Cover-S-March-1pic.jpg?w=1536&ssl=1 1536w, https:\/\/i0.wp.com\/www.elsemanarioonline.com\/wp-content\/uploads\/2018\/06\/CO-Cover-S-March-1pic.jpg?w=1280&ssl=1 1280w\" sizes=\"(max-width: 225px) 100vw, 225px\" \/><figcaption id=\"caption-attachment-6784\" class=\"wp-caption-text\">Foto: We Belong Together El s\u00e1bado 30 de junio, miles de personas en todo el pa\u00eds se unir\u00e1n a marchas, manifestaciones o vigilias en m\u00e1s de 45 ciudades para protestar por el tratamiento cruel e inhumano hacia inmigrantes y refugiados.<\/figcaption><\/figure>\n<p>Los organizadores de <em>Families Belong Together<\/em> expresaron lo siguiente: \u00abComo padres y madres, es inconcebible que el gobierno de Estados Unidos separe sistem\u00e1ticamente a las familias inmigrantes. Son v\u00edctimas de la violencia, el hambre y la pobreza, y las acciones de nuestro gobierno los est\u00e1 victimizando nuevamente, causando da\u00f1os incalculables. Ni\u00f1os de hasta 18 meses de edad son arrancados de los brazos de sus madres por nuestro propio gobierno. Este es un abuso violento y, como ciudadanos y votantes preocupados, afirmamos inequ\u00edvocamente que esto no est\u00e1 en l\u00ednea con los valores estadounidenses. Nos oponemos a las pol\u00edticas inhumanas de la Administraci\u00f3n de Trump, la Patrulla Fronteriza, ICE y otras agencias federales de inmigraci\u00f3n. Estamos desanimados por la falta de liderazgo en el Congreso, cuyo trabajo es controlar al gobierno federal cuando se extralimita y abusa de su poder. Pedimos reformas inmediatas y el fin de esta barbarie\u00bb.<\/p>\n<p>\u00abLa indignaci\u00f3n y la oposici\u00f3n solo seguir\u00e1n creciendo si la Administraci\u00f3n contin\u00faa con esta crueldad de separar a las familias\u00bb, dice Jess Morales Rocketto, directora pol\u00edtica de la Alianza Nacional de Trabajadoras del Hogar y presidenta de su campa\u00f1a de inmigraci\u00f3n \u00abWe Belong Together\u00bb. \u00abLas familias merecen estar juntas. Eso no deber\u00eda debatirse. Nadie deber\u00eda aceptar que beb\u00e9s que sean arrancados de los brazos de sus madres o ni\u00f1os puestos en detenci\u00f3n lejos de sus padres. El Congreso tiene el poder de detener esta pr\u00e1ctica inhumana\u00bb.<\/p>\n<p>\u00a0<\/p>\n<p><strong>COLORADO \u2013 June 30<\/strong><\/p>\n<p><strong>Denver<\/strong> -10am, Civic Center Park (Colfax y Broadway)<\/p>\n<p><strong>Alamosa<\/strong> \u2013 10:30am Parque de Cole<\/p>\n<p><strong>Boulder<\/strong> \u2013 10am, Thunderbird Lake at Frasier Meadows Retirement Community\/ Comunidad de Retiro y Tambien, 10am en la Unitarian Universalist Church\/Iglesia de Unitarian Universalist.<\/p>\n<p><strong>Colorado Springs<\/strong> \u2013 5pm at Colorado Springs City Hall\/ Palacio Municipal de Cuidad de Colorado Springs<\/p>\n<p><strong>Durango<\/strong> \u2013 8am at Buckley Park\/Parque de Buckley<\/p>\n<p><strong>Edwards<\/strong> \u2013 11am at Edwards Rest Stop\/ Salga 163 entre I-70 y Hwy 6, lado este de Edwards Access Blvd<\/p>\n<p><strong>Glenwood Springs<\/strong> \u2013 9am, Marzo comenzar\u00e1 en Sayre Park a Centennial Park, 828 Grand Ave.<\/p>\n<p><strong>Grand Junction<\/strong> \u2013 \u00a0Mediod\u00eda at Mesa County Old Courthouse\/ viejo palacio de justicia de Mesa County<\/p>\n<p><strong>Longmont <\/strong>\u2013 1pm at Sixth and Main\/Calles Sixth y Main<\/p>\n<p><strong>Paonia<\/strong> \u2013 11:30am, Town of Paonia\/Ciudad de Paonia<\/p>\n<p><strong>Pueblo <\/strong>\u2013 5pm, Pueblo County Courthouse (Old Courthouse)\/ Juzgado del condado de Pueblo (palacio de justicia viejo)<\/p>\n<p><strong>Salida <\/strong>\u2013 11am, Centennial Park\/Parque de Centennial \u2013 Hwy 50 a Holman<\/p>\n<p><strong>Steamboat Springs<\/strong> \u2013 4pm, Routt County Courthouse Sidewalk\/ Acera del Palacio de Justicia del Condado de Routt<\/p>\n<p><strong>Telluride<\/strong> \u2013 10:30am, Wilkinson Public Library Terrace Patio\/ Biblioteca P\u00fablica de Wilkinson en el Patio de la Terraza<\/p>\n<p>\u00a0<\/p>\n<p><strong>NEW M\u00c9XICO \u2013 June 30<\/strong><\/p>\n<p><strong>Alamogordo<\/strong> \u2013 6:30pm, Alameda Park Gazebo<\/p>\n<p><strong>Albuquerque<\/strong> \u2013 9am, Civic Plaza<\/p>\n<p><strong>Carlsbad<\/strong> \u2013 9am, Eddy County Courthouse Lawn, Canal Street<\/p>\n<p><strong>Gallup <\/strong>\u2013 9am at the Gallup Amtrak Train, marcha comienza desde la estaci\u00f3n de tren en Rt. 66 terminando con un mitin en Downtown Courthouse Plaza.<\/p>\n<p><strong>Santa Fe<\/strong> \u2014 6:30pm, New Mexico State Capitol, The Roundhouse<\/p>\n<p><strong>Silver City<\/strong> \u2013 10am, NW Corner of Bullard and 6th Street\/ Esquina noroeste de Bullard y 6th Street<\/p>\n<p><strong>Socorro<\/strong> \u2013 1pm, Socorro Historic Plaza<\/p>\n<p><strong>Tierra Amarilla<\/strong> \u2013 \u00a0Mediod\u00eda, Historical Marker at north entrance to Tierra Amarilla\/ Marcador hist\u00f3rico en la entrada norte a Tierra Amarilla<\/p>\n<p><strong>Truth or Consequences<\/strong> \u2013 9am, Ralph Edwards Park\/Parque de Ralph Edwards<\/p>\n<p>\u00a0<\/p>\n<p>Para encontrar eventos en otros estados: <a href=\"https:\/\/act.moveon.org\/event\/families-belong-together_attend1\/search\/#event-map\">https:\/\/act.moveon.org\/event\/families-belong-together_attend1\/search\/#event-map<\/a>.<\/p>\n<p>\u00a0<\/p>\n<p>\u00a0<\/p>\n","protected":false},"excerpt":{"rendered":"<p>El s\u00e1bado 30 de junio, miles de personas en todo el pa\u00eds se unir\u00e1n a marchas, manifestaciones o vigilias en m\u00e1s de 45 ciudades para protestar por el tratamiento cruel&#8230;<\/p>\n","protected":false},"author":403,"featured_media":6783,"comment_status":"open","ping_status":"open","sticky":false,"template":"","format":"standard","meta":{"give_campaign_id":0,"_jetpack_memberships_contains_paid_content":false,"footnotes":""},"categories":[74],"tags":[],"class_list":["post-6785","post","type-post","status-publish","format-standard","has-post-thumbnail","hentry","category-noticia-de-portada"],"jetpack_featured_media_url":"https:\/\/i0.wp.com\/www.elsemanarioonline.com\/wp-content\/uploads\/2018\/06\/Print-Publication-180626.jpg?fit=734%2C926&ssl=1","jetpack-related-posts":[],"jetpack_sharing_enabled":true,"_links":{"self":[{"href":"https:\/\/www.elsemanarioonline.com\/es\/wp-json\/wp\/v2\/posts\/6785","targetHints":{"allow":["GET"]}}],"collection":[{"href":"https:\/\/www.elsemanarioonline.com\/es\/wp-json\/wp\/v2\/posts"}],"about":[{"href":"https:\/\/www.elsemanarioonline.com\/es\/wp-json\/wp\/v2\/types\/post"}],"author":[{"embeddable":true,"href":"https:\/\/www.elsemanarioonline.com\/es\/wp-json\/wp\/v2\/users\/403"}],"replies":[{"embeddable":true,"href":"https:\/\/www.elsemanarioonline.com\/es\/wp-json\/wp\/v2\/comments?post=6785"}],"version-history":[{"count":0,"href":"https:\/\/www.elsemanarioonline.com\/es\/wp-json\/wp\/v2\/posts\/6785\/revisions"}],"wp:featuredmedia":[{"embeddable":true,"href":"https:\/\/www.elsemanarioonline.com\/es\/wp-json\/wp\/v2\/media\/6783"}],"wp:attachment":[{"href":"https:\/\/www.elsemanarioonline.com\/es\/wp-json\/wp\/v2\/media?parent=6785"}],"wp:term":[{"taxonomy":"category","embeddable":true,"href":"https:\/\/www.elsemanarioonline.com\/es\/wp-json\/wp\/v2\/categories?post=6785"},{"taxonomy":"post_tag","embeddable":true,"href":"https:\/\/www.elsemanarioonline.com\/es\/wp-json\/wp\/v2\/tags?post=6785"}],"curies":[{"name":"wp","href":"https:\/\/api.w.org\/{rel}","templated":true}]}}