{"id":6767,"date":"2018-06-21T01:05:02","date_gmt":"2018-06-21T01:05:02","guid":{"rendered":"http:\/\/elsemanarioonl.wpengine.com\/?p=6767\/"},"modified":"2018-06-21T01:05:02","modified_gmt":"2018-06-21T01:05:02","slug":"felicitaciones-a-presidente-ivan-duque-de-colombia","status":"publish","type":"post","link":"https:\/\/www.elsemanarioonline.com\/es\/felicitaciones-a-presidente-ivan-duque-de-colombia\/","title":{"rendered":"Felicitaciones a Presidente Iv\u00e1n Duque de Colombia"},"content":{"rendered":"<p><!-- VideographyWP Plugin Message: Automatic video embedding prevented by plugin options. --><br \/>\n<strong>Por Rub\u00e9n Gallego<\/strong><\/p>\n<p>\u00a0<\/p>\n<p>Como primer colombiano-estadounidense en el Congreso, me complace felicitar a Iv\u00e1n Duque por su elecci\u00f3n como Presidente de Colombia.<\/p>\n<p>Colombia, nuestro amigo y aliado cercano, se encuentra en una encrucijada hist\u00f3rica y enfrenta serios desaf\u00edos. Pero los Estados Unidos sigue comprometido a apoyar al presidente electo Duque y al pueblo colombiano para superarlos, tal como lo hemos hecho durante las \u00faltimas dos d\u00e9cadas.<\/p>\n<p>Lo m\u00e1s importante entre estos desaf\u00edos es la implementaci\u00f3n del hist\u00f3rico acuerdo firmado el a\u00f1o pasado con las FARC, un acuerdo de paz que me enorgullece apoyar. Tengo la esperanza de que la administraci\u00f3n de Duque contin\u00fae progresando para llevar servicios gubernamentales vitales a las \u00e1reas rurales, reintegrar a los excombatientes en la sociedad y buscar justicia para las v\u00edctimas del conflicto. Tambi\u00e9n exhorto al nuevo gobierno a tomar medidas para mejorar la protecci\u00f3n de los defensores de los derechos humanos en Colombia.<\/p>\n<p>Quiero asegurarle al presidente electo Duque que los miembros del Congreso de ambos partidos est\u00e1n trabajando para mantener los compromisos de ayuda de los Estados Unidos bajo la asociaci\u00f3n Peace Colombia. Espero poder darle la bienvenida a Iv\u00e1n Duque a Washington pronto para analizar c\u00f3mo podemos fortalecer la relaci\u00f3n cr\u00edtica entre nuestros dos pa\u00edses.<\/p>\n<p>\u00a0<\/p>\n<p>Congresista Rub\u00e9n Gallego es el hijo de inmigrantes hispanos, un veterano y un l\u00edder de la comunidad. \u00c9l sirve como un coordinador (\u201cWhip\u201d) de la Caucus Dem\u00f3crata, el Segundo Vicepresidente\u00a0del Caucus Hispano, Vicepresidente del Caucus Progresista, y el Vicepresidente del Caucus de Igualdad y es miembro del Comit\u00e9 de Servicios Armados de la C\u00e1mara y el Comit\u00e9 de Recursos Naturales.<\/p>\n<p>\u00a0<\/p>\n<p>\u00a0<\/p>\n","protected":false},"excerpt":{"rendered":"<p>Por Rub\u00e9n Gallego \u00a0 Como primer colombiano-estadounidense en el Congreso, me complace felicitar a Iv\u00e1n Duque por su elecci\u00f3n como Presidente de Colombia. Colombia, nuestro amigo y aliado cercano, se&#8230;<\/p>\n","protected":false},"author":403,"featured_media":6768,"comment_status":"open","ping_status":"open","sticky":false,"template":"","format":"standard","meta":{"give_campaign_id":0,"_jetpack_memberships_contains_paid_content":false,"footnotes":""},"categories":[72],"tags":[],"class_list":["post-6767","post","type-post","status-publish","format-standard","has-post-thumbnail","hentry","category-comentario"],"jetpack_featured_media_url":"https:\/\/i0.wp.com\/www.elsemanarioonline.com\/wp-content\/uploads\/2018\/06\/CO-5-Commentary-S-Gallego-1pic.jpg?fit=512%2C512&ssl=1","jetpack-related-posts":[],"jetpack_sharing_enabled":true,"_links":{"self":[{"href":"https:\/\/www.elsemanarioonline.com\/es\/wp-json\/wp\/v2\/posts\/6767","targetHints":{"allow":["GET"]}}],"collection":[{"href":"https:\/\/www.elsemanarioonline.com\/es\/wp-json\/wp\/v2\/posts"}],"about":[{"href":"https:\/\/www.elsemanarioonline.com\/es\/wp-json\/wp\/v2\/types\/post"}],"author":[{"embeddable":true,"href":"https:\/\/www.elsemanarioonline.com\/es\/wp-json\/wp\/v2\/users\/403"}],"replies":[{"embeddable":true,"href":"https:\/\/www.elsemanarioonline.com\/es\/wp-json\/wp\/v2\/comments?post=6767"}],"version-history":[{"count":0,"href":"https:\/\/www.elsemanarioonline.com\/es\/wp-json\/wp\/v2\/posts\/6767\/revisions"}],"wp:featuredmedia":[{"embeddable":true,"href":"https:\/\/www.elsemanarioonline.com\/es\/wp-json\/wp\/v2\/media\/6768"}],"wp:attachment":[{"href":"https:\/\/www.elsemanarioonline.com\/es\/wp-json\/wp\/v2\/media?parent=6767"}],"wp:term":[{"taxonomy":"category","embeddable":true,"href":"https:\/\/www.elsemanarioonline.com\/es\/wp-json\/wp\/v2\/categories?post=6767"},{"taxonomy":"post_tag","embeddable":true,"href":"https:\/\/www.elsemanarioonline.com\/es\/wp-json\/wp\/v2\/tags?post=6767"}],"curies":[{"name":"wp","href":"https:\/\/api.w.org\/{rel}","templated":true}]}}