{"id":6709,"date":"2018-06-06T22:50:41","date_gmt":"2018-06-06T22:50:41","guid":{"rendered":"http:\/\/elsemanarioonl.wpengine.com\/?p=6709\/"},"modified":"2018-06-06T22:50:41","modified_gmt":"2018-06-06T22:50:41","slug":"los-desastres-naturales-mas-mortales-de-la-historia-de-estados-unidos","status":"publish","type":"post","link":"https:\/\/www.elsemanarioonline.com\/es\/los-desastres-naturales-mas-mortales-de-la-historia-de-estados-unidos\/","title":{"rendered":"Los Desastres Naturales M\u00e1s Mortales de la Historia de Estados Unidos"},"content":{"rendered":"<p><!-- VideographyWP Plugin Message: Automatic video embedding prevented by plugin options. --><br \/>\nPor Luis V. Guti\u00e9rrez<\/p>\n<p>\u00a0<\/p>\n<p><em>Nota de Editor: El congresista Luis V. Guti\u00e9rrez (D-IL) public\u00f3 la siguiente declaraci\u00f3n en respuesta a un estudio en el New England Journal of Medicine realizado por investigadores de la Universidad de Harvard que estima que el n\u00famero de muertos en Puerto Rico por el hurac\u00e1n Mar\u00eda fue de al menos 4,645, convirti\u00e9ndolo en uno de los desastres naturales m\u00e1s mortales en la historia de Estados Unidos.<\/em><\/p>\n<p>El hurac\u00e1n Mar\u00eda impact\u00f3 a Puerto Rico con una fuerza inmensa durante un d\u00eda entero en septiembre de 2017.\u00a0 Pero la respuesta del gobierno federal al da\u00f1o que caus\u00f3 Mar\u00eda fue el verdadero desastre. El estudio de la Universidad de Harvard confirma nuestras peores pesadillas, predicciones y preocupaciones. No fui el \u00fanico quien, desde el principio, supo que hubo m\u00e1s muertes que aquellas indicadas por el Presidente, por el Gobernador o por las fuentes oficiales. Muchos constituyentes puertorrique\u00f1os me contaron que ten\u00edan familiares que hab\u00edan muerto y hab\u00edan sido cremados y enterrados antes de que la familia pudiera llevar acabo los arreglos pertinentes. Conoc\u00ed a personas de edad avanzada, personas enfermas y a personas incapacitadas en los d\u00edas y semanas despu\u00e9s de la tormenta, quienes no ten\u00edan acceso a servicios m\u00e9dicos, electricidad o agua potable, lo cual pon\u00eda sus vidas en riesgo despu\u00e9s de la tormenta.<\/p>\n<blockquote><p>Tirar algunos rollos de papel toalla e informar a la gente que Puerto Rico es una isla rodeada de agua no fue la manera en las que millones de personas con necesidades debieron haber sido tratadas. Ellos merec\u00edan ser tratados con urgencia, con compasi\u00f3n y con honestidad\u2014 cualidades del ser humano que sobre pasan la capacidad de este presidente.<\/p><\/blockquote>\n<p>Esta es una verdadera tragedia estadounidense. La respuesta que recibi\u00f3 Puerto Rico no se compara a la que recibieron otras zonas afectadas por desastres como Texas y la Florida. En estos lugares donde hubo una respuesta adecuada, se salvaron muchas vidas, gracias a Dios. Sinceramente, la necesidad en Puerto Rico era m\u00e1s urgente y la respuesta fue completamente insuficiente para la magnitud del desastre que se encontraba la isla.<\/p>\n<p>Si, el hurac\u00e1n caus\u00f3 muertes. Eso fue debido a la madre naturaleza, pero esta tragedia se multiplic\u00f3 debido a la \u00edndole de la respuesta del Presidente de los Estados Unidos y nuestro gobierno. Tirar algunos rollos de papel toalla e informar a la gente que Puerto Rico es una isla rodeada de agua no fue la manera en las que millones de personas con necesidades debieron haber sido tratadas. Ellos merec\u00edan ser tratados con urgencia, con compasi\u00f3n y con honestidad\u2014 cualidades del ser humano que sobre pasan la capacidad de este presidente.<\/p>\n<p>\u00a0<\/p>\n<p>El Representante Luis V. Guti\u00e9rrez es un miembro del Comit\u00e9 Judicial y el Presidente del Grupo de Trabajo de Inmigraci\u00f3n del Caucus Hispano del Congreso\/Congressional Hispanic Caucus y es un miembro del Grupo de Trabajo de Puerto Rico del Caucus Hispano del Congreso.<\/p>\n<p><strong>\u00a0<\/strong><\/p>\n<p>\u00a0<\/p>\n","protected":false},"excerpt":{"rendered":"<p>Por Luis V. Guti\u00e9rrez \u00a0 Nota de Editor: El congresista Luis V. Guti\u00e9rrez (D-IL) public\u00f3 la siguiente declaraci\u00f3n en respuesta a un estudio en el New England Journal of Medicine&#8230;<\/p>\n","protected":false},"author":403,"featured_media":6710,"comment_status":"open","ping_status":"open","sticky":false,"template":"","format":"standard","meta":{"give_campaign_id":0,"_jetpack_memberships_contains_paid_content":false,"footnotes":""},"categories":[72],"tags":[],"class_list":["post-6709","post","type-post","status-publish","format-standard","has-post-thumbnail","hentry","category-comentario"],"jetpack_featured_media_url":"https:\/\/i0.wp.com\/www.elsemanarioonline.com\/wp-content\/uploads\/2018\/06\/NM-1-Commentary-S-Gutierrez-1pic.jpg?fit=1024%2C683&ssl=1","jetpack-related-posts":[],"jetpack_sharing_enabled":true,"_links":{"self":[{"href":"https:\/\/www.elsemanarioonline.com\/es\/wp-json\/wp\/v2\/posts\/6709","targetHints":{"allow":["GET"]}}],"collection":[{"href":"https:\/\/www.elsemanarioonline.com\/es\/wp-json\/wp\/v2\/posts"}],"about":[{"href":"https:\/\/www.elsemanarioonline.com\/es\/wp-json\/wp\/v2\/types\/post"}],"author":[{"embeddable":true,"href":"https:\/\/www.elsemanarioonline.com\/es\/wp-json\/wp\/v2\/users\/403"}],"replies":[{"embeddable":true,"href":"https:\/\/www.elsemanarioonline.com\/es\/wp-json\/wp\/v2\/comments?post=6709"}],"version-history":[{"count":0,"href":"https:\/\/www.elsemanarioonline.com\/es\/wp-json\/wp\/v2\/posts\/6709\/revisions"}],"wp:featuredmedia":[{"embeddable":true,"href":"https:\/\/www.elsemanarioonline.com\/es\/wp-json\/wp\/v2\/media\/6710"}],"wp:attachment":[{"href":"https:\/\/www.elsemanarioonline.com\/es\/wp-json\/wp\/v2\/media?parent=6709"}],"wp:term":[{"taxonomy":"category","embeddable":true,"href":"https:\/\/www.elsemanarioonline.com\/es\/wp-json\/wp\/v2\/categories?post=6709"},{"taxonomy":"post_tag","embeddable":true,"href":"https:\/\/www.elsemanarioonline.com\/es\/wp-json\/wp\/v2\/tags?post=6709"}],"curies":[{"name":"wp","href":"https:\/\/api.w.org\/{rel}","templated":true}]}}