{"id":6687,"date":"2018-05-31T01:02:20","date_gmt":"2018-05-31T01:02:20","guid":{"rendered":"http:\/\/elsemanarioonl.wpengine.com\/?p=6687\/"},"modified":"2018-05-31T01:02:20","modified_gmt":"2018-05-31T01:02:20","slug":"el-comentario-de-devos-esta-causando-panico-en-la-comunidad-inmigrante","status":"publish","type":"post","link":"https:\/\/www.elsemanarioonline.com\/es\/el-comentario-de-devos-esta-causando-panico-en-la-comunidad-inmigrante\/","title":{"rendered":"El Comentario de DeVos Est\u00e1 Causando P\u00e1nico en la Comunidad Inmigrante"},"content":{"rendered":"<p><!-- VideographyWP Plugin Message: Automatic video embedding prevented by plugin options. --><br \/>\nLa Secretaria de Educaci\u00f3n de Estados Unidos, Betsy DeVos, opin\u00f3 en la semana pasada que las escuelas pueden decidir por s\u00ed mismas el reportar a los estudiantes y a sus familias con las autoridades de inmigraci\u00f3n, una afirmaci\u00f3n que contradice la Constituci\u00f3n del pa\u00eds, la delicada posici\u00f3n de la pol\u00edtica del DHS, as\u00ed como la m\u00e1s elemental decencia y humanidad.<\/p>\n<p>Durante una audiencia ante el Comit\u00e9 de Educaci\u00f3n y Fuerza Laboral de la C\u00e1mara de Representantes, el congresista Adriano Espaillat (D-NY) le\u00a0pregunt\u00f3\u00a0a la secretaria DeVos: \u201cSi un director o un maestro se entera de que cierto estudiante es indocumentado, o que sus familiares lo son, \u00bfcree que dicho director o maestro deber\u00eda llamar [a ICE] para reportar a esa familia?\u201d DeVos respondi\u00f3: \u201cCreo que esa es una decisi\u00f3n de la escuela\u2026 es una decisi\u00f3n comunitaria local. Y una vez m\u00e1s, me refiero al hecho de que tenemos leyes y que tambi\u00e9n somos compasivos, e insto a este grupo a hacer su trabajo y abordar o aclarar si existe confusi\u00f3n en torno de esto\u201d.<\/p>\n<p>De acuerdo con Pili Tobar, Directora General de Am\u00e9rica\u2019s Voice: \u201cLa Suprema Corte ha dictaminado que todos los ni\u00f1os en Estados Unidos tienen el derecho a la educaci\u00f3n, independientemente de su estatus migratorio. La secretaria DeVos ignora este derecho o sigue deliberadamente al resto de los miembros del gobierno de Trump hacia la misma madriguera antiinmigrante, a\u00f1adiendo una cosa m\u00e1s a la lista de crueles pol\u00edticas dedicadas a perseguir y poner en riesgo a los ni\u00f1os.<\/p>\n<p>\u201cEl que una Secretaria de Educaci\u00f3n diga que lugares sensibles como las escuelas \u2014las cuales deber\u00edan constituir un ambiente de refugio enfocado en el aprendizaje y el bienstar de los ni\u00f1os\u2014 puedan y deban considerar el llamar a las autoridades inmigratorias para llevarse a los ni\u00f1os es simplemente atroz, malvado e inhumano. El gobierno debe aclarar la posici\u00f3n del DHS antes de que se desate el p\u00e1nico entre los ni\u00f1os inmigrantes y sus familias alrededor del pa\u00eds\u201d.<\/p>\n<p>\u00a0<\/p>\n<p>\u00a0<\/p>\n","protected":false},"excerpt":{"rendered":"<p>La Secretaria de Educaci\u00f3n de Estados Unidos, Betsy DeVos, opin\u00f3 en la semana pasada que las escuelas pueden decidir por s\u00ed mismas el reportar a los estudiantes y a sus&#8230;<\/p>\n","protected":false},"author":1,"featured_media":1817,"comment_status":"open","ping_status":"open","sticky":false,"template":"","format":"standard","meta":{"give_campaign_id":0,"_jetpack_memberships_contains_paid_content":false,"footnotes":""},"categories":[61],"tags":[],"class_list":["post-6687","post","type-post","status-publish","format-standard","has-post-thumbnail","hentry","category-sin-categorizar"],"jetpack_featured_media_url":"https:\/\/i0.wp.com\/www.elsemanarioonline.com\/wp-content\/uploads\/2016\/11\/default.jpg?fit=1280%2C800&ssl=1","jetpack-related-posts":[],"jetpack_sharing_enabled":true,"_links":{"self":[{"href":"https:\/\/www.elsemanarioonline.com\/es\/wp-json\/wp\/v2\/posts\/6687","targetHints":{"allow":["GET"]}}],"collection":[{"href":"https:\/\/www.elsemanarioonline.com\/es\/wp-json\/wp\/v2\/posts"}],"about":[{"href":"https:\/\/www.elsemanarioonline.com\/es\/wp-json\/wp\/v2\/types\/post"}],"author":[{"embeddable":true,"href":"https:\/\/www.elsemanarioonline.com\/es\/wp-json\/wp\/v2\/users\/1"}],"replies":[{"embeddable":true,"href":"https:\/\/www.elsemanarioonline.com\/es\/wp-json\/wp\/v2\/comments?post=6687"}],"version-history":[{"count":0,"href":"https:\/\/www.elsemanarioonline.com\/es\/wp-json\/wp\/v2\/posts\/6687\/revisions"}],"wp:featuredmedia":[{"embeddable":true,"href":"https:\/\/www.elsemanarioonline.com\/es\/wp-json\/wp\/v2\/media\/1817"}],"wp:attachment":[{"href":"https:\/\/www.elsemanarioonline.com\/es\/wp-json\/wp\/v2\/media?parent=6687"}],"wp:term":[{"taxonomy":"category","embeddable":true,"href":"https:\/\/www.elsemanarioonline.com\/es\/wp-json\/wp\/v2\/categories?post=6687"},{"taxonomy":"post_tag","embeddable":true,"href":"https:\/\/www.elsemanarioonline.com\/es\/wp-json\/wp\/v2\/tags?post=6687"}],"curies":[{"name":"wp","href":"https:\/\/api.w.org\/{rel}","templated":true}]}}