{"id":6607,"date":"2018-05-09T23:25:18","date_gmt":"2018-05-09T23:25:18","guid":{"rendered":"http:\/\/elsemanarioonl.wpengine.com\/?p=6607\/"},"modified":"2018-05-09T23:25:18","modified_gmt":"2018-05-09T23:25:18","slug":"a-todos-nos-duele-puerto-rico","status":"publish","type":"post","link":"https:\/\/www.elsemanarioonline.com\/es\/a-todos-nos-duele-puerto-rico\/","title":{"rendered":"A Todos Nos Duele Puerto Rico"},"content":{"rendered":"<p><!-- VideographyWP Plugin Message: Automatic video embedding prevented by plugin options. --><br \/>\n\u201cMe duele Puerto Rico\u201d, me confes\u00f3 hace poco un buen amigo boricua. Y no es para menos. La isla a duras penas se recupera de la peor cat\u00e1strofe ambiental de su historia en medio de la desidia del gobierno federal mientras los buitres del capitalismo de desastre dan vueltas sobre el alma de la isla.<\/p>\n<p>Puerto Rico tambi\u00e9n me inspira profunda admiraci\u00f3n por un pueblo que ante devastadoras circunstancias, se niega a doblar la rodilla. Y esto lo volvimos a ver durante el paro nacional del primero de mayo que moviliz\u00f3 a cientos de miles de personas contra las draconianas medidas de austeridad del gobierno local y la Junta de Supervisi\u00f3n Fiscal, la entidad dependiente del Congreso Federal para gestionar los $70.000 millones de deuda de la isla.<\/p>\n<p>\u201cLos capitalistas del desastre, la administraci\u00f3n Trump e incluso l\u00edderes locales quieren obligar al pueblo puertorrique\u00f1o a vender los bienes p\u00fablicos para cumplir con injustas obligaciones de deuda a bancos internacionales\u201d, dijo Jos\u00e9 Men\u00e9ndez, presidente del Cap\u00edtulo de Puerto Rico del Sierra Club. \u201cNo vamos a permitir que los huracanes Mar\u00eda e Irma se usen como excusa para robar los bienes m\u00e1s valiosos del pueblo de Puerto Rico\u201d.<\/p>\n<p>Uno de esos bienes es el sector energ\u00e9tico, el cual es de especial relevancia ya que se tard\u00f3 siete meses en restablecer la energ\u00eda el\u00e9ctrica en la isla tras el peor apag\u00f3n de la historia de Estados Unidos, causado por el embate de los huracanes Mar\u00eda e Irma. En febrero, el Gobernador Ricardo Rossell\u00f3 propuso la privatizaci\u00f3n de la Autoridad de Energ\u00eda El\u00e9ctrica (AEE) \u2014un ente p\u00fablico declarado en bancarrota\u2014 y el debilitamiento de la Comisi\u00f3n de Energ\u00eda, encargada de monitorear a AEE.<\/p>\n<blockquote><p>\u00abWe will not allow hurricanes Mar\u00eda and Irma to be used as an excuse to rob the people of Puerto Rico of our most valuable assets.\u201d<br \/>\nJos\u00e9 Men\u00e9ndez, Sierra Club Puerto Rico\n <\/p><\/blockquote>\n<p>El esc\u00e1ndalo protagonizado por Whitefish Energy \u2014una empresa de dos empleados vinculada al Secretario del Interior, Ryan Zinke, que logr\u00f3 un contrato de $300 millones para reparar la red el\u00e9ctrica de la isla\u2014 ilustra los peligros de la privatizaci\u00f3n. Hace meses, AEE otorg\u00f3 el contrato sin concurso previo; y tras solo semanas de incompetencia y acusaciones de corrupci\u00f3n, el Gobernador Rossell\u00f3 lo cancel\u00f3 y el FBI empez\u00f3 a investigarlo. Mientras tanto, millones de puertorrique\u00f1os segu\u00edan a oscuras.<\/p>\n<p>El 99% de la electricidad de Puerto Rico viene de combustibles f\u00f3siles, lo cual hace que la cuenta de la luz sea el doble de cara que el promedio de Estados Unidos. Y ahora el gobierno propone reemplazar el vetusto sistema el\u00e9ctrico construyendo m\u00e1s plantas de combustibles f\u00f3siles e incluso un incinerador de basura.<\/p>\n<p>La isla tiene una oportunidad hist\u00f3rica de construir una red basada en la energ\u00eda limpia \u2014como las microrredes de energ\u00eda solar\u2014 que la convertir\u00eda en un l\u00edder nacional en el desarrollo de tecnolog\u00edas limpias y descentralizadas que beneficiar\u00edan a todos los habitantes de la isla y la preparar\u00eda para confrontar casos de clima extremo.<\/p>\n<p>Pero para lograr esto, y para reconstruir las 500.000 viviendas y la mayor\u00eda de la infraestructura de la isla devastadas por Mar\u00eda, el gobierno federal tiene que entregar los $90 mil millones que se estima que costar\u00e1 la reconstrucci\u00f3n de Puerto Rico.<\/p>\n<p>La Alcaldesa de San Juan, Carmen Yul\u00edn Cruz, califica la respuesta federal a la mayor cat\u00e1strofe en la historia de Puerto Rico como \u201cuna violaci\u00f3n de nuestros derechos humanos\u201d. No solo se trata de entregar los recursos necesarios para una reconstrucci\u00f3n justa y ecu\u00e1nime. Tambi\u00e9n hay que tratar a nuestras hermanas y hermanos puertorrique\u00f1os como ciudadanos estadounidenses de primera clase.<\/p>\n<p>Porque a todos nos duele Puerto Rico.<\/p>\n<p>\u00a0<\/p>\n<p>Javier Sierra is a Sierra Club columnist. Follow him on Twitter @javier_SC.<\/p>\n<p>\u00a0<\/p>\n<p>\u00a0<\/p>\n<p>\u00a0<\/p>\n","protected":false},"excerpt":{"rendered":"<p>\u201cMe duele Puerto Rico\u201d, me confes\u00f3 hace poco un buen amigo boricua. Y no es para menos. La isla a duras penas se recupera de la peor cat\u00e1strofe ambiental de&#8230;<\/p>\n","protected":false},"author":59,"featured_media":6608,"comment_status":"open","ping_status":"open","sticky":false,"template":"","format":"standard","meta":{"give_campaign_id":0,"_jetpack_memberships_contains_paid_content":false,"footnotes":""},"categories":[72],"tags":[],"class_list":["post-6607","post","type-post","status-publish","format-standard","has-post-thumbnail","hentry","category-comentario"],"jetpack_featured_media_url":"https:\/\/i0.wp.com\/www.elsemanarioonline.com\/wp-content\/uploads\/2018\/05\/CO-1-Commentary-S-Sierra-1pic.jpg?fit=1024%2C683&ssl=1","jetpack-related-posts":[],"jetpack_sharing_enabled":true,"_links":{"self":[{"href":"https:\/\/www.elsemanarioonline.com\/es\/wp-json\/wp\/v2\/posts\/6607","targetHints":{"allow":["GET"]}}],"collection":[{"href":"https:\/\/www.elsemanarioonline.com\/es\/wp-json\/wp\/v2\/posts"}],"about":[{"href":"https:\/\/www.elsemanarioonline.com\/es\/wp-json\/wp\/v2\/types\/post"}],"author":[{"embeddable":true,"href":"https:\/\/www.elsemanarioonline.com\/es\/wp-json\/wp\/v2\/users\/59"}],"replies":[{"embeddable":true,"href":"https:\/\/www.elsemanarioonline.com\/es\/wp-json\/wp\/v2\/comments?post=6607"}],"version-history":[{"count":0,"href":"https:\/\/www.elsemanarioonline.com\/es\/wp-json\/wp\/v2\/posts\/6607\/revisions"}],"wp:featuredmedia":[{"embeddable":true,"href":"https:\/\/www.elsemanarioonline.com\/es\/wp-json\/wp\/v2\/media\/6608"}],"wp:attachment":[{"href":"https:\/\/www.elsemanarioonline.com\/es\/wp-json\/wp\/v2\/media?parent=6607"}],"wp:term":[{"taxonomy":"category","embeddable":true,"href":"https:\/\/www.elsemanarioonline.com\/es\/wp-json\/wp\/v2\/categories?post=6607"},{"taxonomy":"post_tag","embeddable":true,"href":"https:\/\/www.elsemanarioonline.com\/es\/wp-json\/wp\/v2\/tags?post=6607"}],"curies":[{"name":"wp","href":"https:\/\/api.w.org\/{rel}","templated":true}]}}