{"id":6304,"date":"2018-02-21T23:08:14","date_gmt":"2018-02-21T23:08:14","guid":{"rendered":"http:\/\/elsemanarioonl.wpengine.com\/?p=6304\/"},"modified":"2018-02-21T23:08:14","modified_gmt":"2018-02-21T23:08:14","slug":"necesitamos-una-nueva-forma-de-avanzar-para-los-dreamers","status":"publish","type":"post","link":"https:\/\/www.elsemanarioonline.com\/es\/necesitamos-una-nueva-forma-de-avanzar-para-los-dreamers\/","title":{"rendered":"Necesitamos una nueva forma de avanzar para los Dreamers"},"content":{"rendered":"<p><!-- VideographyWP Plugin Message: Automatic video embedding prevented by plugin options. --><br \/>\nEstoy orgulloso de los dem\u00f3cratas que defendieron a los so\u00f1adores en horas de la madrugada y votaron en contra del acuerdo presupuestario del Senado. Esta fue una de las votaciones m\u00e1s dif\u00edciles que he tomado porque hay muchas cosas buenas en el paquete para la gente de mi Distrito y el pueblo de Puerto Rico, a quienes quiero profundamente. Pero muchos dem\u00f3cratas se mantuvieron firmes en sus principios e hicieron lo que se nos orden\u00f3 moralmente que hici\u00e9ramos para proteger a nuestros compatriotas estadounidenses, los Dreamers.<\/p>\n<p>Desde septiembre, yo y otros dem\u00f3cratas hemos retenido nuestro apoyo a los gastos obligatorios, el techo de la deuda y las votaciones para evitar la tragedia de ver a los so\u00f1adores deportados. A medida que sus protecciones legales expiren, m\u00e1s se perder\u00e1n, y a medida que nos enfrentamos al resto del a\u00f1o, nuestra capacidad de hacer que los republicanos rindan cuentas a nuestros valores se ha desvanecido. Es evidente que necesitamos una nueva forma de avanzar.<\/p>\n<p>Hoy comienza el nuevo cap\u00edtulo en la lucha para proteger a los so\u00f1adores que crecieron en este pa\u00eds y son nuestros compatriotas estadounidenses. Protegerlos de la deportaci\u00f3n no es s\u00f3lo un acto de misericordia o altruismo para ellos y sus familias, es vital para proteger la reputaci\u00f3n de Estados Unidos y su posici\u00f3n en el mundo. La imagen de Estados Unidos deportando a sus compatriotas estadounidenses no es algo que este pa\u00eds o el Partido Republicano quieran ver desplegarse cada noche en las noticias nacionales y locales. Y cuando los m\u00e9dicos, soldados y maestros deportados se presentan con grilletes en pa\u00edses extranjeros y conceden entrevistas en ingl\u00e9s impecable en las noticias locales e internacionales, manchar\u00e1 la reputaci\u00f3n de la naci\u00f3n que todos amamos.<\/p>\n<p>El 5 de marzo, el n\u00famero de So\u00f1adores que se vuelven indocumentados e incapaces de trabajar y vivir aqu\u00ed sin el constante temor a la deportaci\u00f3n comienza a multiplicarse por diez. As\u00ed que el tiempo corre a marchas forzadas para una nueva forma de avanzar.<\/p>\n<p>Si los republicanos en el Congreso y en la Casa Blanca se toman en serio lo de evitar el feo espect\u00e1culo de deportar a los so\u00f1adores, necesitan extender la mano y tender la mano r\u00e1pidamente. Hemos elaborado legislaci\u00f3n bipartidista en el pasado y yo soy un veterano de esos esfuerzos, as\u00ed que s\u00e9 que hay buenas personas en ambos lados del pasillo que quieren hacer algo. Ahora s\u00f3lo necesitamos el valor y la decencia para poner fin a las disputas y llegar a legislar una soluci\u00f3n al problema y proteger a los so\u00f1adores -y a Estados Unidos- de la pesadilla que nunca debimos haber tenido que temer.<\/p>\n<p>\u00a0<\/p>\n<p>Rep. Luis V. Guti\u00e9rrez es un miembro del Comit\u00e9 Judicial y el Presidente del Grupo de Trabajo del Comit\u00e9 Hispano del Congreso de Inmigraci\u00f3n.<\/p>\n<p>\u00a0<\/p>\n<p><strong>Leer M\u00e1s Comentarios: <\/strong><a href=\"http:\/\/www.elsemanario.us\">www.elsemanario.us<\/a><\/p>\n<p>\u00a0<\/p>\n","protected":false},"excerpt":{"rendered":"<p>Estoy orgulloso de los dem\u00f3cratas que defendieron a los so\u00f1adores en horas de la madrugada y votaron en contra del acuerdo presupuestario del Senado. Esta fue una de las votaciones&#8230;<\/p>\n","protected":false},"author":175,"featured_media":6303,"comment_status":"open","ping_status":"open","sticky":false,"template":"","format":"standard","meta":{"give_campaign_id":0,"_jetpack_memberships_contains_paid_content":false,"footnotes":""},"categories":[72],"tags":[],"class_list":["post-6304","post","type-post","status-publish","format-standard","has-post-thumbnail","hentry","category-comentario"],"jetpack_featured_media_url":"https:\/\/i0.wp.com\/www.elsemanarioonline.com\/wp-content\/uploads\/2018\/02\/CO-3-Commentary-E-Gutierrez-daca-1pic.jpg?fit=720%2C576&ssl=1","jetpack-related-posts":[],"jetpack_sharing_enabled":true,"_links":{"self":[{"href":"https:\/\/www.elsemanarioonline.com\/es\/wp-json\/wp\/v2\/posts\/6304","targetHints":{"allow":["GET"]}}],"collection":[{"href":"https:\/\/www.elsemanarioonline.com\/es\/wp-json\/wp\/v2\/posts"}],"about":[{"href":"https:\/\/www.elsemanarioonline.com\/es\/wp-json\/wp\/v2\/types\/post"}],"author":[{"embeddable":true,"href":"https:\/\/www.elsemanarioonline.com\/es\/wp-json\/wp\/v2\/users\/175"}],"replies":[{"embeddable":true,"href":"https:\/\/www.elsemanarioonline.com\/es\/wp-json\/wp\/v2\/comments?post=6304"}],"version-history":[{"count":0,"href":"https:\/\/www.elsemanarioonline.com\/es\/wp-json\/wp\/v2\/posts\/6304\/revisions"}],"wp:featuredmedia":[{"embeddable":true,"href":"https:\/\/www.elsemanarioonline.com\/es\/wp-json\/wp\/v2\/media\/6303"}],"wp:attachment":[{"href":"https:\/\/www.elsemanarioonline.com\/es\/wp-json\/wp\/v2\/media?parent=6304"}],"wp:term":[{"taxonomy":"category","embeddable":true,"href":"https:\/\/www.elsemanarioonline.com\/es\/wp-json\/wp\/v2\/categories?post=6304"},{"taxonomy":"post_tag","embeddable":true,"href":"https:\/\/www.elsemanarioonline.com\/es\/wp-json\/wp\/v2\/tags?post=6304"}],"curies":[{"name":"wp","href":"https:\/\/api.w.org\/{rel}","templated":true}]}}