{"id":6020,"date":"2017-12-14T00:04:31","date_gmt":"2017-12-14T00:04:31","guid":{"rendered":"http:\/\/elsemanarioonl.wpengine.com\/?p=6020\/"},"modified":"2017-12-14T00:05:01","modified_gmt":"2017-12-14T00:05:01","slug":"el-presidente-de-la-ufw-arturo-rodriguez-participa-en-la-obediencia-civil","status":"publish","type":"post","link":"https:\/\/www.elsemanarioonline.com\/es\/el-presidente-de-la-ufw-arturo-rodriguez-participa-en-la-obediencia-civil\/","title":{"rendered":"El Presidente de la UFW, Arturo Rodr\u00edguez, Participa en la Obediencia Civil"},"content":{"rendered":"<p><!-- VideographyWP Plugin Message: Automatic video embedding prevented by plugin options. --><br \/>\nEl presidente de la Uni\u00f3n de Campesinos, Arturo S. Rodr\u00edguez, fue uno de los 181 manifestantes arrestados 6 de diciembre, mientras participan en una desobediencia civil en Capitol Hill para exigirle al congreso controlado por republicanos que cumplan con los compromisos para promulgar las leyes que permitan a los beneficiarios de DACA permanecer en los EE.UU. despu\u00e9s de que Donald Trump haya puesto fin al programa en septiembre y entrego la resoluci\u00f3n al congreso.\u00a0 El Dream Act bipartidista proporcionar\u00eda alivio a la deportaci\u00f3n de casi 800,000 Dreamers.<\/p>\n<p><strong>Al medio d\u00eda tiempo este, un grupo se separ\u00f3 de los miles de manifestantes y se sentaron uno al lado del otro en los escalones en el edificio del capitolio. Rodr\u00edguez ayudo a sostener una pancarta haciendo un llamado a una r\u00e1pida promulgaci\u00f3n del Dream Act, y fue arrestado junto a otras 180 personas. Los oficiales de polic\u00eda se quedaron sin esposas.\u00a0 Los arrestados fueron procesados y llevados a un centro de detenci\u00f3n en Washington. Eventualmente, Rodr\u00edguez y la mayor\u00eda de los otros detenidos fueron liberados m\u00e1s tarde. Fue el mayor acto de desobediencia civil organizada por grupos de derechos de inmigrantes.<\/strong><\/p>\n<p>Anteriormente, Rodr\u00edguez se uni\u00f3 a una delegaci\u00f3n de 11 miembros de la Fundaci\u00f3n de la UFW que viajaron desde Salinas, Oxnard y el Valle Central hacia las manifestaciones en la capital de EE.UU. Todos menos, una persona de la delegaci\u00f3n, son beneficiarios de DACA que est\u00e1n o han estado trabajando en los campos o que son hijos de campesinos.\u00a0 Miembros de la Fundaci\u00f3n de la UFW han estado presionado por varios meses al representante David Valadao (R-Hanford) para que firme la petici\u00f3n especial conocida en ingl\u00e9s como \u201cdischarge petition\u201d que requerir\u00eda que los l\u00edderes republicanos permitieran un voto sobre el Dream Act en la C\u00e1mara de Representantes. M\u00e1s informaci\u00f3n: ufw.org.<\/p>\n<p>\u00a0<\/p>\n<p><strong>Para M\u00e1s Noticias Nacional: <\/strong><a href=\"http:\/\/www.elsemanario.us\">www.elsemanario.us<\/a><\/p>\n<p><strong>\u00a0<\/strong><\/p>\n<p>\u00a0<\/p>\n<p>\u00a0<\/p>\n","protected":false},"excerpt":{"rendered":"<p>El presidente de la Uni\u00f3n de Campesinos, Arturo S. Rodr\u00edguez, fue uno de los 181 manifestantes arrestados 6 de diciembre, mientras participan en una desobediencia civil en Capitol Hill para&#8230;<\/p>\n","protected":false},"author":367,"featured_media":6021,"comment_status":"open","ping_status":"open","sticky":false,"template":"","format":"standard","meta":{"give_campaign_id":0,"_jetpack_memberships_contains_paid_content":false,"footnotes":""},"categories":[81],"tags":[],"class_list":["post-6020","post","type-post","status-publish","format-standard","has-post-thumbnail","hentry","category-noticias-nacionales"],"jetpack_featured_media_url":"https:\/\/i0.wp.com\/www.elsemanarioonline.com\/wp-content\/uploads\/2017\/12\/CO-2-Nat-News-S-ufw-1-pic.jpg?fit=1024%2C683&ssl=1","jetpack-related-posts":[],"jetpack_sharing_enabled":true,"_links":{"self":[{"href":"https:\/\/www.elsemanarioonline.com\/es\/wp-json\/wp\/v2\/posts\/6020","targetHints":{"allow":["GET"]}}],"collection":[{"href":"https:\/\/www.elsemanarioonline.com\/es\/wp-json\/wp\/v2\/posts"}],"about":[{"href":"https:\/\/www.elsemanarioonline.com\/es\/wp-json\/wp\/v2\/types\/post"}],"author":[{"embeddable":true,"href":"https:\/\/www.elsemanarioonline.com\/es\/wp-json\/wp\/v2\/users\/367"}],"replies":[{"embeddable":true,"href":"https:\/\/www.elsemanarioonline.com\/es\/wp-json\/wp\/v2\/comments?post=6020"}],"version-history":[{"count":0,"href":"https:\/\/www.elsemanarioonline.com\/es\/wp-json\/wp\/v2\/posts\/6020\/revisions"}],"wp:featuredmedia":[{"embeddable":true,"href":"https:\/\/www.elsemanarioonline.com\/es\/wp-json\/wp\/v2\/media\/6021"}],"wp:attachment":[{"href":"https:\/\/www.elsemanarioonline.com\/es\/wp-json\/wp\/v2\/media?parent=6020"}],"wp:term":[{"taxonomy":"category","embeddable":true,"href":"https:\/\/www.elsemanarioonline.com\/es\/wp-json\/wp\/v2\/categories?post=6020"},{"taxonomy":"post_tag","embeddable":true,"href":"https:\/\/www.elsemanarioonline.com\/es\/wp-json\/wp\/v2\/tags?post=6020"}],"curies":[{"name":"wp","href":"https:\/\/api.w.org\/{rel}","templated":true}]}}