{"id":5884,"date":"2017-11-08T23:35:06","date_gmt":"2017-11-08T23:35:06","guid":{"rendered":"http:\/\/elsemanarioonl.wpengine.com\/?p=5884\/"},"modified":"2017-11-08T23:35:06","modified_gmt":"2017-11-08T23:35:06","slug":"debemos-aprobar-el-dream-act","status":"publish","type":"post","link":"https:\/\/www.elsemanarioonline.com\/es\/debemos-aprobar-el-dream-act\/","title":{"rendered":"Debemos Aprobar el Dream Act"},"content":{"rendered":"<p><!-- VideographyWP Plugin Message: Automatic video embedding prevented by plugin options. --><br \/>\nEstados Unidos ha sido el destino para familias inmigrantes como la nuestra incluso antes de que esta naci\u00f3n fuera fundada. Ya sea que hubieses nacido en Filadelfia, Pensilvania, de padres que emigraron de la India, o que te mudaras a Estados Unidos, c\u00f3mo un joven de Panama que se cri\u00f3 en Silver Spring, Maryland, esa b\u00fasqueda compartida de oportunidad trajo a millones de inmigrantes a las costas de Estados Unidos. Nuestro pa\u00eds nunca ha sido homog\u00e9neo, pero\u00a0<strong>la migraci\u00f3n ha sido una constante en nuestra historia y ha convertido a este pa\u00eds en lo que es hoy.<\/strong><\/p>\n<p>La Acci\u00f3n Diferida para los Llegados en la Infancia (DACA, por sus siglas en ingl\u00e9s) es\u00a0<strong>una de las victorias m\u00e1s importantes del movimiento por los derechos de los inmigrantes en la \u00faltima d\u00e9cada<\/strong>\u00a0y la lucha fue liderada por j\u00f3venes indocumentados. El programa ofreci\u00f3 esperanza para aquellos que fueron tra\u00eddos a este pa\u00eds cuando eran ni\u00f1os. Ahora sus vidas y la oportunidad de vivir sin miedo a ser deportados del pa\u00eds al que llaman hogar, est\u00e1n en peligro.<\/p>\n<figure id=\"attachment_5883\" aria-describedby=\"caption-attachment-5883\" style=\"width: 300px\" class=\"wp-caption alignleft\"><img data-recalc-dims=\"1\" fetchpriority=\"high\" decoding=\"async\" class=\"wp-image-5883 size-medium\" src=\"https:\/\/i0.wp.com\/elsemanarioonl.wpengine.com\/wp-content\/uploads\/2017\/11\/CO-1-Nat-News-E-Gupta-Green-2-pic-300x300.jpg?resize=300%2C300\" alt=\"\" width=\"300\" height=\"300\" srcset=\"https:\/\/i0.wp.com\/www.elsemanarioonline.com\/wp-content\/uploads\/2017\/11\/CO-1-Nat-News-E-Gupta-Green-2-pic.jpg?resize=300%2C300&ssl=1 300w, https:\/\/i0.wp.com\/www.elsemanarioonline.com\/wp-content\/uploads\/2017\/11\/CO-1-Nat-News-E-Gupta-Green-2-pic.jpg?resize=100%2C100&ssl=1 100w, https:\/\/i0.wp.com\/www.elsemanarioonline.com\/wp-content\/uploads\/2017\/11\/CO-1-Nat-News-E-Gupta-Green-2-pic.jpg?resize=600%2C600&ssl=1 600w, https:\/\/i0.wp.com\/www.elsemanarioonline.com\/wp-content\/uploads\/2017\/11\/CO-1-Nat-News-E-Gupta-Green-2-pic.jpg?resize=150%2C150&ssl=1 150w, https:\/\/i0.wp.com\/www.elsemanarioonline.com\/wp-content\/uploads\/2017\/11\/CO-1-Nat-News-E-Gupta-Green-2-pic.jpg?w=1023&ssl=1 1023w\" sizes=\"(max-width: 300px) 100vw, 300px\" \/><figcaption id=\"caption-attachment-5883\" class=\"wp-caption-text\">Foto: Twitter Jonathan Jayes-Green<\/figcaption><\/figure>\n<p>Los aproximadamente 800,000 j\u00f3venes indocumentados que se criaron en Estados Unidos son vulnerables a injustas deportaciones ahora que el presidente Trump ha derogado DACA, un programa que ofrec\u00eda grandes promesas para el futuro y el camino hacia la estabilidad econ\u00f3mica. Al igual que las generaciones de inmigrantes que vinieron antes que nosotros,\u00a0<strong>los j\u00f3venes indocumentados son miembros activos e integrales de nuestra sociedad<\/strong>\u00a0que aportan de manera incre\u00edble a todas nuestras comunidades, todos los d\u00edas. Sirven en nuestras fuerzas armadas, administran peque\u00f1os negocios, ense\u00f1an en nuestras escuelas y cuidan a los ancianos.<\/p>\n<p>Si el Congreso no aprueba un Dream Act justo, familias se ver\u00e1n separadas indefinidamente, nuestra econom\u00eda sufrir\u00e1 y las personas se quedar\u00e1n en las penumbras, haciendo que nuestras comunidades sean menos seguras.\u00a0<strong>Esto solo se podr\u00e1 detener con la acci\u00f3n inmediata del Congreso<\/strong>.<\/p>\n<blockquote><p>No se trata de otro tira y afloja pol\u00edtico. Es uno de los temas de derechos civiles m\u00e1s importantes de nuestro tiempo.<\/p><\/blockquote>\n<p>Debemos unirnos para defender a los j\u00f3venes indocumentados y exigir que los miembros del Congreso hagan lo correcto.<\/p>\n<p><strong>No se trata de otro tira y afloja pol\u00edtico.<\/strong>\u00a0Es uno de los temas de derechos civiles m\u00e1s importantes de nuestro tiempo. El Congreso debe aprobar un Dream Act justo y bipartidista como cuesti\u00f3n de decencia b\u00e1sica, justicia y equidad. Las personas indocumentadas son parte del tejido econ\u00f3mico, cultural e hist\u00f3rico de este pa\u00eds y merecen ser protegidas. Debemos aprobar el Dream Act para proteger a los j\u00f3venes indocumentados, quienes no deben ser tomados como rehenes por enmiendas divisivas que pondr\u00edan en peligro al resto de nuestra comunidad inmigrante.<\/p>\n<p><strong>Los j\u00f3venes indocumentados vienen de todo el mundo.\u00a0<\/strong>Hay m\u00e1s de 575,000 inmigrantes afrodescendientes indocumentados que viven en Estados unidos y al menos 16,000 de ellos son receptores de DACA. Los inmigrantes afrodescendientes se encuentran ante\u00a0<strong>barreras adicionales<\/strong>\u00a0en el sistema de inmigraci\u00f3n, tales como ser m\u00e1s propensos a ser criminalizados y deportados que otros grupos. Por eso es tan crucial asegurarnos de no permitir que se adopten disposiciones de aplicaci\u00f3n o penalizaci\u00f3n al Dream Act.<\/p>\n<p><strong>El presidente Trump cre\u00f3 esta crisis,<\/strong>\u00a0arrojando la vida de cientos de miles de j\u00f3venes inmigrantes y de sus familias al limbo.<\/p>\n<p>Aunque fue alentador ver el apoyo bipartidista para proteger a j\u00f3venes indocumentados poco despu\u00e9s de la despiadada derogaci\u00f3n de DACA por parte de Trump, el Congreso no ha actuado con la urgencia que amerita esta crisis.\u00a0<strong>Independientemente de cualquier cronograma que el presidente proponga, el Congreso debe ponerse a trabajar de inmediato para aprobar un Dream Act justo<u>.<\/u><\/strong>Las vidas de cientos de miles de j\u00f3venes est\u00e1n en juego. Ahora le corresponde al Congreso aprobar una soluci\u00f3n permanente para proteger a nuestras familias inmigrantes y hacer que Estados Unidos sea una naci\u00f3n m\u00e1s justa y equitativa.<\/p>\n<p>Por Vanita Gupta y\u00a0Jonathan Jayes-Green<\/p>\n<p>Vanita Gupta<em>\u00a0<\/em><em>es la presidenta <\/em><em>y\u00a0<\/em>directora ejecutiva del Leadership Conference sobre los derechos civiles y humanos. Jonathan Jayes-Green es receptor de DACA y co-creador y coordinador nacional del UndocuBlack Network.<\/p>\n<p>\u00a0<\/p>\n","protected":false},"excerpt":{"rendered":"<p>Estados Unidos ha sido el destino para familias inmigrantes como la nuestra incluso antes de que esta naci\u00f3n fuera fundada. Ya sea que hubieses nacido en Filadelfia, Pensilvania, de padres&#8230;<\/p>\n","protected":false},"author":1,"featured_media":5885,"comment_status":"open","ping_status":"open","sticky":false,"template":"","format":"standard","meta":{"give_campaign_id":0,"_jetpack_memberships_contains_paid_content":false,"footnotes":""},"categories":[81],"tags":[],"class_list":["post-5884","post","type-post","status-publish","format-standard","has-post-thumbnail","hentry","category-noticias-nacionales"],"jetpack_featured_media_url":"https:\/\/i0.wp.com\/www.elsemanarioonline.com\/wp-content\/uploads\/2017\/11\/CO-1-Nat-News-E-Gupta-Green-1-pic-1.jpg?fit=400%2C400&ssl=1","jetpack-related-posts":[],"jetpack_sharing_enabled":true,"_links":{"self":[{"href":"https:\/\/www.elsemanarioonline.com\/es\/wp-json\/wp\/v2\/posts\/5884","targetHints":{"allow":["GET"]}}],"collection":[{"href":"https:\/\/www.elsemanarioonline.com\/es\/wp-json\/wp\/v2\/posts"}],"about":[{"href":"https:\/\/www.elsemanarioonline.com\/es\/wp-json\/wp\/v2\/types\/post"}],"author":[{"embeddable":true,"href":"https:\/\/www.elsemanarioonline.com\/es\/wp-json\/wp\/v2\/users\/1"}],"replies":[{"embeddable":true,"href":"https:\/\/www.elsemanarioonline.com\/es\/wp-json\/wp\/v2\/comments?post=5884"}],"version-history":[{"count":0,"href":"https:\/\/www.elsemanarioonline.com\/es\/wp-json\/wp\/v2\/posts\/5884\/revisions"}],"wp:featuredmedia":[{"embeddable":true,"href":"https:\/\/www.elsemanarioonline.com\/es\/wp-json\/wp\/v2\/media\/5885"}],"wp:attachment":[{"href":"https:\/\/www.elsemanarioonline.com\/es\/wp-json\/wp\/v2\/media?parent=5884"}],"wp:term":[{"taxonomy":"category","embeddable":true,"href":"https:\/\/www.elsemanarioonline.com\/es\/wp-json\/wp\/v2\/categories?post=5884"},{"taxonomy":"post_tag","embeddable":true,"href":"https:\/\/www.elsemanarioonline.com\/es\/wp-json\/wp\/v2\/tags?post=5884"}],"curies":[{"name":"wp","href":"https:\/\/api.w.org\/{rel}","templated":true}]}}