{"id":5879,"date":"2017-11-08T23:31:07","date_gmt":"2017-11-08T23:31:07","guid":{"rendered":"http:\/\/elsemanarioonl.wpengine.com\/?p=5879\/"},"modified":"2017-11-08T23:31:07","modified_gmt":"2017-11-08T23:31:07","slug":"39623-recaudados-para-ayudar-a-las-victimas-del-terremoto","status":"publish","type":"post","link":"https:\/\/www.elsemanarioonline.com\/es\/39623-recaudados-para-ayudar-a-las-victimas-del-terremoto\/","title":{"rendered":"$39,623 Recaudados para Ayudar a las V\u00edctimas del Terremoto"},"content":{"rendered":"<p><!-- VideographyWP Plugin Message: Automatic video embedding prevented by plugin options. --><br \/>\nGracias a la comunidad CETYS en M\u00e9xico y el liderazgo de sus diversos grupos estudiantiles, se rebas\u00f3 la meta del reto lanzado por el periodista Jorge Ramos, recabando 39,623 d\u00f3lares que ser\u00e1n destinados a la reconstrucci\u00f3n de las zonas devastadas tras los desastres naturales presentados en los pasados meses.<\/p>\n<p>\u201cMientras estaba en Mexicali, me reun\u00ed con estudiantes de CETYS que est\u00e1n trabajando para hacer de su escuela una de las 10 mejores universidades del mundo. Inspirado por su tenacidad, les lanc\u00e9 el reto de recaudar 25 mil d\u00f3lares para las v\u00edctimas de los terremotos en M\u00e9xico\u201d, declar\u00f3 Jorge Ramos en su visita del mes de septiembre en el marco del Aniversario de CETYS Universidad. \u201cEstos estudiantes no solo estuvieron a la altura para ofrecer recursos tan necesarios, sino que la universidad tambi\u00e9n los apoy\u00f3 al 100%\u201d.<\/p>\n<p>Por su parte, el Dr. Fernando Le\u00f3n Garc\u00eda, Rector del Sistema CETYS Universidad coment\u00f3, \u201cEstamos orgullosos de decir que hemos superado la meta de manera contundente. El trabajo realizado refleja el compromiso que tiene CETYS de no solo enfocarnos al desarrollo acad\u00e9mico de nuestros alumnos, sino tambi\u00e9n a su desarrollo social. Con la formaci\u00f3n de personas integrales con\u00a0un alto compromiso con su comunidad, formamos verdaderos agentes de cambio\u201d.<\/p>\n<p>A trav\u00e9s de la organizaci\u00f3n de eventos sociales y culturales, as\u00ed como una serie de colectas en diversas modalidades, fue que grupos estudiantiles como la Red Universitaria para la Prevenci\u00f3n y Atenci\u00f3n de Desastres (UNIRED), una asociaci\u00f3n no-gubernamental con base en la ciudad de M\u00e9xico, cuya regi\u00f3n Noroeste es coordinada por CETYS, el Grupo de Liderazgo FORTES y Sociedades de Alumnos dirigieron los esfuerzos de recaudaci\u00f3n de fondos en los tres campus de CETYS Universidad.<\/p>\n<p>El reto Jorge Ramos se inici\u00f3 con un donativo personal por parte del reconocido periodista de 10 mil d\u00f3lares.<\/p>\n","protected":false},"excerpt":{"rendered":"<p>Gracias a la comunidad CETYS en M\u00e9xico y el liderazgo de sus diversos grupos estudiantiles, se rebas\u00f3 la meta del reto lanzado por el periodista Jorge Ramos, recabando 39,623 d\u00f3lares&#8230;<\/p>\n","protected":false},"author":1,"featured_media":5880,"comment_status":"open","ping_status":"open","sticky":false,"template":"","format":"standard","meta":{"give_campaign_id":0,"_jetpack_memberships_contains_paid_content":false,"footnotes":""},"categories":[80],"tags":[],"class_list":["post-5879","post","type-post","status-publish","format-standard","has-post-thumbnail","hentry","category-noticias-internacionales"],"jetpack_featured_media_url":"https:\/\/i0.wp.com\/www.elsemanarioonline.com\/wp-content\/uploads\/2017\/11\/CO-1-Internatl-News-S-students-1-pic.jpg?fit=400%2C266&ssl=1","jetpack-related-posts":[],"jetpack_sharing_enabled":true,"_links":{"self":[{"href":"https:\/\/www.elsemanarioonline.com\/es\/wp-json\/wp\/v2\/posts\/5879","targetHints":{"allow":["GET"]}}],"collection":[{"href":"https:\/\/www.elsemanarioonline.com\/es\/wp-json\/wp\/v2\/posts"}],"about":[{"href":"https:\/\/www.elsemanarioonline.com\/es\/wp-json\/wp\/v2\/types\/post"}],"author":[{"embeddable":true,"href":"https:\/\/www.elsemanarioonline.com\/es\/wp-json\/wp\/v2\/users\/1"}],"replies":[{"embeddable":true,"href":"https:\/\/www.elsemanarioonline.com\/es\/wp-json\/wp\/v2\/comments?post=5879"}],"version-history":[{"count":0,"href":"https:\/\/www.elsemanarioonline.com\/es\/wp-json\/wp\/v2\/posts\/5879\/revisions"}],"wp:featuredmedia":[{"embeddable":true,"href":"https:\/\/www.elsemanarioonline.com\/es\/wp-json\/wp\/v2\/media\/5880"}],"wp:attachment":[{"href":"https:\/\/www.elsemanarioonline.com\/es\/wp-json\/wp\/v2\/media?parent=5879"}],"wp:term":[{"taxonomy":"category","embeddable":true,"href":"https:\/\/www.elsemanarioonline.com\/es\/wp-json\/wp\/v2\/categories?post=5879"},{"taxonomy":"post_tag","embeddable":true,"href":"https:\/\/www.elsemanarioonline.com\/es\/wp-json\/wp\/v2\/tags?post=5879"}],"curies":[{"name":"wp","href":"https:\/\/api.w.org\/{rel}","templated":true}]}}