{"id":5847,"date":"2017-11-02T00:00:37","date_gmt":"2017-11-02T00:00:37","guid":{"rendered":"http:\/\/elsemanarioonl.wpengine.com\/?p=5847\/"},"modified":"2017-11-02T00:00:37","modified_gmt":"2017-11-02T00:00:37","slug":"las-escuelas-deben-preparar-los-alumnos-para-ser-exitosos","status":"publish","type":"post","link":"https:\/\/www.elsemanarioonline.com\/es\/las-escuelas-deben-preparar-los-alumnos-para-ser-exitosos\/","title":{"rendered":"Las Escuelas Deben Preparar los Alumnos para Ser Exitosos"},"content":{"rendered":"<p><!-- VideographyWP Plugin Message: Automatic video embedding prevented by plugin options. --><br \/>\nYo pertenezco a la ciudad de Denver. Como muchos de los estudiantes a los cuales ense\u00f1e, esta ciudad fue el primer lugar que llamamos hogar. Yo hago lo que hago por la labor de mi familia. Compartimos una casa peque\u00f1a con mis papas, hermanos, primos, abuelos, y ocho tios. En esta convivencia diaria, uno aprende la importancia de apoyarse unos a otros. El suroeste de Denver me hace pensar en oportunidad. Mis pap\u00e1s, Miguel y Ang\u00e9lica, firmaron el contrato de compra para ser due\u00f1os de su primera casa en el vecindario de Athmar Park el dia que cumpli 10 a\u00f1os. Estaban tan orgullosos de haber logrado el sue\u00f1o Americano despu\u00e9s de haber inmigrado desde M\u00e9xico. Yo tengo ra\u00edces profundas en el Distrito 2.<\/p>\n<p>Yo le debo al suroeste de Denver la base de quien soy. Me deslice en la nieve en Ruby Hill con mis hermanos H\u00e9ctor y Nicole y disfrute muchas horas de lectura en la biblioteca de Athmar. Pase los domingos en la iglesia de San Cayetano con mi familia. Hasta fui distinguida con el premio de <em>Mile High Scholar<\/em> en el quinto grado en la escuela Charles M. Schenck (CMS). Tengo una conexi\u00f3n especial con el Distrito 2. A trav\u00e9s de mi vida, siempre he gravitado de regreso a mi comunidad, mi familia.<\/p>\n<p>A trav\u00e9s de mi carrera en las escuelas publicas, asistir a la universidad para terminar una carrera result\u00f3 ser mi meta principal. Mis pap\u00e1s me ense\u00f1aron que yo pod\u00eda lograr lo que me propusiera si hacia lo mejor que pod\u00eda. Tambi\u00e9n enfrente varias de las mismas barreras que los estudiantes en el Distrito 2 enfrentan ahora. Yo recib\u00ed almuerzo a precio reducido o gratis, aprend\u00ed Ingles como segundo idioma, y no sab\u00eda c\u00f3mo aplicar a la universidad. Afortunadamente, tuve varios maestros que me ense\u00f1aron el camino.<\/p>\n<p>La universidad me ense\u00f1o como solucionar problemas para mejorar mi comunidad. Consegu\u00ed mi licenciatura en ciencias pol\u00edticas en Colorado College. Asistir a la universidad fue mi manera de honrar los sacrificios y lucha de mis padres. Pague por mi educaci\u00f3n con becas, tres diferentes trabajos, y pr\u00e9stamos estudiantiles. Cuando mire a mi alrededor, me di cuenta que no hab\u00eda ning\u00fan otro compa\u00f1ero del suroeste de Denver. Fue cuando decid\u00ed que necesitaba ser una maestra.<\/p>\n<p>En el 2011, coordine una visita al Colorado College para mis estudiantes. Yo quer\u00eda que ellos vieran lo que era posible. Ense\u00f1e lectura para estudiantes hispanoparlantes de segundo y tercer grado (ELA-S) en las Escuelas P\u00fablicas de Denver. A la vez que estaba ense\u00f1ando, recib\u00ed mi maestr\u00eda en Curr\u00edculo e Instrucci\u00f3n en la Universidad de Colorado-Denver. Durante mis a\u00f1os como maestra, mis estudiantes avanzaron m\u00e1s de lo que t\u00edpicamente avanzan en un a\u00f1o. Trabaje con los padres de familia ense\u00f1\u00e1ndoles c\u00f3mo apoyar el aprendizaje de sus ni\u00f1os en casa. Cada uno de los padres comparti\u00f3 conmigo su deseo de que sus ninos terminaran una carrera.<\/p>\n<p>Pero, el reporte de A+ Colorado, \u201cYa Basta,\u201d mostr\u00f3 que s\u00f3lo uno de cada diez estudiantes en el suroeste de Denver va ir a la universidad y graduarse. Esto es inaceptable. Por eso me cambie a trabajar como organizadora de la comunidad con Juntos Colorado. Ah\u00ed entrene a equipos de padres de familia y laicos en las iglesias. Juntos, logramos el cambio que quer\u00edamos ver en nuestra ciudad. Logramos mejorar opciones del transporte escolar para alumnos, mejoramos las relaciones entre polic\u00eda y comunidades inmigrantes. Y luchamos en el capitolio por el derecho a tener licencias de conducir y normas educativas fuertes. Pero la lucha contin\u00faa.<\/p>\n<p>Como maestra, yo vi que no todos los estudiantes tienen la misma oportunidad para estar preparados para la universidad o una carrera. Como organizadora, he aprendido que el poder centrado en la comunidad asegura progreso sustentable. Las escuelas deben preparar los alumnos con las bases acad\u00e9micas y sociales necesarias para ser exitosos. Yo tengo la experiencia y ganas para lograrlo como Directora representando el Distrito 2 en la Mesa Directiva de las Escuelas P\u00fablicas de Denver.<\/p>\n<p>\u00a0<\/p>\n<p>Angela Cobi\u00e1n es candidato a la Junta de Escuelas P\u00fablicas de Denver en el Distrito 2.<\/p>\n<p>\u00a0<\/p>\n<p>\u00a0<\/p>\n","protected":false},"excerpt":{"rendered":"<p>Yo pertenezco a la ciudad de Denver. Como muchos de los estudiantes a los cuales ense\u00f1e, esta ciudad fue el primer lugar que llamamos hogar. Yo hago lo que hago&#8230;<\/p>\n","protected":false},"author":351,"featured_media":5846,"comment_status":"open","ping_status":"open","sticky":false,"template":"","format":"standard","meta":{"give_campaign_id":0,"_jetpack_memberships_contains_paid_content":false,"footnotes":""},"categories":[71],"tags":[],"class_list":["post-5847","post","type-post","status-publish","format-standard","has-post-thumbnail","hentry","category-estado"],"jetpack_featured_media_url":"https:\/\/i0.wp.com\/www.elsemanarioonline.com\/wp-content\/uploads\/2017\/11\/CO-3-Cit-E-Cobian-1-pic.png?fit=300%2C199&ssl=1","jetpack-related-posts":[],"jetpack_sharing_enabled":true,"_links":{"self":[{"href":"https:\/\/www.elsemanarioonline.com\/es\/wp-json\/wp\/v2\/posts\/5847","targetHints":{"allow":["GET"]}}],"collection":[{"href":"https:\/\/www.elsemanarioonline.com\/es\/wp-json\/wp\/v2\/posts"}],"about":[{"href":"https:\/\/www.elsemanarioonline.com\/es\/wp-json\/wp\/v2\/types\/post"}],"author":[{"embeddable":true,"href":"https:\/\/www.elsemanarioonline.com\/es\/wp-json\/wp\/v2\/users\/351"}],"replies":[{"embeddable":true,"href":"https:\/\/www.elsemanarioonline.com\/es\/wp-json\/wp\/v2\/comments?post=5847"}],"version-history":[{"count":0,"href":"https:\/\/www.elsemanarioonline.com\/es\/wp-json\/wp\/v2\/posts\/5847\/revisions"}],"wp:featuredmedia":[{"embeddable":true,"href":"https:\/\/www.elsemanarioonline.com\/es\/wp-json\/wp\/v2\/media\/5846"}],"wp:attachment":[{"href":"https:\/\/www.elsemanarioonline.com\/es\/wp-json\/wp\/v2\/media?parent=5847"}],"wp:term":[{"taxonomy":"category","embeddable":true,"href":"https:\/\/www.elsemanarioonline.com\/es\/wp-json\/wp\/v2\/categories?post=5847"},{"taxonomy":"post_tag","embeddable":true,"href":"https:\/\/www.elsemanarioonline.com\/es\/wp-json\/wp\/v2\/tags?post=5847"}],"curies":[{"name":"wp","href":"https:\/\/api.w.org\/{rel}","templated":true}]}}