{"id":5767,"date":"2017-10-18T22:15:30","date_gmt":"2017-10-18T22:15:30","guid":{"rendered":"http:\/\/elsemanarioonl.wpengine.com\/?p=5767\/"},"modified":"2017-10-18T22:15:30","modified_gmt":"2017-10-18T22:15:30","slug":"fracasar-no-es-una-opcion","status":"publish","type":"post","link":"https:\/\/www.elsemanarioonline.com\/es\/fracasar-no-es-una-opcion\/","title":{"rendered":"Fracasar No es Una Opci\u00f3n"},"content":{"rendered":"<p><!-- VideographyWP Plugin Message: Automatic video embedding prevented by plugin options. --><br \/>\nSeamos claros: el destino de los Dreamers est\u00e1 en manos del Congreso. El presidente y su equipo han terminado DACA de una vez y para siempre, y se han apartado a s\u00ed mismos del centro de la acci\u00f3n. Si los Dreamers van a ser protegidos, el Congreso va a tener que encargarse de ello.<\/p>\n<p>Trump termin\u00f3 DACA el 5 de septiembre, el mismo d\u00eda en que el Procurador General lo declar\u00f3 anticonstitucional. Su gobierno bloque\u00f3 nuevas solicitudes e impuso la arbitraria fecha l\u00edmite del 5 de octubre para las renovaciones. Eso es todo. DACA se acab\u00f3. \u00bfEmitir\u00e1 el Procurador General una nueva acci\u00f3n ejecutiva para ampliar los actuales beneficiarios de DACA? No. Lo \u00fanico que queda entre los beneficiarios de DACA y la posibilidad de perder sus empleos, espacios en las universidades y la protecci\u00f3n contra la deportaci\u00f3n es la fecha en que expira su permiso de trabajo. Y lo \u00fanico que puede revertir este impensable resultado es la acci\u00f3n del Congreso.<\/p>\n<blockquote><p>Seamos claros: el destino de los Dreamers est\u00e1 en manos del Congreso.<\/p><\/blockquote>\n<p>S\u00ed, Trump negoci\u00f3 un acuerdo en principio con \u201cChuck y Nancy\u201d. Pero eso fue antes de que la Casa Blanca diera a conocer una larga lista de severas condiciones escritas por Stephen Miller y publicadas a nombre de Trump. En nuestra opini\u00f3n, el objetivo no era plantear una posici\u00f3n negociadora, sino descarrilar la legislaci\u00f3n. Los llamados \u201cprincipios de la Casa Blanca\u201d fueron inmediatamente denunciados por los dem\u00f3cratas e ignorados por los republicanos. La Casa Blanca de Trump ya no es el centro neur\u00e1lgico de una soluci\u00f3n para los Dreamers.<\/p>\n<p>As\u00ed que depende del Congreso. Cada dem\u00f3crata est\u00e1 preparado para votar por el Dream Act. Muchos republicanos est\u00e1n listos para votar por el Dream Act o algo parecido. Si el liderazgo republicano en la C\u00e1mara de Representantes y en el Senado permitieran los votos, la legislaci\u00f3n ser\u00eda aprobada. El problema es que el l\u00edder de la mayor\u00eda, McConnell, y el presidente de la C\u00e1mara Baja, Ryan, saben que este tema causa divisiones entre sus grupos, y son reacios a presionar. Hablan de grupos de trabajo, orden normal y el plazo del 5 de marzo. Pero por mucho que parezca que quieren hacer algo, no tienen un plan de acci\u00f3n. Si no logran tener uno ni llevarlo a cabo, entonces es m\u00e1s probable que veamos a los republicanos retrasar el tema hasta liquidarlo.<br \/>\nNecesitamos que hagan algo. Requerimos que aprueben una legislaci\u00f3n. Necesitamos que los republicanos y los dem\u00f3cratas en el Congreso se unan, forjen un acuerdo y, si es necesario, adjunten el Dream Act a un proyecto de ley que deba aprobarse este a\u00f1o. Trump se ha marginado \u00e9l mismo. Hablar de \u201corden normal\u201d por parte de los republicanos se est\u00e1 convirtiendo en una excusa para la inactividad. Necesitamos que los republicanos se unan a los dem\u00f3cratas para lograrlo, y pronto. Los riesgos son incre\u00edblemente altos. La hora de la verdad se nos viene encima. Fracasar no es una opci\u00f3n.<\/p>\n<p><em>Frank Sharry es el director ejecutivo de Am\u00e9rica\u2019s Voice Education Fund.<\/em><\/p>\n<p>&nbsp;<\/p>\n<p>&nbsp;<\/p>\n","protected":false},"excerpt":{"rendered":"<p>Seamos claros: el destino de los Dreamers est\u00e1 en manos del Congreso. El presidente y su equipo han terminado DACA de una vez y para siempre, y se han apartado&#8230;<\/p>\n","protected":false},"author":166,"featured_media":5768,"comment_status":"open","ping_status":"open","sticky":false,"template":"","format":"standard","meta":{"give_campaign_id":0,"_jetpack_memberships_contains_paid_content":false,"footnotes":""},"categories":[81],"tags":[],"class_list":["post-5767","post","type-post","status-publish","format-standard","has-post-thumbnail","hentry","category-noticias-nacionales"],"jetpack_featured_media_url":"https:\/\/i0.wp.com\/www.elsemanarioonline.com\/wp-content\/uploads\/2017\/10\/CO-1-Nat-News-S-Sharry-1-pic.jpg?fit=400%2C400&ssl=1","jetpack-related-posts":[],"jetpack_sharing_enabled":true,"_links":{"self":[{"href":"https:\/\/www.elsemanarioonline.com\/es\/wp-json\/wp\/v2\/posts\/5767","targetHints":{"allow":["GET"]}}],"collection":[{"href":"https:\/\/www.elsemanarioonline.com\/es\/wp-json\/wp\/v2\/posts"}],"about":[{"href":"https:\/\/www.elsemanarioonline.com\/es\/wp-json\/wp\/v2\/types\/post"}],"author":[{"embeddable":true,"href":"https:\/\/www.elsemanarioonline.com\/es\/wp-json\/wp\/v2\/users\/166"}],"replies":[{"embeddable":true,"href":"https:\/\/www.elsemanarioonline.com\/es\/wp-json\/wp\/v2\/comments?post=5767"}],"version-history":[{"count":0,"href":"https:\/\/www.elsemanarioonline.com\/es\/wp-json\/wp\/v2\/posts\/5767\/revisions"}],"wp:featuredmedia":[{"embeddable":true,"href":"https:\/\/www.elsemanarioonline.com\/es\/wp-json\/wp\/v2\/media\/5768"}],"wp:attachment":[{"href":"https:\/\/www.elsemanarioonline.com\/es\/wp-json\/wp\/v2\/media?parent=5767"}],"wp:term":[{"taxonomy":"category","embeddable":true,"href":"https:\/\/www.elsemanarioonline.com\/es\/wp-json\/wp\/v2\/categories?post=5767"},{"taxonomy":"post_tag","embeddable":true,"href":"https:\/\/www.elsemanarioonline.com\/es\/wp-json\/wp\/v2\/tags?post=5767"}],"curies":[{"name":"wp","href":"https:\/\/api.w.org\/{rel}","templated":true}]}}