{"id":5682,"date":"2017-10-04T21:35:18","date_gmt":"2017-10-04T21:35:18","guid":{"rendered":"http:\/\/elsemanarioonl.wpengine.com\/?p=5682\/"},"modified":"2017-10-04T21:35:18","modified_gmt":"2017-10-04T21:35:18","slug":"mi-amado-puerto-rico-no-estas-solo","status":"publish","type":"post","link":"https:\/\/www.elsemanarioonline.com\/es\/mi-amado-puerto-rico-no-estas-solo\/","title":{"rendered":"Mi Amado Puerto Rico, No Est\u00e1s Solo"},"content":{"rendered":"<p><!-- VideographyWP Plugin Message: Automatic video embedding prevented by plugin options. --><br \/>\n<em>Nota de Editor: El Congresista Luis V. Guti\u00e9rrez (D-IL) habl\u00f3 en la C\u00e1mara el 3 de octubre sobre lo que vio mientras estuvo en Puerto Rico durante el fin de semana.<\/em><\/p>\n<p><em>\u00a0<\/em><\/p>\n<p><em>Mi amado Puerto Rico, no est\u00e1s solo. <\/em><\/p>\n<p><em>O\u00edmos tus peticiones de ayuda, y la fuerza del gobierno estadounidense finalmente vienen a ayudar.<\/em><\/p>\n<p><em>Ha sido despacio, y comparto tu frustraci\u00f3n sobre una respuesta que no se di\u00f3 con la urgencia y prioridad que los Puertorrique\u00f1os\u2013y cualquier ser humano que est\u00e1 sufriendo\u2013se merecen.<\/em><\/p>\n<p><em>Les digo a mis colegas lo que he visto, y lo que me has dicho cuando estuve ah\u00ed. Trabajar\u00e9 con ellos inmediatamente para asegurar que este Congreso trate a Puerto Rico justo y generosamente.<\/em><\/p>\n<p><em>Y no soy el \u00fanico. Otros Puertorrique\u00f1os, y el Caucus Hispano est\u00e1n trabajando con el liderazgo de la C\u00e1mara para conformar un programa de ayuda.<\/em><\/p>\n<p><em>Ciudades y pueblos, alcaldes y gobernadores a trav\u00e9s del pa\u00eds, est\u00e1n abri\u00e9ndote las puertas de sus comunidades para que tengas un lugar seguro mientras el rescate, la recuperaci\u00f3n y la reconstrucci\u00f3n contin\u00faan.<\/em><\/p>\n<p><em>Y ayer, presente con el alcalde de Chicago, \u00e9l me dijo que quiere que la ciudad de Chicago sea un lugar en el cual todo Puertorrique\u00f1o que necesite un lugar seguro pueda llegar inmediatamente y reestablecerse.<\/em><\/p>\n<p><em>Puerto Rico, no est\u00e1s solo.<\/em><\/p>\n<p><em>El congresista Luis V. Guti\u00e9rrez es miembro del Comit\u00e9 Judicial y Presidente del Grupo de Trabajo de Inmigraci\u00f3n del Congreso Hispano Caucus.<\/em><\/p>\n","protected":false},"excerpt":{"rendered":"<p>Nota de Editor: El Congresista Luis V. Guti\u00e9rrez (D-IL) habl\u00f3 en la C\u00e1mara el 3 de octubre sobre lo que vio mientras estuvo en Puerto Rico durante el fin de&#8230;<\/p>\n","protected":false},"author":175,"featured_media":5681,"comment_status":"open","ping_status":"open","sticky":false,"template":"","format":"standard","meta":{"give_campaign_id":0,"_jetpack_memberships_contains_paid_content":false,"footnotes":""},"categories":[81],"tags":[],"class_list":["post-5682","post","type-post","status-publish","format-standard","has-post-thumbnail","hentry","category-noticias-nacionales"],"jetpack_featured_media_url":"https:\/\/i0.wp.com\/www.elsemanarioonline.com\/wp-content\/uploads\/2017\/10\/CO-1-Nat-News-E-Gutierrez-1-pic.png?fit=1200%2C675&ssl=1","jetpack-related-posts":[],"jetpack_sharing_enabled":true,"_links":{"self":[{"href":"https:\/\/www.elsemanarioonline.com\/es\/wp-json\/wp\/v2\/posts\/5682","targetHints":{"allow":["GET"]}}],"collection":[{"href":"https:\/\/www.elsemanarioonline.com\/es\/wp-json\/wp\/v2\/posts"}],"about":[{"href":"https:\/\/www.elsemanarioonline.com\/es\/wp-json\/wp\/v2\/types\/post"}],"author":[{"embeddable":true,"href":"https:\/\/www.elsemanarioonline.com\/es\/wp-json\/wp\/v2\/users\/175"}],"replies":[{"embeddable":true,"href":"https:\/\/www.elsemanarioonline.com\/es\/wp-json\/wp\/v2\/comments?post=5682"}],"version-history":[{"count":0,"href":"https:\/\/www.elsemanarioonline.com\/es\/wp-json\/wp\/v2\/posts\/5682\/revisions"}],"wp:featuredmedia":[{"embeddable":true,"href":"https:\/\/www.elsemanarioonline.com\/es\/wp-json\/wp\/v2\/media\/5681"}],"wp:attachment":[{"href":"https:\/\/www.elsemanarioonline.com\/es\/wp-json\/wp\/v2\/media?parent=5682"}],"wp:term":[{"taxonomy":"category","embeddable":true,"href":"https:\/\/www.elsemanarioonline.com\/es\/wp-json\/wp\/v2\/categories?post=5682"},{"taxonomy":"post_tag","embeddable":true,"href":"https:\/\/www.elsemanarioonline.com\/es\/wp-json\/wp\/v2\/tags?post=5682"}],"curies":[{"name":"wp","href":"https:\/\/api.w.org\/{rel}","templated":true}]}}