{"id":5589,"date":"2017-09-20T22:01:51","date_gmt":"2017-09-20T22:01:51","guid":{"rendered":"http:\/\/elsemanarioonl.wpengine.com\/?p=5589\/"},"modified":"2017-09-20T22:01:51","modified_gmt":"2017-09-20T22:01:51","slug":"representantes-gutierrez-coffman-enviar-carta-al-dhs","status":"publish","type":"post","link":"https:\/\/www.elsemanarioonline.com\/es\/representantes-gutierrez-coffman-enviar-carta-al-dhs\/","title":{"rendered":"Representantes Guti\u00e9rrez, Coffman, Enviar Carta al DHS"},"content":{"rendered":"<p><!-- VideographyWP Plugin Message: Automatic video embedding prevented by plugin options. --><br \/>\nLos representantes Luis Guti\u00e9rrez[D-IL] y Mike Coffman[R-CO] enviaron una carta esta semana al Departamento de Seguridad Nacional y al Departamento de Seguridad Nacional de los Estados Unidos. Servicios de Ciudadan\u00eda e Inmigraci\u00f3n (USCIS) solicitando una serie de importantes correcciones t\u00e9cnicas al proceso para cerrar el programa DACA. Las solicitudes de los Reps. Coffman y Guti\u00e9rrez tienen la intenci\u00f3n de asegurar que los participantes del DACA sean tratados de manera justa, transparente y que nadie sea penalizado indebidamente por el momento en que expira su autorizaci\u00f3n actual.<br \/>\n\u00abEstos j\u00f3venes, que salieron de las sombras para inscribirse en el DACA, hicieron lo correcto y los arreglos t\u00e9cnicos que les estamos proponiendo les ayudar\u00e1n a medida que el programa se vaya acabando\u00bb, dijo Coffman.<br \/>\nLos participantes de DACA ya han vivido en los EE. UU. por lo menos 10 a\u00f1os y han pasado por m\u00faltiples revisiones detalladas de antecedentes para la solicitud inicial y renovaciones, por lo que tratar a aquellos con DACA con respeto y compasi\u00f3n es lo menos que el USCIS puede hacer hasta que el Congreso promulgue legislaci\u00f3n para proteger permanentemente a los DREAMers \u00ab, dijo el Rep. Guti\u00e9rrez (D-IL), quien es miembro del Comit\u00e9 Judicial y Presidente de la Fuerza de Tareas de Inmigraci\u00f3n de Estados Unidos.<br \/>\nLas correcciones sugeridas por Guti\u00e9rrez y Coffman son las siguientes:<br \/>\nPermita que las personas cuyo DACA expir\u00f3 antes del 5 de septiembre de 2017 soliciten la renovaci\u00f3n;<br \/>\nAceptar y procesar las solicitudes de renovaci\u00f3n con matasellos de correos del 5 de octubre de 2017 o antes.<br \/>\nNo penalizar a los solicitantes cuyas solicitudes sean rechazadas por errores t\u00e9cnicos menores;<br \/>\nPara aquellos que actualmente tienen DACA vigente, proporcionar subvenciones de dos a\u00f1os de duraci\u00f3n de acci\u00f3n diferida desde la fecha de vencimiento de su actual subvenci\u00f3n DACA, en lugar de la fecha de aprobaci\u00f3n.<\/p>\n","protected":false},"excerpt":{"rendered":"<p>Los representantes Luis Guti\u00e9rrez[D-IL] y Mike Coffman[R-CO] enviaron una carta esta semana al Departamento de Seguridad Nacional y al Departamento de Seguridad Nacional de los Estados Unidos. Servicios de Ciudadan\u00eda&#8230;<\/p>\n","protected":false},"author":1,"featured_media":5590,"comment_status":"open","ping_status":"open","sticky":false,"template":"","format":"standard","meta":{"give_campaign_id":0,"_jetpack_memberships_contains_paid_content":false,"footnotes":""},"categories":[79],"tags":[],"class_list":["post-5589","post","type-post","status-publish","format-standard","has-post-thumbnail","hentry","category-inmigracion"],"jetpack_featured_media_url":"https:\/\/i0.wp.com\/www.elsemanarioonline.com\/wp-content\/uploads\/2017\/09\/CO-1-Immig-E-daca-1-graphic-span.png?fit=940%2C788&ssl=1","jetpack-related-posts":[],"jetpack_sharing_enabled":true,"_links":{"self":[{"href":"https:\/\/www.elsemanarioonline.com\/es\/wp-json\/wp\/v2\/posts\/5589","targetHints":{"allow":["GET"]}}],"collection":[{"href":"https:\/\/www.elsemanarioonline.com\/es\/wp-json\/wp\/v2\/posts"}],"about":[{"href":"https:\/\/www.elsemanarioonline.com\/es\/wp-json\/wp\/v2\/types\/post"}],"author":[{"embeddable":true,"href":"https:\/\/www.elsemanarioonline.com\/es\/wp-json\/wp\/v2\/users\/1"}],"replies":[{"embeddable":true,"href":"https:\/\/www.elsemanarioonline.com\/es\/wp-json\/wp\/v2\/comments?post=5589"}],"version-history":[{"count":0,"href":"https:\/\/www.elsemanarioonline.com\/es\/wp-json\/wp\/v2\/posts\/5589\/revisions"}],"wp:featuredmedia":[{"embeddable":true,"href":"https:\/\/www.elsemanarioonline.com\/es\/wp-json\/wp\/v2\/media\/5590"}],"wp:attachment":[{"href":"https:\/\/www.elsemanarioonline.com\/es\/wp-json\/wp\/v2\/media?parent=5589"}],"wp:term":[{"taxonomy":"category","embeddable":true,"href":"https:\/\/www.elsemanarioonline.com\/es\/wp-json\/wp\/v2\/categories?post=5589"},{"taxonomy":"post_tag","embeddable":true,"href":"https:\/\/www.elsemanarioonline.com\/es\/wp-json\/wp\/v2\/tags?post=5589"}],"curies":[{"name":"wp","href":"https:\/\/api.w.org\/{rel}","templated":true}]}}