{"id":5514,"date":"2017-09-06T23:41:05","date_gmt":"2017-09-06T23:41:05","guid":{"rendered":"http:\/\/elsemanarioonl.wpengine.com\/?p=5514\/"},"modified":"2017-09-06T23:41:05","modified_gmt":"2017-09-06T23:41:05","slug":"matones-toxicos","status":"publish","type":"post","link":"https:\/\/www.elsemanarioonline.com\/es\/matones-toxicos\/","title":{"rendered":"Matones T\u00f3xicos"},"content":{"rendered":"<p><!-- VideographyWP Plugin Message: Automatic video embedding prevented by plugin options. --><br \/>\nEl lamentable espect\u00e1culo que hemos presenciado desde la llegada de Donald Trump a la presidencia ha dejado claro que los matones est\u00e1n de enhorabuena.<br \/>\nY la muestra m\u00e1s reciente es el perd\u00f3n presidencial que Trump ha otorgado al sheriff racista m\u00e1s infame del mundo, Joe Arpaio. Estos dos tienen mucho en com\u00fan, especialmente cuando se trata de mortificar a mis compadres, los hispanos. Desde que fue elegido sheriff del Condado de Maricopa, AZ, en 1993 y derrotado en 2016, Arpaio ha demostrado un profundo desprecio por mi gente y una crueldad medieval para reprimirla.<\/p>\n<p>En 2013, una corte federal lo declar\u00f3 culpable de usar sistem\u00e1ticamente el perfil racial hispano de sus v\u00edctimas para acosarlas y arrestarlas. Sus prisioneros, hacinados en c\u00e1rceles a la intemperie en lo que \u00e9l mismo llamaba su \u201ccampo de concentraci\u00f3n\u201d, sufr\u00edan temperaturas infernales en verano y g\u00e9lidas en invierno. El \u201ccuidado\u201d m\u00e9dico que les proporcionaba lo calific\u00f3 esa corte federal de \u201cinconstitucional\u201d. Seg\u00fan el Phoenix New Times, durante su desp\u00f3tico mandato, unos 160 prisioneros murieron en su campo de concentraci\u00f3n, el \u00edndice de suicidios entre sus prisioneros alcanz\u00f3 un escandaloso 23% y las denuncias legales por este trato se elevaron a m\u00e1s de 13.000, a un costo legal para los contribuyentes de $140 millones.<\/p>\n<blockquote><p>Recuerde qu\u00e9 candidatos luchan por la limpieza del aire y la decencia humana, y qui\u00e9nes apoyan a los matones t\u00f3xicos que nos mortifican.<\/p><\/blockquote>\n<p>En julio otra corte lo declar\u00f3 culpable de desacato, tras continuar con sus arrestos a mansalva de personas con apariencia hispana. La sentencia se hubiera dictado en octubre. Pero el 25 de agosto, su compadre Trump, en un acto sin precedentes de desprecio por el estado de derecho y aprovechandose de la atenci\u00f3n de los medios que estaba atrayendo el Hurac\u00e1n Harvey, decidi\u00f3 perdonarlo, elogiando su labor contra \u201cel flagelo del crimen y la inmigraci\u00f3n ilegal\u201d.<\/p>\n<p>Este desd\u00e9n por los m\u00e1s vulnerables, los m\u00e1s f\u00e1ciles de reprimir y abusar, es una copia del bombardeo t\u00f3xico que sufren cientos de comunidades hispanas de todo el pa\u00eds. Si es hispano y pobre es muy probable que la contaminaci\u00f3n sea su vecina, algo que se conoce como injusticia ambiental.<br \/>\nUn estudio de la Universidad de Minnesota confirm\u00f3 en 2014 que la raza es el factor determinante de qui\u00e9n respira el peor aire. Los investigadores concluyeron que en comunidades de todo el pa\u00eds, las personas no blancas respiran un 46% m\u00e1s de di\u00f3xido de nitr\u00f3geno \u2014un compuesto t\u00f3xico procedente de la quema del carb\u00f3n y petr\u00f3leo\u2014 que los blancos no hispanos.<\/p>\n<p>Seg\u00fan un reporte de la Universidad Estatal de Washington, los barrios de inmigrantes hispanos en desventaja econ\u00f3mica y que no hablan ingl\u00e9s tienen m\u00e1s probabilidades de estar expuestos a t\u00f3xicos cancer\u00edgenos a\u00e9reos que cualquier otra comunidad de Estados Unidos. \u201cLos peligrosos contaminantes del aire pueden causar c\u00e1ncer y otros defectos cong\u00e9nitos graves\u201d, agrega. \u201cLa mayor\u00eda procede de autom\u00f3viles y fuentes industriales como factor\u00edas, refiner\u00edas y plantas de combusti\u00f3n de carb\u00f3n\u201d.<\/p>\n<p>Una encuesta del Sierra Club y Green Latinos revel\u00f3 que el 40% de los votantes hispanos vive o trabaja peligrosamente cerca de un lugar t\u00f3xico, como una refiner\u00eda, una planta de carb\u00f3n o una autopista. Adem\u00e1s, el 41% dijo que alguien de su familia inmediata sufre de c\u00e1ncer y el 45% tiene a alguien con asma.<\/p>\n<p>Y en Houston, debido a las devastadoras inundaciones provocadas por el Hurac\u00e1n Harvey, las comunidades que viven a la sombra de las instalaciones petroqu\u00edmicas \u2014abrumadoramente hispanos y afroamericanos\u2014 han reportado dolores de cabeza y garganta, y escozor de ojos debido a las emanaciones de gases venenosos. Al serles imposible evacuar, est\u00e1n atrapados bajo esta nube t\u00f3xica.<\/p>\n<p>La defensa m\u00e1s efectiva contra estos atropellos es su voto. Recuerde qu\u00e9 candidatos luchan por la limpieza del aire y la decencia humana, y qui\u00e9nes apoyan a los matones t\u00f3xicos que nos mortifican.<\/p>\n<p><em>Javier Sierra es un columnista del Sierra Club. S\u00edgalo en Twitter @javier_SC.<\/em><\/p>\n<p>\u00a0<\/p>\n","protected":false},"excerpt":{"rendered":"<p>El lamentable espect\u00e1culo que hemos presenciado desde la llegada de Donald Trump a la presidencia ha dejado claro que los matones est\u00e1n de enhorabuena. Y la muestra m\u00e1s reciente es&#8230;<\/p>\n","protected":false},"author":59,"featured_media":5515,"comment_status":"open","ping_status":"open","sticky":false,"template":"","format":"standard","meta":{"give_campaign_id":0,"_jetpack_memberships_contains_paid_content":false,"footnotes":""},"categories":[77],"tags":[],"class_list":["post-5514","post","type-post","status-publish","format-standard","has-post-thumbnail","hentry","category-medio-ambiente"],"jetpack_featured_media_url":"https:\/\/i0.wp.com\/www.elsemanarioonline.com\/wp-content\/uploads\/2017\/09\/CO-1-Enviro-S-Sierra-1-pic.jpg?fit=864%2C576&ssl=1","jetpack-related-posts":[],"jetpack_sharing_enabled":true,"_links":{"self":[{"href":"https:\/\/www.elsemanarioonline.com\/es\/wp-json\/wp\/v2\/posts\/5514","targetHints":{"allow":["GET"]}}],"collection":[{"href":"https:\/\/www.elsemanarioonline.com\/es\/wp-json\/wp\/v2\/posts"}],"about":[{"href":"https:\/\/www.elsemanarioonline.com\/es\/wp-json\/wp\/v2\/types\/post"}],"author":[{"embeddable":true,"href":"https:\/\/www.elsemanarioonline.com\/es\/wp-json\/wp\/v2\/users\/59"}],"replies":[{"embeddable":true,"href":"https:\/\/www.elsemanarioonline.com\/es\/wp-json\/wp\/v2\/comments?post=5514"}],"version-history":[{"count":0,"href":"https:\/\/www.elsemanarioonline.com\/es\/wp-json\/wp\/v2\/posts\/5514\/revisions"}],"wp:featuredmedia":[{"embeddable":true,"href":"https:\/\/www.elsemanarioonline.com\/es\/wp-json\/wp\/v2\/media\/5515"}],"wp:attachment":[{"href":"https:\/\/www.elsemanarioonline.com\/es\/wp-json\/wp\/v2\/media?parent=5514"}],"wp:term":[{"taxonomy":"category","embeddable":true,"href":"https:\/\/www.elsemanarioonline.com\/es\/wp-json\/wp\/v2\/categories?post=5514"},{"taxonomy":"post_tag","embeddable":true,"href":"https:\/\/www.elsemanarioonline.com\/es\/wp-json\/wp\/v2\/tags?post=5514"}],"curies":[{"name":"wp","href":"https:\/\/api.w.org\/{rel}","templated":true}]}}