{"id":5400,"date":"2017-08-17T00:46:44","date_gmt":"2017-08-17T00:46:44","guid":{"rendered":"http:\/\/elsemanarioonl.wpengine.com\/?p=5400\/"},"modified":"2017-08-17T00:46:44","modified_gmt":"2017-08-17T00:46:44","slug":"la-falta-de-accion-del-presidente-es-inaceptable","status":"publish","type":"post","link":"https:\/\/www.elsemanarioonline.com\/es\/la-falta-de-accion-del-presidente-es-inaceptable\/","title":{"rendered":"La Falta de Acci\u00f3n del Presidente es Inaceptable"},"content":{"rendered":"<p><!-- VideographyWP Plugin Message: Automatic video embedding prevented by plugin options. --><br \/>\n\u00abNo es lo suficientemente bueno.\u00bb \u00abInsuficiente.\u00bb \u00abDemasiado poco y demasiado tarde.\u00bb Estas fueron s\u00f3lo algunas de las palabras usadas para describir el discurso del presidente Donald Trump el lunes, en el que \u00abfinalmente hizo el m\u00ednimo absoluto\u00bb al denunciar a los supremacistas blancos por la violencia mortal que perpetraron durante el fin de semana en Charlottesville, Virginia, Lo hizo en un discurso que comenz\u00f3 con una presunci\u00f3n sobre el estado de la econom\u00eda.<\/p>\n<p>Le tom\u00f3 al presidente republicano dos d\u00edas y una \u00ababrumadora presi\u00f3n\u00bb para denunciar expl\u00edcitamente a los supremacistas blancos. En sus primeros comentarios sobre el mitin neonazi en Virginia -un evento tambi\u00e9n conocido como \u00abUnite the Right\u00bb \u2013 el presidente sugiri\u00f3 que la violencia proven\u00eda de \u00abmuchas partes\u00bb. Estos comentarios fueron recibidos con aplausos de los neonazis en Internet, que celebraron la negativa del presidente republicano a condenarlos por su nombre. Los legisladores de ambos lados del pasillo fueron r\u00e1pidos en etiquetar los comentarios como evasivos e inaceptables.<\/p>\n<blockquote><p>\u00abEl Presidente de los Estados Unidos no deber\u00eda tener una verg\u00fcenza p\u00fablica para condenar a los neonazis ya los supremacistas blancos\u00bb.<br \/>\nRep. Dan Kildee<\/p><\/blockquote>\n<p>Vanita Gupta, presidenta y directora ejecutiva de la Conferencia de Liderazgo sobre Derechos Civiles y Humanos, expres\u00f3 un sentimiento que muchos hicieron eco despu\u00e9s del discurso televisado del presidente el lunes, diciendo: \u00abEs un triste estado de cosas cuando es una noticia que el presidente de los Estados Unidos Estados condena el racismo y la supremac\u00eda blanca \u00ab.<\/p>\n<figure id=\"attachment_5398\" aria-describedby=\"caption-attachment-5398\" style=\"width: 300px\" class=\"wp-caption alignleft\"><img data-recalc-dims=\"1\" decoding=\"async\" class=\"wp-image-5398 size-medium\" src=\"https:\/\/i0.wp.com\/elsemanarioonl.wpengine.com\/wp-content\/uploads\/2017\/08\/CO-Cover-E-race-1-pic-300x141.jpg?resize=300%2C141\" alt=\"\" width=\"300\" height=\"141\" srcset=\"https:\/\/i0.wp.com\/www.elsemanarioonline.com\/wp-content\/uploads\/2017\/08\/CO-Cover-E-race-1-pic.jpg?resize=300%2C141&ssl=1 300w, https:\/\/i0.wp.com\/www.elsemanarioonline.com\/wp-content\/uploads\/2017\/08\/CO-Cover-E-race-1-pic.jpg?resize=600%2C281&ssl=1 600w, https:\/\/i0.wp.com\/www.elsemanarioonline.com\/wp-content\/uploads\/2017\/08\/CO-Cover-E-race-1-pic.jpg?resize=150%2C70&ssl=1 150w, https:\/\/i0.wp.com\/www.elsemanarioonline.com\/wp-content\/uploads\/2017\/08\/CO-Cover-E-race-1-pic.jpg?resize=1024%2C480&ssl=1 1024w, https:\/\/i0.wp.com\/www.elsemanarioonline.com\/wp-content\/uploads\/2017\/08\/CO-Cover-E-race-1-pic.jpg?w=2001&ssl=1 2001w, https:\/\/i0.wp.com\/www.elsemanarioonline.com\/wp-content\/uploads\/2017\/08\/CO-Cover-E-race-1-pic.jpg?w=1280&ssl=1 1280w, https:\/\/i0.wp.com\/www.elsemanarioonline.com\/wp-content\/uploads\/2017\/08\/CO-Cover-E-race-1-pic.jpg?w=1920&ssl=1 1920w\" sizes=\"(max-width: 300px) 100vw, 300px\" \/><figcaption id=\"caption-attachment-5398\" class=\"wp-caption-text\">Foto: National Nurses United Las enfermas nacionales unidas condenaron la violencia en Charlottesville, VA.<\/figcaption><\/figure>\n<p>Gupta continu\u00f3: \u00abDos d\u00edas despu\u00e9s del hecho, el Presidente Trump finalmente ha condenado directa y personalmente las manifestaciones de supremac\u00eda blanca y el extremismo violento que se produjo en Charlottesville. Si bien las palabras tard\u00edas de hoy son bienvenidas, deber\u00edan haberse hablado el s\u00e1bado. Esta demora inadmisible ha socavado su credibilidad moral como l\u00edder de nuestra naci\u00f3n.<\/p>\n<p>\u00abLas palabras de hoy deben ser seguidas por la acci\u00f3n. Debe dejar de avanzar en las pol\u00edticas que buscan dividir a esta naci\u00f3n. Los partidarios de los supremacistas blancos, el extremismo violento, la intolerancia racial y los neonazis no deben servir en la Casa Blanca ni en ning\u00fan nivel de gobierno. El presidente debe despedir a Stephen Bannon y Sebastian Gorka oa cualquier personal que ayude al odio ya la divisi\u00f3n .<\/p>\n<p>Otros acumularon cr\u00edticas, argumentando que no deber\u00eda haber tomado d\u00edas de presi\u00f3n externa y empujones de su propio gabinete para convencer a Trump de hablar en contra de la supremac\u00eda blanca.<\/p>\n<p>\u00abEl Presidente de los Estados Unidos no deber\u00eda tener una verg\u00fcenza p\u00fablica para condenar a los neonazis ya los supremacistas blancos\u00bb, dijo el representante Dan Kildee de Michigan en un tweet el 14 de agosto.<\/p>\n<p>Despu\u00e9s de las declaraciones del presidente el lunes, surgieron informes de que el presidente est\u00e1 \u00abconsiderando seriamente un perd\u00f3n\u00bb para el ex sheriff de Arizona Joe Arpaio, quien fue declarado culpable de desacato al tribunal el mes pasado despu\u00e9s de no cumplir con una orden judicial exigiendo que se detuviera racialmente perfilando a los latinos.<\/p>\n<p>El lunes, Nuestra Revoluci\u00f3n, declar\u00f3: \u00abLa carrera de Arpaio fue construida sobre el abuso racista contra las personas de color. Perdonarlo le dar\u00eda poder a los supremacistas blancos \u00ab.<\/p>\n<p><em>Jake Johnson es escritor en Commondreams.org.<\/em><\/p>\n<p><em>Traducci\u00f3n por Juan Carlos Uribe<\/em><\/p>\n<p>\u00a0<\/p>\n","protected":false},"excerpt":{"rendered":"<p>\u00abNo es lo suficientemente bueno.\u00bb \u00abInsuficiente.\u00bb \u00abDemasiado poco y demasiado tarde.\u00bb Estas fueron s\u00f3lo algunas de las palabras usadas para describir el discurso del presidente Donald Trump el lunes, en&#8230;<\/p>\n","protected":false},"author":291,"featured_media":5399,"comment_status":"open","ping_status":"open","sticky":false,"template":"","format":"standard","meta":{"give_campaign_id":0,"_jetpack_memberships_contains_paid_content":false,"footnotes":""},"categories":[74],"tags":[],"class_list":["post-5400","post","type-post","status-publish","format-standard","has-post-thumbnail","hentry","category-noticia-de-portada"],"jetpack_featured_media_url":"https:\/\/i0.wp.com\/www.elsemanarioonline.com\/wp-content\/uploads\/2017\/08\/Print-Publication-170817-rev0101-copia.jpg?fit=950%2C1250&ssl=1","jetpack-related-posts":[],"jetpack_sharing_enabled":true,"_links":{"self":[{"href":"https:\/\/www.elsemanarioonline.com\/es\/wp-json\/wp\/v2\/posts\/5400","targetHints":{"allow":["GET"]}}],"collection":[{"href":"https:\/\/www.elsemanarioonline.com\/es\/wp-json\/wp\/v2\/posts"}],"about":[{"href":"https:\/\/www.elsemanarioonline.com\/es\/wp-json\/wp\/v2\/types\/post"}],"author":[{"embeddable":true,"href":"https:\/\/www.elsemanarioonline.com\/es\/wp-json\/wp\/v2\/users\/291"}],"replies":[{"embeddable":true,"href":"https:\/\/www.elsemanarioonline.com\/es\/wp-json\/wp\/v2\/comments?post=5400"}],"version-history":[{"count":0,"href":"https:\/\/www.elsemanarioonline.com\/es\/wp-json\/wp\/v2\/posts\/5400\/revisions"}],"wp:featuredmedia":[{"embeddable":true,"href":"https:\/\/www.elsemanarioonline.com\/es\/wp-json\/wp\/v2\/media\/5399"}],"wp:attachment":[{"href":"https:\/\/www.elsemanarioonline.com\/es\/wp-json\/wp\/v2\/media?parent=5400"}],"wp:term":[{"taxonomy":"category","embeddable":true,"href":"https:\/\/www.elsemanarioonline.com\/es\/wp-json\/wp\/v2\/categories?post=5400"},{"taxonomy":"post_tag","embeddable":true,"href":"https:\/\/www.elsemanarioonline.com\/es\/wp-json\/wp\/v2\/tags?post=5400"}],"curies":[{"name":"wp","href":"https:\/\/api.w.org\/{rel}","templated":true}]}}