{"id":5371,"date":"2017-08-10T00:10:06","date_gmt":"2017-08-10T00:10:06","guid":{"rendered":"http:\/\/elsemanarioonl.wpengine.com\/?p=5371\/"},"modified":"2017-08-10T00:10:06","modified_gmt":"2017-08-10T00:10:06","slug":"no-hay-equidad-en-salud-sin-justicia-racial","status":"publish","type":"post","link":"https:\/\/www.elsemanarioonline.com\/es\/no-hay-equidad-en-salud-sin-justicia-racial\/","title":{"rendered":"No Hay Equidad en Salud Sin Justicia Racial"},"content":{"rendered":"<p><!-- VideographyWP Plugin Message: Automatic video embedding prevented by plugin options. --><br \/>\nEstados Unidos y el estado de Colorado son m\u00e1s diversos racialmente que nunca. En 30 a\u00f1os, se espera que menos de la mitad de la gente que vive en Estados Unidos sea blanca, seg\u00fan Manuel Pastor, PhD, director del programa para la equidad ambiental y regional de la Universidad del Sur de California, quien cita datos del censo. Lo que est\u00e1 impulsando este cambio no es la inmigraci\u00f3n sino los nacimientos; la gente de color es m\u00e1s joven, en promedio, que la gente blanca, y esa diferencia est\u00e1 aumentando.<\/p>\n<p>\u00bfSignifica esto que estamos avanzando inevitablemente hacia un Estados Unidos posracial?<\/p>\n<p>Para nada.<\/p>\n<p>Los cambios demogr\u00e1ficos llegan en un momento en el cual la desigualdad est\u00e1 aumentando. El ingreso medio se ha estancado, mientras que los ricos han acumulado m\u00e1s y m\u00e1s las ganancias econ\u00f3micas. Al mismo tiempo, una diferencia racial en las riquezas se ha calcificado, dejando a la mayor\u00eda de las familias negras con solo seis centavos por cada d\u00f3lar de la riqueza que tiene una familia blanca promedio. El grupo racial al que pertenecemos contin\u00faa siendo un predictor fuerte de los resultados de salud, como las enfermedades cardiacas, la diabetes y la muerte prematura\u2014a\u00fan despu\u00e9s de no tomar en consideraci\u00f3n el ingreso y la educaci\u00f3n, dijo Darrick Hamilton, PhD, un economista en The New School.<\/p>\n<blockquote><p>\u201cLa equidad requiere que hablemos francamente sobre la raza. Va a ser una conversaci\u00f3n inc\u00f3moda\u201d.  <\/p><\/blockquote>\n<p>Estas inequidades nos est\u00e1n da\u00f1ando a todos, Pastor dijo. La Reserva Federal de Cleveland ha encontrado que se necesita tener una igualdad de ingresos y una inclusi\u00f3n racial para tener un buen crecimiento econ\u00f3mico. El Fondo Monetario Internacional ha resaltado que los pa\u00edses profundamente desiguales no pueden mantener su salud econ\u00f3mica.<\/p>\n<p>\u201cLa equidad requiere que hablemos francamente sobre la raza\u201d, Pastor explica, agregando que: \u201cVa a ser una conversaci\u00f3n inc\u00f3moda\u201d.<\/p>\n<p>Pastor y Hamilton fueron algunos de los primeros ponentes que participaron en el Simposio de Salud de Colorado, una conferencia anual de expertos en pol\u00edticas de salud, trabajadores de salud y legisladores que se re\u00fanen en el verano bajo el auspicio de la Fundaci\u00f3n de Salud de Colorado. La fundaci\u00f3n recientemente cambi\u00f3 su objetivo para enfocarse m\u00e1s espec\u00edficamente en reducir las diferencias en los resultados de salud, y la conferencia de este a\u00f1o busc\u00f3 promover la conversaci\u00f3n sobre las inequidades e injusticias centrales de las disparidades que persisten en la expectativa de vida y salud de las personas en Estados Unidos.<\/p>\n<p>Se invit\u00f3 a los integrantes de la audiencia para que hicieran preguntas y, desde el principio, se not\u00f3 un tema en com\u00fan: \u00bfPor qu\u00e9 el enfoque en la raza? \u00bfNo hay otras inequidades que se merezcan la atenci\u00f3n? \u00bfY qu\u00e9 hay de la pobreza entre la gente blanca que vive en zonas rurales? \u00bfY qu\u00e9 hay de los derechos de la comunidad LGBT?<\/p>\n<p>Estas no son preguntas nuevas. Desde que The Colorado Trust empez\u00f3 a trabajar exclusivamente en tratar la equidad en salud en 2012, hemos enfrentado frecuentemente la misma resistencia a conversaciones sobre la raza. Muchas personas que est\u00e1n de acuerdo con el principio de que toda la gente en el pa\u00eds debe tener acceso justo e igualitario a oportunidades para gozar de buena salud se resisten a la idea de que esto requiere un enfoque sostenido en las razones principales del racismo y su continua presencia en Estados Unidos. La conversaci\u00f3n con frecuencia es dolorosa para todos.<\/p>\n<p>Karen McNeil-Miller es la presidenta y directora ejecutiva de la Fundaci\u00f3n de Salud de Colorado. Ella intent\u00f3 contestar estas preguntas directamente en la sesi\u00f3n de la ma\u00f1ana siguiente.<\/p>\n<p>\u201cLa raza es el m\u00e1s persistente, generalizado y venenoso de los determinantes sociales de la salud\u201d, dijo. Se relaciona de cerca con otras inequidades\u2014como en la vivienda y los ingresos. \u201cAl abordar [el tema de] la raza, se pueden tratar todas estas otras cosas\u201d.<\/p>\n<p>Y ella a\u00f1adi\u00f3: \u201cSe debe empezar por alg\u00fan punto\u201d.<\/p>\n<p>El racismo en Estados Unidos tiene ra\u00edces profundas. El pa\u00eds se construy\u00f3 sobre una historia complicada que incluy\u00f3 la masacre de personas ind\u00edgenas y la esclavitud de africanos para el beneficio de una clase particular de hombres blancos terratenientes.<\/p>\n<p>Esta historia es visible en la pobreza y enfermedad continua de muchos indoamericanos. \u00a0Se repite en las pol\u00edticas de encarcelamiento masivo que han encerrado a generaciones de hombres negros. Se perpet\u00faa a trav\u00e9s de pol\u00edticas migratorias que castigan y marginalizan a los trabajadores latinos mal pagados de los que depende la econom\u00eda estadounidense.<\/p>\n<p>Theo Wilson es fundador de un programa llamado Shop Talk Live que organiza conversaciones de barber\u00eda sobre las causas principales de inequidades en las comunidades de Denver. Las discusiones, dice, se enfocan directamente en el trauma transgeneracional\u2014los da\u00f1os hist\u00f3ricos que resuenan de manera mental y f\u00edsica.<\/p>\n<p>Wilson dio el ejemplo del miedo a las intervenciones m\u00e9dicas que existe entre los afroamericanos. El miedo puede conectarse con da\u00f1os reales, desde los experimentos m\u00e9dicos en esclavos negros hasta el experimento de Tuskegee dirigido por el gobierno, el cual dej\u00f3 a hombres negros sufriendo sin saberlo de los efectos de la s\u00edfilis sin recibir tratamiento en una atrocidad que dur\u00f3 40 a\u00f1os hasta 1972.<\/p>\n<p>\u201cNos gustar\u00eda dejar estas cosas en el pasado. Pero no est\u00e1n en el pasado. Siguen estando vivas\u201d, dijo Wilson, se\u00f1alando, como ejemplo, las dudas persistentes sobre las vacunas en la comunidad afroamericana. \u201cNo quiero que no se vacune a los ni\u00f1os negros debido a un miedo cultural\u201d.<\/p>\n<p>Entonces, \u00bfpor qu\u00e9 la gente blanca en particular debe participar en la lucha por la justicia racial cuando hay tantas otras injusticias que tambi\u00e9n importan y podr\u00edan considerarse m\u00e1s apremiantes?<\/p>\n<p>El caso no es solo de \u00edndole moral. Nuestros futuros est\u00e1n conectados indisolublemente. La salud p\u00fablica sufre cuando existen enfermedades y traumas no tratados en las comunidades negras y marrones. Se impide el crecimiento econ\u00f3mico si hay una subclase definida racialmente. Nuestras escuelas, nuestros sistemas legales y nuestros vecindarios son m\u00e1s fuertes cuando reducimos las pol\u00edticas opresivas que degradan nuestra humanidad compartida.<\/p>\n<p>\u201cDejemos de definir la raza como un juego de suma cero\u201d, Wilson dijo.<\/p>\n<p>Susan Taylor Batten, presidenta y directora ejecutiva de la Asociaci\u00f3n de Ejecutivos de Fundaciones Negras, ofreci\u00f3 algunos ant\u00eddotos concretos a las pol\u00edticas y pr\u00e1cticas que perpet\u00faan las inequidades raciales.<\/p>\n<p>El objetivo, Batten dijo, deber\u00eda ser que todos est\u00e9n mejorando, al mismo tiempo que las diferencias raciales se van cerrando. Esto significa que menos personas est\u00e1n en prisi\u00f3n, por ejemplo, y que hay una diferencia menor entre el porcentaje de gente blanca y gente de color que est\u00e1 encarcelada. Esto requiere que examinemos espec\u00edficamente la equidad racial cuando estemos evaluando el impacto de pol\u00edticas e intervenciones. Esto significa tener m\u00e1s conversaciones sobre la raza.<\/p>\n<p>Sabremos cuando lleguemos ah\u00ed, Batten agreg\u00f3, cuando ya no podamos predecir la salud, las riquezas o el bienestar con base en la raza.<\/p>\n<p>Ese d\u00eda no es inevitable ni imposible.<\/p>\n<p><em>Kristin Jones es la Subdirectora de Comunicaciones de The Colorado Trust. Reproducido con permiso de The Colorado Trust (www.coloradotrust.org).<\/em><\/p>\n<p>\u00a0<\/p>\n<p>\u00a0<\/p>\n","protected":false},"excerpt":{"rendered":"<p>Estados Unidos y el estado de Colorado son m\u00e1s diversos racialmente que nunca. En 30 a\u00f1os, se espera que menos de la mitad de la gente que vive en Estados&#8230;<\/p>\n","protected":false},"author":191,"featured_media":5372,"comment_status":"open","ping_status":"open","sticky":false,"template":"","format":"standard","meta":{"give_campaign_id":0,"_jetpack_memberships_contains_paid_content":false,"footnotes":""},"categories":[71],"tags":[],"class_list":["post-5371","post","type-post","status-publish","format-standard","has-post-thumbnail","hentry","category-estado"],"jetpack_featured_media_url":"https:\/\/i0.wp.com\/www.elsemanarioonline.com\/wp-content\/uploads\/2017\/08\/CO-1-Cit-S-Colo-health-1-pic.jpg?fit=800%2C450&ssl=1","jetpack-related-posts":[],"jetpack_sharing_enabled":true,"_links":{"self":[{"href":"https:\/\/www.elsemanarioonline.com\/es\/wp-json\/wp\/v2\/posts\/5371","targetHints":{"allow":["GET"]}}],"collection":[{"href":"https:\/\/www.elsemanarioonline.com\/es\/wp-json\/wp\/v2\/posts"}],"about":[{"href":"https:\/\/www.elsemanarioonline.com\/es\/wp-json\/wp\/v2\/types\/post"}],"author":[{"embeddable":true,"href":"https:\/\/www.elsemanarioonline.com\/es\/wp-json\/wp\/v2\/users\/191"}],"replies":[{"embeddable":true,"href":"https:\/\/www.elsemanarioonline.com\/es\/wp-json\/wp\/v2\/comments?post=5371"}],"version-history":[{"count":0,"href":"https:\/\/www.elsemanarioonline.com\/es\/wp-json\/wp\/v2\/posts\/5371\/revisions"}],"wp:featuredmedia":[{"embeddable":true,"href":"https:\/\/www.elsemanarioonline.com\/es\/wp-json\/wp\/v2\/media\/5372"}],"wp:attachment":[{"href":"https:\/\/www.elsemanarioonline.com\/es\/wp-json\/wp\/v2\/media?parent=5371"}],"wp:term":[{"taxonomy":"category","embeddable":true,"href":"https:\/\/www.elsemanarioonline.com\/es\/wp-json\/wp\/v2\/categories?post=5371"},{"taxonomy":"post_tag","embeddable":true,"href":"https:\/\/www.elsemanarioonline.com\/es\/wp-json\/wp\/v2\/tags?post=5371"}],"curies":[{"name":"wp","href":"https:\/\/api.w.org\/{rel}","templated":true}]}}