{"id":5182,"date":"2017-06-28T17:38:15","date_gmt":"2017-06-28T17:38:15","guid":{"rendered":"http:\/\/elsemanarioonl.wpengine.com\/?p=5182\/"},"modified":"2017-06-28T21:01:06","modified_gmt":"2017-06-28T21:01:06","slug":"campana-une-a-los-latinos-en-la-proteccion-de-monumentos","status":"publish","type":"post","link":"https:\/\/www.elsemanarioonline.com\/es\/campana-une-a-los-latinos-en-la-proteccion-de-monumentos\/","title":{"rendered":"Campa\u00f1a Une a los Latinos en la Protecci\u00f3n de Monumentos"},"content":{"rendered":"<p><!-- VideographyWP Plugin Message: Automatic video embedding prevented by plugin options. --><br \/>\nLa nueva campa\u00f1a en l\u00ednea <em>LatinosForHeritage.org<\/em> permite a los visitantes compartir su apoyo para el mantenimiento de los Monumentos Nacionales actualmente en revisi\u00f3n por la Administraci\u00f3n de Trump en lo que es ampliamente considerado como un intento de eliminar o reducir sus protecciones. Los comentarios compartidos en la p\u00e1gina web ser\u00e1n entregados al Departamento del Interior antes de que expire el plazo el 10 de julio.<\/p>\n<blockquote><p>\u201cTenemos una obligaci\u00f3n moral de proteger estas tierras y dejar un legado para las generaciones futuras\u201d.<br \/>\nMart\u00edn Mart\u00ednez<\/p><\/blockquote>\n<p>\u201cMuchos de estos Monumentos fueron establecidos para representar o celebrar la diversa herencia y culturas que componen este pa\u00eds\u201d, dijo Maite Arce, presidenta y CEO de Hispanic Access Foundation. \u201cLa comunidad latina ha estado activa en la protecci\u00f3n de estos lugares especiales, y tenemos que volver a demostrar nuestro apoyo. Estos lugares son algo m\u00e1s que acres de tierra, son cap\u00edtulos de la gran historia americana.\u201d<\/p>\n<p>\u201cDesde 1906, cuando Theodore Roosevelt firm\u00f3 la Ley de Antig\u00fcedades a concediendo a la oficina ejecutiva la autoridad para establecer Monumentos Nacionales, 16 presidentes -ocho republicanos y ocho dem\u00f3cratas- han utilizado la ley para proteger nuestro patrimonio natural y cultural. M\u00e1s importante a\u00fan, estas designaciones de Monumentos Nacionales han recibido un amplio apoyo. Por ejemplo, el sondeo de 2017 de Colorado College \u00a0de conservaci\u00f3n, mostr\u00f3 que el 80 por ciento de los votantes respaldan el mantenimiento de los Monumentos Nacionales en su lugar, mientras que s\u00f3lo el 13 por ciento apoya la revocaci\u00f3n.<\/p>\n<figure id=\"attachment_5181\" aria-describedby=\"caption-attachment-5181\" style=\"width: 300px\" class=\"wp-caption alignleft\"><img data-recalc-dims=\"1\" fetchpriority=\"high\" decoding=\"async\" class=\"wp-image-5181 size-medium\" src=\"https:\/\/i0.wp.com\/elsemanarioonl.wpengine.com\/wp-content\/uploads\/2017\/06\/CO-Cover-E-monument-1-pic-300x246.jpg?resize=300%2C246\" alt=\"\" width=\"300\" height=\"246\" srcset=\"https:\/\/i0.wp.com\/www.elsemanarioonline.com\/wp-content\/uploads\/2017\/06\/CO-Cover-E-monument-1-pic.jpg?resize=300%2C246&ssl=1 300w, https:\/\/i0.wp.com\/www.elsemanarioonline.com\/wp-content\/uploads\/2017\/06\/CO-Cover-E-monument-1-pic.jpg?resize=150%2C123&ssl=1 150w, https:\/\/i0.wp.com\/www.elsemanarioonline.com\/wp-content\/uploads\/2017\/06\/CO-Cover-E-monument-1-pic.jpg?w=566&ssl=1 566w\" sizes=\"(max-width: 300px) 100vw, 300px\" \/><figcaption id=\"caption-attachment-5181\" class=\"wp-caption-text\">Foto: U.S. National Park Service Entrada al Monumento Nacional C\u00e9sar E. Ch\u00e1vez.<\/figcaption><\/figure>\n<p>\u201cExisten estos Monumentos para todos nosotros y no deben ser vendidos o privatizados\u201d, dijo Ben Monterroso, director ejecutivo de Mi Familia Vota. \u201cNo s\u00f3lo protegen nuestras tierras p\u00fablicas y objetos culturales e hist\u00f3ricos, sino que tambi\u00e9n sirven para apoyar las econom\u00edas locales, el turismo y el acceso al aire libre. La Administraci\u00f3n tiene que escucharnos, y saber que algunos lugares son demasiado importantes para perderlos.\u201d<\/p>\n<p>Los latinos han sido parte del proceso democr\u00e1tico de la protecci\u00f3n permanente de millones de acres de tierras p\u00fablicas para sus comunidades y para las generaciones futuras. Por ejemplo, la comunidad latina fue participante activa en los esfuerzos para establecer los Monumentos Nacionales de Sand to Snow, Mojave Trails y San Gabriel Mountains en California, Organ Mountains-Desert Peaks en Nuevo M\u00e9xico, Gold Butte en Nevada, \u00a0y muchos otros lugares.<\/p>\n<p>\u201cTenemos una obligaci\u00f3n moral de proteger estas tierras y dejar un legado para las generaciones futuras\u201d, dijo el pastor Mart\u00edn Mart\u00ednez, l\u00edder de Impacto Juvenil y miembro de Por La Creaci\u00f3n Faith-based Alliance en Covina, California. \u201cCon el presidente Trump solicitando una revisi\u00f3n de los \u00faltimas designaciones de Monumentos Nacionales, es el momento para todos nosotros que amamos nuestras tierras p\u00fablicas, para defender nuestra herencia colectiva.\u201d<\/p>\n<p>Los comentarios pueden ser compartidos en Ingl\u00e9s o espa\u00f1ol en http:\/\/www.LatinosForHeritage.org.<\/p>\n<p>\u00a0<\/p>\n","protected":false},"excerpt":{"rendered":"<p>La nueva campa\u00f1a en l\u00ednea LatinosForHeritage.org permite a los visitantes compartir su apoyo para el mantenimiento de los Monumentos Nacionales actualmente en revisi\u00f3n por la Administraci\u00f3n de Trump en lo&#8230;<\/p>\n","protected":false},"author":1,"featured_media":5213,"comment_status":"open","ping_status":"open","sticky":false,"template":"","format":"standard","meta":{"give_campaign_id":0,"_jetpack_memberships_contains_paid_content":false,"footnotes":""},"categories":[74],"tags":[],"class_list":["post-5182","post","type-post","status-publish","format-standard","has-post-thumbnail","hentry","category-noticia-de-portada"],"jetpack_featured_media_url":"https:\/\/i0.wp.com\/www.elsemanarioonline.com\/wp-content\/uploads\/2017\/06\/Print-Publication-170629-rev0201-copia.jpg?fit=684%2C900&ssl=1","jetpack-related-posts":[],"jetpack_sharing_enabled":true,"_links":{"self":[{"href":"https:\/\/www.elsemanarioonline.com\/es\/wp-json\/wp\/v2\/posts\/5182","targetHints":{"allow":["GET"]}}],"collection":[{"href":"https:\/\/www.elsemanarioonline.com\/es\/wp-json\/wp\/v2\/posts"}],"about":[{"href":"https:\/\/www.elsemanarioonline.com\/es\/wp-json\/wp\/v2\/types\/post"}],"author":[{"embeddable":true,"href":"https:\/\/www.elsemanarioonline.com\/es\/wp-json\/wp\/v2\/users\/1"}],"replies":[{"embeddable":true,"href":"https:\/\/www.elsemanarioonline.com\/es\/wp-json\/wp\/v2\/comments?post=5182"}],"version-history":[{"count":0,"href":"https:\/\/www.elsemanarioonline.com\/es\/wp-json\/wp\/v2\/posts\/5182\/revisions"}],"wp:featuredmedia":[{"embeddable":true,"href":"https:\/\/www.elsemanarioonline.com\/es\/wp-json\/wp\/v2\/media\/5213"}],"wp:attachment":[{"href":"https:\/\/www.elsemanarioonline.com\/es\/wp-json\/wp\/v2\/media?parent=5182"}],"wp:term":[{"taxonomy":"category","embeddable":true,"href":"https:\/\/www.elsemanarioonline.com\/es\/wp-json\/wp\/v2\/categories?post=5182"},{"taxonomy":"post_tag","embeddable":true,"href":"https:\/\/www.elsemanarioonline.com\/es\/wp-json\/wp\/v2\/tags?post=5182"}],"curies":[{"name":"wp","href":"https:\/\/api.w.org\/{rel}","templated":true}]}}