{"id":4978,"date":"2017-05-11T23:10:39","date_gmt":"2017-05-11T23:10:39","guid":{"rendered":"http:\/\/elsemanarioonl.wpengine.com\/?p=4978\/"},"modified":"2017-05-11T23:10:39","modified_gmt":"2017-05-11T23:10:39","slug":"la-marcha-imparable-de-los-pueblos","status":"publish","type":"post","link":"https:\/\/www.elsemanarioonline.com\/es\/la-marcha-imparable-de-los-pueblos\/","title":{"rendered":"La Marcha Imparable de los Pueblos"},"content":{"rendered":"<p><!-- VideographyWP Plugin Message: Automatic video embedding prevented by plugin options. --><br \/>\nHay d\u00edas en los que me regocijo de ser parte de la raza humana. El s\u00e1bado, 29 de abril, fue uno de ellos, cuando march\u00e9 con otras 200.000 personas en Washington, DC, para celebrar la unidad de los pueblos y razas en el combate contra el cambio clim\u00e1tico.<\/p>\n<p>En la Marcha Clim\u00e1tica de los Pueblos tambi\u00e9n denunciamos los 100 peores d\u00edas que ha sufrido el medio ambiente y la democracia de Estados Unidos en la historia reciente. Donald Trump se ha convertido en el enemigo p\u00fablico n\u00famero uno del agua y aire limpios y del futuro de la atm\u00f3sfera del planeta. En Washington y decenas de otras ciudades de todo el mundo, cientos de miles de personas denunciamos los abusos contra la Madre Tierra y sus habitantes m\u00e1s vulnerables.<br \/>\nPorque en sus 100 primer d\u00edas en el poder, Trump ha dejado claro que los hispanos, afroamericanos y el resto de las comunidades m\u00e1s en peligro de la contaminaci\u00f3n t\u00f3xica y la crisis clim\u00e1tica no contamos en sus planes de destrucci\u00f3n ambiental. Un d\u00eda antes de la marcha, la Agencia de Protecci\u00f3n Ambiental (EPA) elimin\u00f3 la p\u00e1gina sobre la ciencia clim\u00e1tica de su sitio de Internet, mandando un nuevo mensaje que el consenso clim\u00e1tico mundial no tiene cabida en su administraci\u00f3n negacionista.<\/p>\n<blockquote><p>No puedo describirlo de ninguna otra manera excepto que es una decisi\u00f3n para dejar a todas estas comunidades atr\u00e1s. No se me ocurre ninguna otra justificaci\u00f3n m\u00e1s que el racism.<\/p><\/blockquote>\n<p>La EPA, de hecho, se ha convertido en la v\u00edctima propiciatoria de los desmanes ambientales de la administraci\u00f3n. La propuesta de Trump reducir\u00eda el presupuesto de la agencia en un 25%, eliminar\u00eda 3.000 empleos y desmantelar\u00eda entre otros muchos programas la oficina de justicia ambiental. Esa es la entidad encargada de aliviar el bombardeo t\u00f3xico al que son sometidas cientos de comunidades hispanas y de otros grupos de bajos ingresos de todo el pa\u00eds.<br \/>\nRecordemos que el grupo poblacional m\u00e1s vulnerable a la contaminaci\u00f3n de combustibles f\u00f3siles son los inmigrantes hispanos que no hablan ingl\u00e9s. \u201cLos peligrosos contaminantes del aire pueden causar c\u00e1ncer y otros defectos cong\u00e9nitos graves\u201d, indica un estudio de la Universidad Estatal de Washington. \u201cLa mayor\u00eda procede de autom\u00f3viles y fuentes industriales como factor\u00edas, refiner\u00edas y plantas de combusti\u00f3n de carb\u00f3n\u201d, agrega.<br \/>\n\u201cEliminar el programa de justicia ambiental de la EPA es simplemente racista\u201d, dijo John Coequyt, director de la Campa\u00f1a Clim\u00e1tica del Sierra Club. \u201cNo puedo describirlo de ninguna otra manera excepto que es una decisi\u00f3n para dejar a todas estas comunidades atr\u00e1s. No se me ocurre ninguna otra justificaci\u00f3n m\u00e1s que el racismo\u201d.<br \/>\nHemos presenciado c\u00f3mo la administraci\u00f3n Trump se dispone a eliminar las protecciones del agua y aire de las que la salud de todos depende para proteger empleos. Esto lo repiti\u00f3 Trump una vez m\u00e1s el d\u00eda que anul\u00f3 la prohibici\u00f3n de verter residuos carboneros en los r\u00edos y lagos del pa\u00eds, ignorando que el sector energ\u00e9tico que m\u00e1s empleo genera es el limpio y renovable.<br \/>\nTrump y su obsesi\u00f3n pro-carbonera se parecen al Quijote atacando los molinos de viento. Seg\u00fan Bloomberg New Energy Finance, el declive del carb\u00f3n es \u201cirreversible\u201d y la energ\u00eda solar se ha convertido en la manera m\u00e1s barata de generar electricidad en todo el mundo. Adem\u00e1s, las inversiones en fuentes renovables ya duplican a las de energ\u00edas sucias y su crecimiento en Estados Unidos es \u201cimparable\u201d, seg\u00fan BNEF.<br \/>\nTan imparable como los cientos de miles que participaron en la Marcha Clim\u00e1tica de los Pueblos encabezados por la gente que m\u00e1s nos jugamos en la pelea contra la crisis clim\u00e1tica.<\/p>\n<p><em>Javier Sierra es un columnista del Sierra Club. S\u00edgalo en Twitter @javier_SC.<\/em><\/p>\n<p>\u00a0<\/p>\n","protected":false},"excerpt":{"rendered":"<p>Hay d\u00edas en los que me regocijo de ser parte de la raza humana. El s\u00e1bado, 29 de abril, fue uno de ellos, cuando march\u00e9 con otras 200.000 personas en&#8230;<\/p>\n","protected":false},"author":59,"featured_media":4979,"comment_status":"open","ping_status":"open","sticky":false,"template":"","format":"standard","meta":{"give_campaign_id":0,"_jetpack_memberships_contains_paid_content":false,"footnotes":""},"categories":[77],"tags":[],"class_list":["post-4978","post","type-post","status-publish","format-standard","has-post-thumbnail","hentry","category-medio-ambiente"],"jetpack_featured_media_url":"https:\/\/i0.wp.com\/www.elsemanarioonline.com\/wp-content\/uploads\/2017\/05\/CO-1-Enviro-S-Sierra-1-pic.jpg?fit=1280%2C853&ssl=1","jetpack-related-posts":[],"jetpack_sharing_enabled":true,"_links":{"self":[{"href":"https:\/\/www.elsemanarioonline.com\/es\/wp-json\/wp\/v2\/posts\/4978","targetHints":{"allow":["GET"]}}],"collection":[{"href":"https:\/\/www.elsemanarioonline.com\/es\/wp-json\/wp\/v2\/posts"}],"about":[{"href":"https:\/\/www.elsemanarioonline.com\/es\/wp-json\/wp\/v2\/types\/post"}],"author":[{"embeddable":true,"href":"https:\/\/www.elsemanarioonline.com\/es\/wp-json\/wp\/v2\/users\/59"}],"replies":[{"embeddable":true,"href":"https:\/\/www.elsemanarioonline.com\/es\/wp-json\/wp\/v2\/comments?post=4978"}],"version-history":[{"count":0,"href":"https:\/\/www.elsemanarioonline.com\/es\/wp-json\/wp\/v2\/posts\/4978\/revisions"}],"wp:featuredmedia":[{"embeddable":true,"href":"https:\/\/www.elsemanarioonline.com\/es\/wp-json\/wp\/v2\/media\/4979"}],"wp:attachment":[{"href":"https:\/\/www.elsemanarioonline.com\/es\/wp-json\/wp\/v2\/media?parent=4978"}],"wp:term":[{"taxonomy":"category","embeddable":true,"href":"https:\/\/www.elsemanarioonline.com\/es\/wp-json\/wp\/v2\/categories?post=4978"},{"taxonomy":"post_tag","embeddable":true,"href":"https:\/\/www.elsemanarioonline.com\/es\/wp-json\/wp\/v2\/tags?post=4978"}],"curies":[{"name":"wp","href":"https:\/\/api.w.org\/{rel}","templated":true}]}}