{"id":4944,"date":"2017-05-03T22:08:46","date_gmt":"2017-05-03T22:08:46","guid":{"rendered":"http:\/\/elsemanarioonl.wpengine.com\/?p=4944\/"},"modified":"2017-05-03T22:08:46","modified_gmt":"2017-05-03T22:08:46","slug":"una-familia-tenia-a-su-madre","status":"publish","type":"post","link":"https:\/\/www.elsemanarioonline.com\/es\/una-familia-tenia-a-su-madre\/","title":{"rendered":"Una Familia Ten\u00eda a su Madre"},"content":{"rendered":"<p><!-- VideographyWP Plugin Message: Automatic video embedding prevented by plugin options. --><br \/>\nMaribel Trujillo D\u00edaz, una indocumentada mexicana de Ohio sin historial delictivo y madre de cuatro ni\u00f1os ciudadanos estadounidenses, fue deportada en 19 de abril a pesar de los esfuerzos de la\u00a0<a href=\"http:\/\/newpartners.pr-optout.com\/Tracking.aspx?Data=HHL%3d%40438%3a%26JDG%3c%3d1%40348.LP%3f%40083%3a&RE=MC&RI=2244414&Preview=False&DistributionActionID=60234&Action=Follow+Link\">comunidad religiosa<\/a>, de los abogados de la organizaci\u00f3n Advocates for Basic Legal Equality (ABLE), as\u00ed como de su familia.<br \/>\nA lo largo de este proceso, Maribel recibi\u00f3 el apoyo de miles de residentes de Ohio y de estadounidenses a trav\u00e9s del pa\u00eds en su lucha por permanecer en Estados Unidos con sus hijos, incluyendo una ni\u00f1a de tres a\u00f1os de edad con un padecimiento m\u00e9dico que le provoca convulsiones. La comunidad religiosa encabez\u00f3 esta campa\u00f1a. Maribel tuvo el apoyo de la Iglesia Cat\u00f3lica, y las\u00a0Arquidi\u00f3cesis de Cincinnati y Nueva Orleans\u00a0pidieron al gobierno federal que frenara la deportaci\u00f3n de Maribel, pero tristemente no se pudo.<br \/>\nSeg\u00fan el comunicado de prensa de ABLE, \u00abla moci\u00f3n de Maribel para que se reabra su petici\u00f3n de asilo sigue pendiente ante la Junta de Apelaciones Migratorias y ABLE se compromete a seguir represent\u00e1ndola a ella y a su familia hasta que el caso se resuelva\u00bb.<br \/>\nUno de los elementos m\u00e1s perturbadores de este caso es que Maribel haya sido deportada hacia un potencial peligro a pesar de que su moci\u00f3n sigue pendiente. Maribel hab\u00eda estado viviendo en Ohio con una\u00a0Orden de Supervisi\u00f3n\u00a0y cumpliendo con todos los requisitos del gobierno. Pese a esto, el gobierno de Trump intervino con ella en la calle, la arrest\u00f3, la detuvo y la deport\u00f3.<br \/>\nKathleen Kersh, abogada de ABLE que representa a Maribel, declar\u00f3 que \u00abla deportaci\u00f3n de Maribel demuestra que la administraci\u00f3n Trump no est\u00e1 enfocada en deportar criminals, sino en separar a madres pac\u00edficas de sus hijos estadounidenses. Es horrible que ni\u00f1os estadounidenses sean quienes paguen el precio de estas crueles pol\u00edticas p\u00fablicas\u00bb.<br \/>\nSeg\u00fan Frank Sharry, Director Ejecutivo de America\u2019s Voice Education Fund, \u00abrecientemente, el\u00a0secretario del DHS, John Kelly, argument\u00f3 falsamente\u00a0que sus agentes solo se est\u00e1n centrando en criminales y \u2018bad hombres\u2019. Pero el caso de Maribel Trujillo es un claro ejemplo de la realidad: Trump y la Fuerza de Deportaci\u00f3n de Kelly van tras todos con los que se topen. Desafortunadamente este no ser\u00e1 el \u00faltimo caso \u2018Maribel\u2019. Pero igual que presenciamos el apoyo nacional a Maribel, los estadounidenses le est\u00e1n haciendo frente a las deportaciones de madres, padres, trabajadores y estudiantes que llaman a Estados Unidos su hogar. Seguiremos luchando por un Estados Unidos que valora las familias unidas y pol\u00edticas p\u00fablicas humanas sobre la ofensiva cruel y arbitraria de deportaciones del DHS\u00bb.<br \/>\nLynn Tramonte, Directora de Ohio\u2019s Voice y Subdirectora de America\u2019s Voice Education Fund,\u00a0agreg\u00f3 que, \u00abhace apenas un mes, Maribel ten\u00eda un permiso de trabajo emitido por el gobierno, y una vida aqu\u00ed en Ohio. Una familia ten\u00eda a su madre. Ahora va a bordo de un vuelo de ida a M\u00e9xico sin su familia, incluyendo una ni\u00f1a de tres a\u00f1os que necesita desesperadamente del cuidado de su mam\u00e1 \u00bfQu\u00e9 fue lo que cambi\u00f3? Trump. Su Fuerza de Deportaci\u00f3n va tras todo mundo, incluyendo a quienes acuden a sus citas de inmigraci\u00f3n, como lo han hecho durante a\u00f1os. Cuando el secretario Kelly y el presidente Trump aseguran que solo se est\u00e1n enfocando en gente mala, mienten. Maribel y muchos otros son la triste prueba de ello\u00bb.<\/p>\n","protected":false},"excerpt":{"rendered":"<p>Maribel Trujillo D\u00edaz, una indocumentada mexicana de Ohio sin historial delictivo y madre de cuatro ni\u00f1os ciudadanos estadounidenses, fue deportada en 19 de abril a pesar de los esfuerzos de&#8230;<\/p>\n","protected":false},"author":1,"featured_media":4945,"comment_status":"open","ping_status":"open","sticky":false,"template":"","format":"standard","meta":{"give_campaign_id":0,"_jetpack_memberships_contains_paid_content":false,"footnotes":""},"categories":[79],"tags":[],"class_list":["post-4944","post","type-post","status-publish","format-standard","has-post-thumbnail","hentry","category-inmigracion"],"jetpack_featured_media_url":"https:\/\/i0.wp.com\/www.elsemanarioonline.com\/wp-content\/uploads\/2017\/05\/CO-1-Immig-S-maribel-1-pic.jpg?fit=432%2C466&ssl=1","jetpack-related-posts":[],"jetpack_sharing_enabled":true,"_links":{"self":[{"href":"https:\/\/www.elsemanarioonline.com\/es\/wp-json\/wp\/v2\/posts\/4944","targetHints":{"allow":["GET"]}}],"collection":[{"href":"https:\/\/www.elsemanarioonline.com\/es\/wp-json\/wp\/v2\/posts"}],"about":[{"href":"https:\/\/www.elsemanarioonline.com\/es\/wp-json\/wp\/v2\/types\/post"}],"author":[{"embeddable":true,"href":"https:\/\/www.elsemanarioonline.com\/es\/wp-json\/wp\/v2\/users\/1"}],"replies":[{"embeddable":true,"href":"https:\/\/www.elsemanarioonline.com\/es\/wp-json\/wp\/v2\/comments?post=4944"}],"version-history":[{"count":0,"href":"https:\/\/www.elsemanarioonline.com\/es\/wp-json\/wp\/v2\/posts\/4944\/revisions"}],"wp:featuredmedia":[{"embeddable":true,"href":"https:\/\/www.elsemanarioonline.com\/es\/wp-json\/wp\/v2\/media\/4945"}],"wp:attachment":[{"href":"https:\/\/www.elsemanarioonline.com\/es\/wp-json\/wp\/v2\/media?parent=4944"}],"wp:term":[{"taxonomy":"category","embeddable":true,"href":"https:\/\/www.elsemanarioonline.com\/es\/wp-json\/wp\/v2\/categories?post=4944"},{"taxonomy":"post_tag","embeddable":true,"href":"https:\/\/www.elsemanarioonline.com\/es\/wp-json\/wp\/v2\/tags?post=4944"}],"curies":[{"name":"wp","href":"https:\/\/api.w.org\/{rel}","templated":true}]}}