{"id":4871,"date":"2017-04-20T14:36:09","date_gmt":"2017-04-20T14:36:09","guid":{"rendered":"http:\/\/elsemanarioonl.wpengine.com\/?p=4871\/"},"modified":"2017-04-20T14:36:27","modified_gmt":"2017-04-20T14:36:27","slug":"rtd-celebra-el-primer-aniversario-de-la-linea-a","status":"publish","type":"post","link":"https:\/\/www.elsemanarioonline.com\/es\/rtd-celebra-el-primer-aniversario-de-la-linea-a\/","title":{"rendered":"RTD Celebra el Primer Aniversario de la L\u00ednea A"},"content":{"rendered":"<p><!-- VideographyWP Plugin Message: Automatic video embedding prevented by plugin options. --><br \/>\nEl Distrito Regional de Transporte (RTD) est\u00e1 celebrando el primer aniversario la L\u00ednea A de la Universidad de Colorado. La RTD marcar\u00e1 esta ocasi\u00f3n llevando a cabo un d\u00eda de reconocimiento durante la ma\u00f1ana del viernes 21 de abril en la Estaci\u00f3n Denver Union (6: 30-8: 30am), Peoria Station (6: 30-8: 30am) y Denver Airport Station 5-7am). En estas estaciones, los pasajeros recibir\u00e1n refrigerios ligeros y regalos promocionales gratuitos.<\/p>\n<p>Aunque la IDT reconoce que ha habido algunos desaf\u00edos operacionales en la primera l\u00ednea de ferrocarril de cercan\u00edas de Denver desde que se abri\u00f3 el 22 de abril de 2016, les gustar\u00eda honrar los muchos logros. Entre ellos, que el n\u00famero de pasajeros es de casi 5 millones desde que se inaugur\u00f3, el 89 por ciento de puntualidad hasta la fecha, la creaci\u00f3n de empleos, la inversi\u00f3n en nuestra comunidad y el \u00e9xito del primer tr\u00e1nsito p\u00fablico-privado.<\/p>\n<p>La L\u00ednea de la Universidad de Colorado A es una l\u00ednea de tren de cercan\u00edas de 23 millas que conecta la Estaci\u00f3n Uni\u00f3n de Denver con el Aeropuerto Internacional de Denver con ocho estaciones totales.<\/p>\n<p>Para obtener informaci\u00f3n sobre rutas y horarios, visite rtd-denver.com o llame a RTD al 303-299-6000. Los usuarios con impedimentos auditivos o del habla deben llamar al servicio de informaci\u00f3n de TDD al 303-299-6089.<br \/>\nTraducci\u00f3n por Juan Carlos Uribe<\/p>\n","protected":false},"excerpt":{"rendered":"<p>El Distrito Regional de Transporte (RTD) est\u00e1 celebrando el primer aniversario la L\u00ednea A de la Universidad de Colorado. La RTD marcar\u00e1 esta ocasi\u00f3n llevando a cabo un d\u00eda de&#8230;<\/p>\n","protected":false},"author":1,"featured_media":4872,"comment_status":"open","ping_status":"open","sticky":false,"template":"","format":"standard","meta":{"give_campaign_id":0,"_jetpack_memberships_contains_paid_content":false,"footnotes":""},"categories":[71],"tags":[],"class_list":["post-4871","post","type-post","status-publish","format-standard","has-post-thumbnail","hentry","category-estado"],"jetpack_featured_media_url":"https:\/\/i0.wp.com\/www.elsemanarioonline.com\/wp-content\/uploads\/2017\/04\/CO-2-Cit-S-Colo-1-pic-rtd.jpg?fit=1024%2C550&ssl=1","jetpack-related-posts":[],"jetpack_sharing_enabled":true,"_links":{"self":[{"href":"https:\/\/www.elsemanarioonline.com\/es\/wp-json\/wp\/v2\/posts\/4871","targetHints":{"allow":["GET"]}}],"collection":[{"href":"https:\/\/www.elsemanarioonline.com\/es\/wp-json\/wp\/v2\/posts"}],"about":[{"href":"https:\/\/www.elsemanarioonline.com\/es\/wp-json\/wp\/v2\/types\/post"}],"author":[{"embeddable":true,"href":"https:\/\/www.elsemanarioonline.com\/es\/wp-json\/wp\/v2\/users\/1"}],"replies":[{"embeddable":true,"href":"https:\/\/www.elsemanarioonline.com\/es\/wp-json\/wp\/v2\/comments?post=4871"}],"version-history":[{"count":0,"href":"https:\/\/www.elsemanarioonline.com\/es\/wp-json\/wp\/v2\/posts\/4871\/revisions"}],"wp:featuredmedia":[{"embeddable":true,"href":"https:\/\/www.elsemanarioonline.com\/es\/wp-json\/wp\/v2\/media\/4872"}],"wp:attachment":[{"href":"https:\/\/www.elsemanarioonline.com\/es\/wp-json\/wp\/v2\/media?parent=4871"}],"wp:term":[{"taxonomy":"category","embeddable":true,"href":"https:\/\/www.elsemanarioonline.com\/es\/wp-json\/wp\/v2\/categories?post=4871"},{"taxonomy":"post_tag","embeddable":true,"href":"https:\/\/www.elsemanarioonline.com\/es\/wp-json\/wp\/v2\/tags?post=4871"}],"curies":[{"name":"wp","href":"https:\/\/api.w.org\/{rel}","templated":true}]}}