{"id":4542,"date":"2017-01-05T12:23:49","date_gmt":"2017-01-05T12:23:49","guid":{"rendered":"http:\/\/elsemanarioonl.wpengine.com\/?p=4542\/"},"modified":"2017-03-09T11:51:24","modified_gmt":"2017-03-09T11:51:24","slug":"los-procuradores-generales-instan-a-vigilar-el-cambio-climatico","status":"publish","type":"post","link":"https:\/\/www.elsemanarioonline.com\/es\/los-procuradores-generales-instan-a-vigilar-el-cambio-climatico\/","title":{"rendered":"Los Procuradores Generales Instan a Vigilar el Cambio Clim\u00e1tico"},"content":{"rendered":"<p><!-- VideographyWP Plugin Message: Automatic video embedding prevented by plugin options. --><br \/>\nEl Procurador General de Hacienda de Nuevo M\u00e9xico, H\u00e9ctor Balderas, la semana pasada, junto con otros catorce Procuradores Dem\u00f3cratas, y funcionarios legales dem\u00f3cratas instaron al presidente electo, Donald Trump, a estar atento al cambio clim\u00e1tico. La acci\u00f3n responde a una carta que insta a la nueva administraci\u00f3n a desentra\u00f1ar el Plan de Energ\u00eda Limpia y socavar los progresos realizados para reducir los efectos del cambio clim\u00e1tico en las comunidades de Nuevo M\u00e9xico y en todo el pa\u00eds.<\/p>\n<p>En la carta, los abogados escriben: \u00abNos unimos a la defensa de EPA del Plan de Energ\u00eda Limpia en el tribunal consciente de las graves amenazas que la contaminaci\u00f3n de carbono representa para nuestros residentes, las econom\u00edas, la infraestructura y los recursos naturales. El Plan de Energ\u00eda Limpia se basa en las estrategias exitosas que los estados, los gobiernos locales y el sector de la energ\u00eda han utilizado para reducir de manera rentable las emisiones de gases de efecto invernadero de las centrales el\u00e9ctricas, al tiempo que crean empleos y crecen nuestras econom\u00edas\u00bb.<\/p>\n<p>En particular, Nuevo M\u00e9xico ha experimentado veranos e inviernos m\u00e1s secos que contribuyen a un incendio catastr\u00f3fico y a inundaciones extremas que causan estragos en las econom\u00edas locales y requieren recursos significativos para hacerles frente.<\/p>\n<p>Dado que los nominados de Donald Trump para puestos clave de administraci\u00f3n, el r\u00e9cord del Vicepresidente electo sobre el cambio clim\u00e1tico y la reciente negaci\u00f3n del presidente electo al cambio clim\u00e1tico, el destino del Plan de Energ\u00eda Limpia sigue siendo incierto y el progreso beneficia a las comunidades y comunidades de Nuevo M\u00e9xico. El Pa\u00eds est\u00e1 en riesgo.<\/p>\n<p>El Plan de Energ\u00eda Limpia fue implementado por el Presidente Obama en 2015 y establece una serie de est\u00e1ndares para reducir las emisiones de carbono, uno de los principales contribuyentes al cambio clim\u00e1tico, dentro de un per\u00edodo de tiempo espec\u00edfico.<\/p>\n<p><em>Partido Dem\u00f3crata de Nuevo M\u00e9xico<\/em><\/p>\n<p><em>Traducci\u00f3n por Juan Carlos Uribe<\/em><\/p>\n","protected":false},"excerpt":{"rendered":"<p>El Procurador General de Hacienda de Nuevo M\u00e9xico, H\u00e9ctor Balderas, la semana pasada, junto con otros catorce Procuradores Dem\u00f3cratas, y funcionarios legales dem\u00f3cratas instaron al presidente electo, Donald Trump, a&#8230;<\/p>\n","protected":false},"author":43,"featured_media":4520,"comment_status":"open","ping_status":"open","sticky":false,"template":"","format":"standard","meta":{"give_campaign_id":0,"_jetpack_memberships_contains_paid_content":false,"footnotes":""},"categories":[102],"tags":[],"class_list":["post-4542","post","type-post","status-publish","format-standard","has-post-thumbnail","hentry","category-new-mexico-es"],"jetpack_featured_media_url":"https:\/\/i0.wp.com\/www.elsemanarioonline.com\/wp-content\/uploads\/2017\/03\/Pg7-1-State-E-New-Mex-1-pic-2.jpg?fit=1200%2C800&ssl=1","jetpack-related-posts":[],"jetpack_sharing_enabled":true,"_links":{"self":[{"href":"https:\/\/www.elsemanarioonline.com\/es\/wp-json\/wp\/v2\/posts\/4542","targetHints":{"allow":["GET"]}}],"collection":[{"href":"https:\/\/www.elsemanarioonline.com\/es\/wp-json\/wp\/v2\/posts"}],"about":[{"href":"https:\/\/www.elsemanarioonline.com\/es\/wp-json\/wp\/v2\/types\/post"}],"author":[{"embeddable":true,"href":"https:\/\/www.elsemanarioonline.com\/es\/wp-json\/wp\/v2\/users\/43"}],"replies":[{"embeddable":true,"href":"https:\/\/www.elsemanarioonline.com\/es\/wp-json\/wp\/v2\/comments?post=4542"}],"version-history":[{"count":0,"href":"https:\/\/www.elsemanarioonline.com\/es\/wp-json\/wp\/v2\/posts\/4542\/revisions"}],"wp:featuredmedia":[{"embeddable":true,"href":"https:\/\/www.elsemanarioonline.com\/es\/wp-json\/wp\/v2\/media\/4520"}],"wp:attachment":[{"href":"https:\/\/www.elsemanarioonline.com\/es\/wp-json\/wp\/v2\/media?parent=4542"}],"wp:term":[{"taxonomy":"category","embeddable":true,"href":"https:\/\/www.elsemanarioonline.com\/es\/wp-json\/wp\/v2\/categories?post=4542"},{"taxonomy":"post_tag","embeddable":true,"href":"https:\/\/www.elsemanarioonline.com\/es\/wp-json\/wp\/v2\/tags?post=4542"}],"curies":[{"name":"wp","href":"https:\/\/api.w.org\/{rel}","templated":true}]}}