{"id":4346,"date":"2017-01-26T06:03:41","date_gmt":"2017-01-26T06:03:41","guid":{"rendered":"http:\/\/elsemanarioonl.wpengine.com\/?p=4346\/"},"modified":"2017-03-09T12:07:25","modified_gmt":"2017-03-09T12:07:25","slug":"comunidad-preparada-para-abogar-por-inmigrantes","status":"publish","type":"post","link":"https:\/\/www.elsemanarioonline.com\/es\/comunidad-preparada-para-abogar-por-inmigrantes\/","title":{"rendered":"Comunidad Preparada para Abogar por Inmigrantes"},"content":{"rendered":"<p><!-- VideographyWP Plugin Message: Automatic video embedding prevented by plugin options. --><br \/>\nDespu\u00e9s del discurso que dio el Presidente Trump durante su inauguraci\u00f3n\u2013 la coalici\u00f3n \u201cListo Nuevo M\u00e9xico\u201d y las organizaciones pro-inmigrantes en Nuevo M\u00e9xico que la conforman, le est\u00e1n recordando a la comunidad que la lucha por la seguridad y bienestar de nuestras comunidades indocumentados y refugiadas continuar\u00e1 al nivel local, estatal y nacional durante los siguientes cuatro a\u00f1os de la presidencia Trump.<\/p>\n<p>\u201cLa presidencia Trump marca una nueva era en la lucha por la justicia, dignidad y respeto en las comunidades inmigrantes y refugiadas\u201d, expres\u00f3 Adriel Orozco, Abogado en el Centro Legal para Inmigrantes de Nuevo M\u00e9xico. \u201cDACA ha ayudado a m\u00e1s de 10,000 Nuevo Mexicanos obtener acceso a una econom\u00eda formal y a obtener una tranquilidad para ellos y sus familias. La posible terminaci\u00f3n de DACA no es solamente una atrocidad moral, tambi\u00e9n da\u00f1a a nuestro estado econ\u00f3micamente ya que se estima una p\u00e9rdida de $375 millones anualmente del PIB (GDP en Ingl\u00e9s).<\/p>\n<p>Orozco explic\u00f3 los esfuerzos de la comunidad. \u201cEstamos emocionados de anunciar que para combatir la criminalizaci\u00f3n de las comunidades inmigrantes, estaremos lanzando una nueva iniciativa, New M\u00e9xico immigration Corps, la cual proveer\u00e1 acceso a recursos legales para la comunidad inmigrante. Esta ser\u00e1 implementada durante los siguientes cuatro a\u00f1os.\u201d<\/p>\n<p>Durante todo un a\u00f1o, Trump ha detallado sus intenciones espec\u00edficas de implementar un r\u00e9gimen basado en las deportaciones que criminaliza a la comunidad inmigrante, un programa de registro para personas Musulmanas y la terminaci\u00f3n de DACA (Deferred Action for Childhood Arrivals)\u2013 un programa que se ha comprado de ser exitoso y que ha cambiado las vidas de cerca de 800,000 j\u00f3venes a quienes los protege de la deportaci\u00f3n, les provee la habilidad de trabajar y ha mejorado la seguridad y salud de familias y comunidades enteras.<\/p>\n<p>[pullquote]La posible terminaci\u00f3n de DACA no es solamente una atrocidad moral, tambi\u00e9n da\u00f1a a nuestro estado econ\u00f3micamente ya que se estima una p\u00e9rdida de $375 millones anualmente del PIB. \u00a0 \u00a0 \u00a0~ Adriel Orozco ~[\/pullquote]<\/p>\n<p>\u201c\u00a1Necesitamos que se nos sigan uniendo y que continuemos utilizando nuestra fuerza de resistencia para continuar nuestra lucha para proteger a nuestra comunidad indocumentada y refugiada!\u201d exclam\u00f3 Felipe Rodr\u00edguez, Undocumented Albuquerque y Coordinar para el NM Dream Team. \u201cSeguiremos exigiendo al Alcalde Richard Berry que anuncie p\u00fablicamente y presente pol\u00edticas claras en nuestra ciudad para crear espacios santuarios que garanticen la seguridad y protecci\u00f3n de la comunidad inmigrante y refugiada en nuestra ciudad durante la administraci\u00f3n Trump\u201d.<\/p>\n<p>Rodr\u00edguez agreg\u00f3, \u201cNecesitamos seguir edificando puentes entre las organizaciones comunitarias y la comunidad en Albuquerque con el fin de seguir presionando por un ambiente acogedor en nuestra ciudad para todos los inmigrantes y refugiados. \u00a1Nuestra comunidad inmigrante est\u00e1 lista para luchar y estamos todos trabajando en unidad y colaboraci\u00f3n con una misma meta en mente que es proteger a nuestras familias, nuestros seres queridos y continuar prosperando en este pa\u00eds que es nuestro hogar! \u00a1Estamos Aqu\u00ed Para Quedarnos!\u201d<\/p>\n<p>Grupos de organizadores y activistas locales en Albuquerque han estado trabajando continuamente desde las primeras horas despu\u00e9s de la elecci\u00f3n del 8 de Nov. para tomar los siguientes pasos en crear una resistencia hacia las pol\u00edticas antiinmigrantes al crear presi\u00f3n al gobierno local para que p\u00fablicamente se implementen pol\u00edticas claras que garanticen la seguridad de las comunidades inmigrantes y refugiadas en nuestra ciudad durante la presidencia Trump. Se han prove\u00eddo entrenamientos de \u201cConoce Tus Derechos\u201d, \u201cJuntas Comunitarias\u201d y se ha creado una fuente de recursos que estar\u00e1n disponibles para la protecci\u00f3n de la comunidad inmigrante\u2013 incluyendo el recientemente anunciado New M\u00e9xico Immigration Corps, un programa de cuatro a\u00f1os que se enfoca en proveer \u201cconsejo legal a inmigrante en Nuevo M\u00e9xico para proteger sus derechos civiles\u201d.<\/p>\n<p>\u201cNuestro compromiso contin\u00faa de luchar en contra de las deportaciones sin sentido, las violaciones a los derechos civiles y la explotaci\u00f3n de trabajadores durante la administraci\u00f3n de Donald trump\u201d reafirm\u00f3 Rachel LaZar, Directora Ejecutiva de El CENTRO de Igualdad y Derechos. \u201cUtilizaremos toda herramienta que se encuentre en nuestra disposici\u00f3n para continuar nuestra lucha. Nos organizaremos para pasar y fortalecer nuestras pol\u00edticas locales que protegen a los inmigrantes, usaremos litigaci\u00f3n estrat\u00e9gica y multiplicaremos nuestros esfuerzos para luchar en contra de la m\u00e1quina de deportaci\u00f3n de trump y su agenda de odio\u201d.<\/p>\n<p>Listo NM y las organizaciones que son parte de la coalici\u00f3n est\u00e1n comprometidas a seguir reconociendo las contribuciones hist\u00f3ricas por parte de inmigrantes y refugiados que forman parte de la f\u00e1brica de la sociedad Americana y que han fortalecido a nuestra naci\u00f3n.<\/p>\n<p>\u201cUna y otra vez, la comunidad inmigrante y refugiada han mostrado ser parte vital de la econom\u00eda y sociedad de nuestro pa\u00eds por medio de sus contribuciones en la fuerza laboral. El Presidente trump contin\u00faa fallando al no reconocer esta realidad\u201d, dijo Andrea Plaza, Directora Ejecutiva de Encuentro.<\/p>\n<p>\u201cAqu\u00ed en Encuentro continuamos con nuestro compromiso de ense\u00f1ar, transformar y empoderar a la comunidad inmigrante para continuar siendo una parte vital de la fuerza laboral y econ\u00f3mica al nivel local y nacional\u201d.<\/p>\n<p>Listo NM hace un llamado a todos los miembros de la comunidad ha que se organicen en sus localidades y que aprendan a c\u00f3mo protegerse los unos a los otros de cualquier intento de deportaci\u00f3n. La manera m\u00e1s f\u00e1cil para estar al tanto de sucesos de inmigraci\u00f3n es enviando un mensaje de texto con la palabra LISTO (Espa\u00f1ol) o READY (en Ingl\u00e9s) al (505) 465-4994 o suscribi\u00e9ndose a nuestro sistema de alerta en: listonm-progressnownm.nationbuilder.com.<\/p>\n","protected":false},"excerpt":{"rendered":"<p>Despu\u00e9s del discurso que dio el Presidente Trump durante su inauguraci\u00f3n\u2013 la coalici\u00f3n \u201cListo Nuevo M\u00e9xico\u201d y las organizaciones pro-inmigrantes en Nuevo M\u00e9xico que la conforman, le est\u00e1n recordando a&#8230;<\/p>\n","protected":false},"author":1,"featured_media":1785,"comment_status":"open","ping_status":"open","sticky":false,"template":"","format":"standard","meta":{"give_campaign_id":0,"_jetpack_memberships_contains_paid_content":false,"footnotes":""},"categories":[102],"tags":[],"class_list":["post-4346","post","type-post","status-publish","format-standard","has-post-thumbnail","hentry","category-new-mexico-es"],"jetpack_featured_media_url":"https:\/\/i0.wp.com\/www.elsemanarioonline.com\/wp-content\/uploads\/2016\/11\/No-Img-Mexico.jpg?fit=1280%2C800&ssl=1","jetpack-related-posts":[],"jetpack_sharing_enabled":true,"_links":{"self":[{"href":"https:\/\/www.elsemanarioonline.com\/es\/wp-json\/wp\/v2\/posts\/4346","targetHints":{"allow":["GET"]}}],"collection":[{"href":"https:\/\/www.elsemanarioonline.com\/es\/wp-json\/wp\/v2\/posts"}],"about":[{"href":"https:\/\/www.elsemanarioonline.com\/es\/wp-json\/wp\/v2\/types\/post"}],"author":[{"embeddable":true,"href":"https:\/\/www.elsemanarioonline.com\/es\/wp-json\/wp\/v2\/users\/1"}],"replies":[{"embeddable":true,"href":"https:\/\/www.elsemanarioonline.com\/es\/wp-json\/wp\/v2\/comments?post=4346"}],"version-history":[{"count":0,"href":"https:\/\/www.elsemanarioonline.com\/es\/wp-json\/wp\/v2\/posts\/4346\/revisions"}],"wp:featuredmedia":[{"embeddable":true,"href":"https:\/\/www.elsemanarioonline.com\/es\/wp-json\/wp\/v2\/media\/1785"}],"wp:attachment":[{"href":"https:\/\/www.elsemanarioonline.com\/es\/wp-json\/wp\/v2\/media?parent=4346"}],"wp:term":[{"taxonomy":"category","embeddable":true,"href":"https:\/\/www.elsemanarioonline.com\/es\/wp-json\/wp\/v2\/categories?post=4346"},{"taxonomy":"post_tag","embeddable":true,"href":"https:\/\/www.elsemanarioonline.com\/es\/wp-json\/wp\/v2\/tags?post=4346"}],"curies":[{"name":"wp","href":"https:\/\/api.w.org\/{rel}","templated":true}]}}