{"id":4071,"date":"2016-08-11T12:03:37","date_gmt":"2016-08-11T12:03:37","guid":{"rendered":"http:\/\/elsemanarioonl.wpengine.com\/?p=4071\/"},"modified":"2017-02-23T12:06:11","modified_gmt":"2017-02-23T12:06:11","slug":"democratas-de-rio-rancho-celebran-nueva-sede","status":"publish","type":"post","link":"https:\/\/www.elsemanarioonline.com\/es\/democratas-de-rio-rancho-celebran-nueva-sede\/","title":{"rendered":"Dem\u00f3cratas de Rio Rancho celebran Nueva Sede"},"content":{"rendered":"<p><!-- VideographyWP Plugin Message: Automatic video embedding prevented by plugin options. --><br \/>\nDem\u00f3cratas de Nuevo M\u00e9xico se reunieron en gran n\u00famero por la inauguraci\u00f3n de la sede de campa\u00f1a 2016 del Partido Dem\u00f3crata del Condado de Sandoval\u00a0 en Rio Rancho, la semana pasada. En el evento, los campeones democr\u00e1ticos, Ben Ray Luj\u00e1n y Michael Padilla energizaron a la multitud y los candidatos dem\u00f3cratas expusieron su visi\u00f3n del futuro de Nuevo M\u00e9xico.<\/p>\n<p>\u00abEstamos encantados de que la inauguraci\u00f3n fue un \u00e9xito, y el Partido Democr\u00e1tico del Condado de Sandoval, se reunir\u00e1 con los votantes, proporcionando informaci\u00f3n valiosa, y la garant\u00eda de que nuestros candidatos tengan lo que necesitan para ganar en el condado de Sandoval,\u00bb dijo Marg Elliston, Presidente del Partido Dem\u00f3crata del Condado de Sandoval.<\/p>\n<p>\u00abEl Condado de Sandoval ser\u00e1 fundamental para los dem\u00f3cratas de Nuevo M\u00e9xico en esta elecci\u00f3n. Tenemos candidatos fuertes que ponen a la econom\u00eda de Nuevo M\u00e9xico en primer lugar, defienden a las familias de Nuevo M\u00e9xico, y realmente se preocupan por sus comunidades. No tengo ninguna duda de que esta sede servir\u00e1 como una ubicaci\u00f3n central donde los voluntarios estar\u00e1n trabajando para elegir a nuestros candidatos que trabajan duro \u00ab, dijo Juan S\u00e1nchez III, Vice-Presidente del Partido Dem\u00f3crata de Nuevo M\u00e9xico.<\/p>\n<p>La sede del condado de Sandoval se encuentra en el c\u00e9ntrico 2345 del Southern Blvd. NE, Suite B4, Rio Rancho N.M.<\/p>\n<p><em>Traducci\u00f3n por Juan Carlos Uribe<\/em><\/p>\n","protected":false},"excerpt":{"rendered":"<p>Dem\u00f3cratas de Nuevo M\u00e9xico se reunieron en gran n\u00famero por la inauguraci\u00f3n de la sede de campa\u00f1a 2016 del Partido Dem\u00f3crata del Condado de Sandoval\u00a0 en Rio Rancho, la semana&#8230;<\/p>\n","protected":false},"author":43,"featured_media":1785,"comment_status":"open","ping_status":"open","sticky":false,"template":"","format":"standard","meta":{"give_campaign_id":0,"_jetpack_memberships_contains_paid_content":false,"footnotes":""},"categories":[102],"tags":[],"class_list":["post-4071","post","type-post","status-publish","format-standard","has-post-thumbnail","hentry","category-new-mexico-es"],"jetpack_featured_media_url":"https:\/\/i0.wp.com\/www.elsemanarioonline.com\/wp-content\/uploads\/2016\/11\/No-Img-Mexico.jpg?fit=1280%2C800&ssl=1","jetpack-related-posts":[],"jetpack_sharing_enabled":true,"_links":{"self":[{"href":"https:\/\/www.elsemanarioonline.com\/es\/wp-json\/wp\/v2\/posts\/4071","targetHints":{"allow":["GET"]}}],"collection":[{"href":"https:\/\/www.elsemanarioonline.com\/es\/wp-json\/wp\/v2\/posts"}],"about":[{"href":"https:\/\/www.elsemanarioonline.com\/es\/wp-json\/wp\/v2\/types\/post"}],"author":[{"embeddable":true,"href":"https:\/\/www.elsemanarioonline.com\/es\/wp-json\/wp\/v2\/users\/43"}],"replies":[{"embeddable":true,"href":"https:\/\/www.elsemanarioonline.com\/es\/wp-json\/wp\/v2\/comments?post=4071"}],"version-history":[{"count":0,"href":"https:\/\/www.elsemanarioonline.com\/es\/wp-json\/wp\/v2\/posts\/4071\/revisions"}],"wp:featuredmedia":[{"embeddable":true,"href":"https:\/\/www.elsemanarioonline.com\/es\/wp-json\/wp\/v2\/media\/1785"}],"wp:attachment":[{"href":"https:\/\/www.elsemanarioonline.com\/es\/wp-json\/wp\/v2\/media?parent=4071"}],"wp:term":[{"taxonomy":"category","embeddable":true,"href":"https:\/\/www.elsemanarioonline.com\/es\/wp-json\/wp\/v2\/categories?post=4071"},{"taxonomy":"post_tag","embeddable":true,"href":"https:\/\/www.elsemanarioonline.com\/es\/wp-json\/wp\/v2\/tags?post=4071"}],"curies":[{"name":"wp","href":"https:\/\/api.w.org\/{rel}","templated":true}]}}