{"id":29074,"date":"2026-03-12T18:32:16","date_gmt":"2026-03-12T18:32:16","guid":{"rendered":"https:\/\/www.elsemanarioonline.com\/?p=29074"},"modified":"2026-03-12T18:32:16","modified_gmt":"2026-03-12T18:32:16","slug":"legisladores-de-colorado-presentan-resolucion-para-defender-las-tierras-publicas-de-amenazas-federales","status":"publish","type":"post","link":"https:\/\/www.elsemanarioonline.com\/es\/legisladores-de-colorado-presentan-resolucion-para-defender-las-tierras-publicas-de-amenazas-federales\/","title":{"rendered":"Legisladores de Colorado Presentan Resoluci\u00f3n para Defender las Tierras P\u00fablicas de Amenazas Federales"},"content":{"rendered":"<p><!-- VideographyWP Plugin Message: Automatic video embedding prevented by plugin options. --><br \/>\n\u00a0<\/p>\n<p><em>Posted March 12, 2026<\/em><\/p>\n<p>\u00a0<\/p>\n<p>\u00a0<\/p>\n<p>El 10 de marzo, el Senado de Colorado aprob\u00f3 la <a href=\"https:\/\/conservationco.us18.list-manage.com\/track\/click?u=aee9895dbe878a604151549d8&id=1c203299e3&e=871bd82f4b\">Resoluci\u00f3n Conjunta del Senado 26-015<\/a>, que reafirma el compromiso del estado con la protecci\u00f3n de las tierras p\u00fablicas y se opone a los esfuerzos federales para venderlas o silenciar la opini\u00f3n p\u00fablica sobre su gesti\u00f3n. Patrocinada por el senador Dylan Roberts, la senadora Judy Amabile, las representantes Elizabeth Velasco y Meghan Lukens, la Resoluci\u00f3n Conjunta del Senado 26-015 declara que las tierras p\u00fablicas de Colorado son fundamentales para la econom\u00eda, el medioambiente, la salud p\u00fablica y la identidad del estado \u2014 y deben permanecer en manos p\u00fablicas para las generaciones actuales y futuras.<\/p>\n<p>\u00a0<\/p>\n<p>\u201cLas comunidades monta\u00f1osas y rurales de Colorado dependen de nuestras tierras p\u00fablicas para sostener las econom\u00edas locales y nuestro patrimonio agr\u00edcola\u201d, declar\u00f3 el senador Dylan Roberts. \u201cNo podemos permitir que Washington silencie nuestras voces y facilite el camino para la venta de estos paisajes fundamentales. Esta resoluci\u00f3n deja en claro y de forma contundente que Colorado cree que las personas cuyo sustento depende de estas tierras merecen tener voz y voto en su futuro, en lugar de permitir que nuestro patrimonio sea subastado al mejor postor\u201d.<\/p>\n<p>\u00a0<\/p>\n<p>Colorado alberga m\u00e1s de 22 millones de acres de tierras p\u00fablicas nacionales que suministran agua potable a comunidades de todo el estado, protegen el h\u00e1bitat de la vida silvestre y sostienen una pr\u00f3spera econom\u00eda de recreaci\u00f3n al aire libre. Solo en 2023, la econom\u00eda de recreaci\u00f3n al aire libre de Colorado gener\u00f3 $65.8 mil millones en producci\u00f3n econ\u00f3mica y respald\u00f3 m\u00e1s de 404,000 empleos, lo que representa el 12% de la fuerza laboral del estado.<\/p>\n<p>\u00a0<\/p>\n<p>\u201cLa transparencia y la participaci\u00f3n p\u00fablica son pilares de un gobierno responsable\u201d, declar\u00f3 la senadora Judy Amabile. \u201cAl eliminar los periodos garantizados para la consulta p\u00fablica y tomar decisiones a puerta cerrada, la administraci\u00f3n federal intenta silenciar a los habitantes de Colorado\u201d.<\/p>\n<p>\u00a0<\/p>\n<p>Los legisladores presentaron la resoluci\u00f3n en respuesta a las recientes acciones federales que debilitan las medidas de protecci\u00f3n ambiental hist\u00f3ricas y limitan la participaci\u00f3n p\u00fablica en las decisiones sobre la gesti\u00f3n de las tierras. Las agencias federales han presionado para agilizar los arrendamientos de petr\u00f3leo y gas, acortar los plazos de revisi\u00f3n ambiental y reducir las oportunidades de que las comunidades participen en proyectos que afectan el aire, agua y tierra \u2014 excluyendo al p\u00fablico de la toma de decisiones sobre tierras p\u00fablicas.<\/p>\n<p>\u00a0<\/p>\n<p>\u201cNuestras tierras p\u00fablicas nos pertenecen a todos, proporcionando a las familias trabajadoras de Colorado acceso a la naturaleza y a nuestro patrimonio compartido\u201d, declar\u00f3 la representante Elizabeth Velasco. \u201cExcluir a las comunidades locales del proceso de toma de decisiones es una injusticia que facilita el camino para la privatizaci\u00f3n de tierras que deber\u00edan permanecer en manos p\u00fablicas\u201d.<\/p>\n<p>\u00a0<\/p>\n<p>La resoluci\u00f3n refleja un amplio apoyo p\u00fablico a la protecci\u00f3n de las tierras p\u00fablicas. La <a href=\"https:\/\/conservationco.us18.list-manage.com\/track\/click?u=aee9895dbe878a604151549d8&id=fabc4e0847&e=871bd82f4b\">Encuesta de Conservaci\u00f3n en el Oeste de 2026<\/a> revel\u00f3 que el 78% de los habitantes de Colorado quiere que los l\u00edderes prioricen la protecci\u00f3n del aire, el agua, el h\u00e1bitat de la vida silvestre y la recreaci\u00f3n por encima de la extracci\u00f3n de petr\u00f3leo y gas y la miner\u00eda en tierras p\u00fablicas. La encuesta tambi\u00e9n revel\u00f3 que el 74% se opone a limitar la participaci\u00f3n p\u00fablica y a reducir las evaluaciones ambientales para agilizar los proyectos de petr\u00f3leo, gas y miner\u00eda. Adem\u00e1s, las <a href=\"https:\/\/conservationco.us18.list-manage.com\/track\/click?u=aee9895dbe878a604151549d8&id=67a6072699&e=871bd82f4b\">encuestas demuestran sistem\u00e1ticamente <\/a>que m\u00e1s de dos tercios de los habitantes de Colorado se oponen rotundamente a la venta de tierras p\u00fablicas, dejando en claro que la venta no tiene apoyo en el estado.<\/p>\n<p>\u00a0<\/p>\n<p>\u201cEn el noroeste de Colorado, nuestra econom\u00eda de recreaci\u00f3n al aire libre de primer nivel depende completamente de mantener nuestras tierras p\u00fablicas accesibles y en manos p\u00fablicas\u201d, declar\u00f3 la representante Meghan Lukens. \u201cLa agenda federal actual amenaza con silenciar a nuestras comunidades locales y abre la puerta a la venta de los paisajes que sustentan nuestros negocios locales. Estamos dando un paso al frente para defender nuestro derecho a tener voz y garantizar que nuestras tierras p\u00fablicas sigan siendo p\u00fablicas\u201d.<\/p>\n<p>\u00a0<\/p>\n<p>\u201cEn el suroeste de Colorado, nuestras tierras p\u00fablicas est\u00e1n profundamente ligadas a nuestra cultura y patrimonio local\u201d, dijo la representante Katie Stewart. \u201cCuando el gobierno federal impone mandatos de arriba hacia abajo que eliminan la participaci\u00f3n local, amenaza con despojarnos de las mismas tierras que hacen tan especial nuestro estado. Esta resoluci\u00f3n es nuestra manera de poner fin a la venta de tierras p\u00fablicas y proteger la voz de nuestras comunidades\u201d.<\/p>\n<p>\u00a0<\/p>\n<p>Brien Webster, Gerente de Campa\u00f1a de Tierras P\u00fablicas de Conservaci\u00f3n Colorado declar\u00f3, \u201cNuestras tierras p\u00fablicas son el coraz\u00f3n de la identidad de Colorado. Ya sea que trabajes la tierra o la disfrutes para recreaci\u00f3n, las tierras p\u00fablicas nos pertenecen a todos. La agenda actual en Washington intenta redefinir el futuro de nuestras tierras p\u00fablicas a puerta cerrada, silenciando las opiniones locales para facilitar la venta y la extracci\u00f3n de estas tierras. Los habitantes de Colorado se oponen firmemente a la venta de tierras p\u00fablicas, y esta resoluci\u00f3n deja claro que lucharemos para proteger nuestro patrimonio de tierras p\u00fablicas\u201d.<\/p>\n<p>\u00a0<\/p>\n<p>\u00a0<\/p>\n","protected":false},"excerpt":{"rendered":"<p>\u00a0 Posted March 12, 2026 \u00a0 \u00a0 El 10 de marzo, el Senado de Colorado aprob\u00f3 la Resoluci\u00f3n Conjunta del Senado 26-015, que reafirma el compromiso del estado con la&#8230;<\/p>\n","protected":false},"author":403,"featured_media":0,"comment_status":"open","ping_status":"open","sticky":false,"template":"","format":"standard","meta":{"give_campaign_id":0,"_jetpack_memberships_contains_paid_content":false,"footnotes":""},"categories":[71],"tags":[],"class_list":["post-29074","post","type-post","status-publish","format-standard","hentry","category-estado"],"jetpack_featured_media_url":"","jetpack-related-posts":[],"jetpack_sharing_enabled":true,"_links":{"self":[{"href":"https:\/\/www.elsemanarioonline.com\/es\/wp-json\/wp\/v2\/posts\/29074","targetHints":{"allow":["GET"]}}],"collection":[{"href":"https:\/\/www.elsemanarioonline.com\/es\/wp-json\/wp\/v2\/posts"}],"about":[{"href":"https:\/\/www.elsemanarioonline.com\/es\/wp-json\/wp\/v2\/types\/post"}],"author":[{"embeddable":true,"href":"https:\/\/www.elsemanarioonline.com\/es\/wp-json\/wp\/v2\/users\/403"}],"replies":[{"embeddable":true,"href":"https:\/\/www.elsemanarioonline.com\/es\/wp-json\/wp\/v2\/comments?post=29074"}],"version-history":[{"count":0,"href":"https:\/\/www.elsemanarioonline.com\/es\/wp-json\/wp\/v2\/posts\/29074\/revisions"}],"wp:attachment":[{"href":"https:\/\/www.elsemanarioonline.com\/es\/wp-json\/wp\/v2\/media?parent=29074"}],"wp:term":[{"taxonomy":"category","embeddable":true,"href":"https:\/\/www.elsemanarioonline.com\/es\/wp-json\/wp\/v2\/categories?post=29074"},{"taxonomy":"post_tag","embeddable":true,"href":"https:\/\/www.elsemanarioonline.com\/es\/wp-json\/wp\/v2\/tags?post=29074"}],"curies":[{"name":"wp","href":"https:\/\/api.w.org\/{rel}","templated":true}]}}