{"id":28537,"date":"2025-11-28T01:57:59","date_gmt":"2025-11-28T01:57:59","guid":{"rendered":"https:\/\/www.elsemanarioonline.com\/?p=28537"},"modified":"2025-11-28T01:57:59","modified_gmt":"2025-11-28T01:57:59","slug":"accion-de-gracias-por-la-resistencia-y-la-solidaridad","status":"publish","type":"post","link":"https:\/\/www.elsemanarioonline.com\/es\/accion-de-gracias-por-la-resistencia-y-la-solidaridad\/","title":{"rendered":"Acci\u00f3n de Gracias por la resistencia y la solidaridad\u00a0"},"content":{"rendered":"<p><!-- VideographyWP Plugin Message: Automatic video embedding prevented by plugin options. --><br \/>\n&nbsp;<\/p>\n<p>Maribel Hastings<\/p>\n<p><em>Posted November 27, 2025<\/em><\/p>\n<p>&nbsp;<\/p>\n<p>Esta es sin duda una de las celebraciones de Acci\u00f3n de Gracias m\u00e1s dif\u00edciles para las familias inmigrantes o de situaci\u00f3n migratoria mixta separadas de sus seres queridos por la cruzada de detenciones y deportaciones de Donald Trump, o que viven con el temor constante a la divisi\u00f3n familiar y al disloque de vidas, planes y futuro.<\/p>\n<p>&nbsp;<\/p>\n<p>Cada a\u00f1o escribo una columna de Acci\u00f3n de Gracias en el contexto migratorio, y este a\u00f1o es especialmente dif\u00edcil ahora que se concret\u00f3 con creces lo que el a\u00f1o pasado era apenas una amenaza. El gobierno de Trump ha desencadenado una guerra sin cuartel contra los inmigrantes y contra quienes \u201clucen\u201d\u00a0extranjeros, as\u00ed sean ciudadanos, con el fin de conducir 3,000 arrestos diarios para sacar a \u201ccriminales\u201d del pa\u00eds.<\/p>\n<p>&nbsp;<\/p>\n<p>Pero la mayor parte de los detenidos y deportados no tienen historial delictivo. Entre esos hay trabajadores agr\u00edcolas, aunque no se tienen cifras espec\u00edficas sobre cu\u00e1ntos han sido detenidos y deportados. Los agricultores han solicitado que se les exima de los operativos, pero la realidad es que los agentes de ICE y de la Patrulla Fronteriza que conducen violentas redadas a trav\u00e9s del pa\u00eds est\u00e1n presentes en las comunidades agr\u00edcolas y quiz\u00e1 no detengan a una persona en el campo, pero lo hacen en una intervenci\u00f3n de tr\u00e1nsito o en alguna tienda.<\/p>\n<p>&nbsp;<\/p>\n<p>En medio de este caos hay que dar gracias por esos trabajadores inmigrantes que a pesar de la amenaza de la detenci\u00f3n y deportaci\u00f3n siguen trabajando, y en el proceso, facilitando la vida de todos, como los trabajadores agr\u00edcolas que siembran, cosechan, recogen, sortean, procesan y empacan los alimentos que comemos.<\/p>\n<p>&nbsp;<\/p>\n<p>Lo que muchos se preguntan es cu\u00e1ntos de esos trabajadores agr\u00edcolas optar\u00e1n por\u00a0no regresar a los campos, ya que son trabajadores de temporada. \u00bfCu\u00e1ntos decidir\u00e1n que no vale la pena seguir arriesg\u00e1ndose a ser arrestados y separados de sus familias? \u00bfCu\u00e1ntos optar\u00e1n por\u00a0autodeportarse a sus pa\u00edses de origen?<\/p>\n<p>&nbsp;<\/p>\n<p>Es un drama humano que tiene serias repercusiones econ\u00f3micas, no solo para el agricultor y su cosecha, sino para el consumidor y los precios y la disponibilidad de productos. Y tambi\u00e9n para los negocios de las comunidades que se sustentan con la actividad econ\u00f3mica que generan esos trabajadores y sus familias.<\/p>\n<p>&nbsp;<\/p>\n<p>CalMatters<a href=\"https:\/\/calmatters.org\/economy\/2025\/11\/immigration-california-farms\/\"> report\u00f3<\/a> c\u00f3mo las redadas han alterado la vida de las comunidades agr\u00edcolas de California, estado que produce 90% de las fresas en Estados Unidos, 80% de las almendras y 75% de las lechugas.\u00a0 Dos terceras partes de los trabajadores agr\u00edcolas de California son inmigrantes y una cuarta parte son indocumentados.<\/p>\n<p>&nbsp;<\/p>\n<p>La pieza se\u00f1ala que los operativos ya han dejado sentir su efecto en la econom\u00eda de lugares como Firebaugh. El administrador de la ciudad, Ben Gallegos, lo resumi\u00f3 as\u00ed:<\/p>\n<p>&nbsp;<\/p>\n<p>\u201cNecesitamos a esas personas (los trabajadores agr\u00edcolas) para impulsar nuestra comunidad Son ellos los que comen en nuestros restaurantes locales, son ellos los que compran en nuestras tiendas locales. Sin ellos, \u00bfqu\u00e9 hacemos?\u201d<\/p>\n<p>&nbsp;<\/p>\n<p>Se calcula que en Estados Unidos laboran 2.4 millones de trabajadores agr\u00edcolas y de estos, el 71% son inmigrantes. Y al menos entre el 40% y el 50% son indocumentados.<\/p>\n<p>&nbsp;<\/p>\n<p>Estos son la espina dorsal de la producci\u00f3n agr\u00edcola del pa\u00eds pues poseen destrezas, pr\u00e1ctica y experiencia que les permite conducir con rapidez y eficiencia un trabajo duro y complicado sin obtener la remuneraci\u00f3n justa y bajo duras condiciones de vivienda. Y ahora el terror a las redadas y las deportaciones complica su situaci\u00f3n, pero en realidad la de todos por la conexi\u00f3n entre su valioso trabajo y el suministro de los alimentos que consumimos.<\/p>\n<p>&nbsp;<\/p>\n<p>A pesar de los golpes y las vicisitudes que este primer a\u00f1o del gobierno de Trump ha tra\u00eddo consigo, todav\u00eda hay cosas que agradecer.<\/p>\n<p>&nbsp;<\/p>\n<p>Gracias por la comunidad y los vecinos que han salido en defensa de esos inmigrantes que son sus familiares, vecinos, amigos o clientes. Gracias por los grupos locales base que incansablemente ayudan a una comunidad inmigrante bajo constante ataque, Por los grupos nacionales que llevan los casos legales para frenar en tribunales muchos de estos abusos, los que proveen asistencia legal y orientan a los trabajadores y sus familias, los que mantienen al pa\u00eds informado denunciando los abusos. Gracias por las iglesias y todas las instituciones sin fines de lucro que han asistido a los inmigrantes para proveerles alimentos y apoyo moral.<\/p>\n<p>&nbsp;<\/p>\n<p>Hay que dar gracias por la resistencia y la solidaridad.<\/p>\n<p>&nbsp;<\/p>\n<p>Maribel Hastings es Asesora Ejecutiva de <a href=\"https:\/\/americasvoice.org\">Am\u00e9rica\u2019s Voice.<\/a><\/p>\n<p>&nbsp;<\/p>\n<p>&nbsp;<\/p>\n","protected":false},"excerpt":{"rendered":"<p>&nbsp; Maribel Hastings Posted November 27, 2025 &nbsp; Esta es sin duda una de las celebraciones de Acci\u00f3n de Gracias m\u00e1s dif\u00edciles para las familias inmigrantes o de situaci\u00f3n migratoria&#8230;<\/p>\n","protected":false},"author":403,"featured_media":22035,"comment_status":"open","ping_status":"open","sticky":false,"template":"","format":"standard","meta":{"give_campaign_id":0,"_jetpack_memberships_contains_paid_content":false,"footnotes":""},"categories":[72],"tags":[],"class_list":["post-28537","post","type-post","status-publish","format-standard","has-post-thumbnail","hentry","category-comentario"],"jetpack_featured_media_url":"https:\/\/i0.wp.com\/www.elsemanarioonline.com\/wp-content\/uploads\/2023\/08\/im2.webp?fit=600%2C400&ssl=1","jetpack-related-posts":[],"jetpack_sharing_enabled":true,"_links":{"self":[{"href":"https:\/\/www.elsemanarioonline.com\/es\/wp-json\/wp\/v2\/posts\/28537","targetHints":{"allow":["GET"]}}],"collection":[{"href":"https:\/\/www.elsemanarioonline.com\/es\/wp-json\/wp\/v2\/posts"}],"about":[{"href":"https:\/\/www.elsemanarioonline.com\/es\/wp-json\/wp\/v2\/types\/post"}],"author":[{"embeddable":true,"href":"https:\/\/www.elsemanarioonline.com\/es\/wp-json\/wp\/v2\/users\/403"}],"replies":[{"embeddable":true,"href":"https:\/\/www.elsemanarioonline.com\/es\/wp-json\/wp\/v2\/comments?post=28537"}],"version-history":[{"count":0,"href":"https:\/\/www.elsemanarioonline.com\/es\/wp-json\/wp\/v2\/posts\/28537\/revisions"}],"wp:featuredmedia":[{"embeddable":true,"href":"https:\/\/www.elsemanarioonline.com\/es\/wp-json\/wp\/v2\/media\/22035"}],"wp:attachment":[{"href":"https:\/\/www.elsemanarioonline.com\/es\/wp-json\/wp\/v2\/media?parent=28537"}],"wp:term":[{"taxonomy":"category","embeddable":true,"href":"https:\/\/www.elsemanarioonline.com\/es\/wp-json\/wp\/v2\/categories?post=28537"},{"taxonomy":"post_tag","embeddable":true,"href":"https:\/\/www.elsemanarioonline.com\/es\/wp-json\/wp\/v2\/tags?post=28537"}],"curies":[{"name":"wp","href":"https:\/\/api.w.org\/{rel}","templated":true}]}}