{"id":28432,"date":"2025-11-14T00:46:56","date_gmt":"2025-11-14T00:46:56","guid":{"rendered":"https:\/\/www.elsemanarioonline.com\/?p=28432"},"modified":"2025-11-14T00:47:27","modified_gmt":"2025-11-14T00:47:27","slug":"rechazo-a-nacionalizar-los-abusos-de-la-frontera","status":"publish","type":"post","link":"https:\/\/www.elsemanarioonline.com\/es\/rechazo-a-nacionalizar-los-abusos-de-la-frontera\/","title":{"rendered":"Rechazo a Nacionalizar los Abusos de la Frontera"},"content":{"rendered":"<p><!-- VideographyWP Plugin Message: Automatic video embedding prevented by plugin options. --><br \/>\n\u00a0<\/p>\n<p>Maribel Hastings<\/p>\n<p><em>Posted November 13, 2025<\/em><\/p>\n<p>\u00a0<\/p>\n<p>El presidente Donald Trump considera que sus redadas migratorias \u201cno han ido lo suficientemente lejos\u201d a pesar del caos, el terror, la separaci\u00f3n de familias, el da\u00f1o a la econom\u00eda y particularmente la violencia de parte de los agentes de ICE y de la Patrulla Fronteriza.<\/p>\n<p>\u00a0<\/p>\n<p>Pero en los comicios del martes, los votantes hablaron claro y aunque la econom\u00eda sigue siendo el factor determinante en c\u00f3mo votaron, las redadas y deportaciones masivas influyeron en su voto por dem\u00f3cratas precisamente porque Trump ha ido demasiado lejos. Un sondeo a boca de urna de SSRS en Virginia encontr\u00f3 que 77% de los votantes latinos considera que las acciones migratorias de Trump han ido demasiado lejos. Lo mismo piensa el 53% del electorado general de Virginia.<\/p>\n<p>\u00a0<\/p>\n<p>La ciudad de Nueva York eligi\u00f3 como su alcalde a Zohran Mamdani, quien tuvo un mensaje para Trump: \u201cNueva York seguir\u00e1 siendo una ciudad de inmigrantes y, desde esta noche, la gobierna un inmigrante\u201d.<\/p>\n<p>\u00a0<\/p>\n<p>La violencia de la pol\u00edtica migratoria ha hecho mella en el pa\u00eds. Y es que si algo evidencian las im\u00e1genes y los videos de las intervenciones de agentes con inmigrantes y ciudadanos estadounidenses es que seg\u00fan se intensifican los operativos, aumenta el nivel de violencia.<\/p>\n<p>\u00a0<\/p>\n<blockquote><p>La violencia de la pol\u00edtica migratoria ha hecho mella en el pa\u00eds.<\/p><\/blockquote>\n<p>\u00a0<\/p>\n<p>Es como si los agentes estuvieran audicionando para un reality show de Trump y quien exhiba m\u00e1s crueldad y agresividad se gana el favor del presidente y su s\u00e9quito antiinmigrante. O incluso un bono o un ascenso de puesto.<\/p>\n<p>\u00a0<\/p>\n<p>En julio ProPublica <a href=\"https:\/\/projects.propublica.org\/trump-ice-smashed-windows-deportation-arrests\/?utm_campaign=propublica-sprout&utm_content=1761871800&utm_medium=social&utm_source=threads\">report\u00f3<\/a> c\u00f3mo se han incrementado las instancias en que agentes de ICE y de la Patrulla Fronteriza destrozan los cristales de autos en medio de intervenciones de tr\u00e1nsito para cumplir con las cuotas de arrestos de inmigrantes que tambi\u00e9n resultan en detenciones de ciudadanos estadounidenses.<\/p>\n<p>\u00a0<\/p>\n<p>Hasta julio, ProPublica identific\u00f3 50 casos de agentes rompiendo cristales de autos de forma violenta en los primeros seis meses del gobierno de Trump, y apenas ocho casos en la d\u00e9cada previa.<\/p>\n<p>\u00a0<\/p>\n<p>\u201cLos agentes que rompen cristales no son sancionados, sino que se les asciende\u201d, escribi\u00f3 ProPublica. Un funcionario de Maryland involucrado en uno de estos incidentes,\u00a0 Matthew Elliston, \u201cocupa ahora un puesto de alto rango en la oficina central y supervisa las operaciones de campo en la costa este\u201d.<\/p>\n<p>\u00a0<\/p>\n<p>El otro, Gregory Bovino, quien tambi\u00e9n emple\u00f3 la t\u00e1ctica de romper vidrios de autos,\u00a0 pas\u00f3 de ser jefe de sector de la Patrulla Fronteriza en El Centro, California, a dirigir las redadas en Los \u00c1ngeles y ahora en Chicago. Ah\u00ed se le film\u00f3 lanzando gas lacrim\u00f3geno a manifestantes sin justificaci\u00f3n aparente.<\/p>\n<p>\u00a0<\/p>\n<p>Seg\u00fan John Sandweg, exjefe interino de la Patrulla Fronteriza durante el segundo mandato de Barack Obama, \u201ctodo esto no tiene precedentes\u201d.<\/p>\n<p>\u00a0<\/p>\n<p>Lo que ha ocurrido por a\u00f1os en la frontera, excesos y abusos por parte de la Patrulla Fronteriza, ahora se ve en tiempo real en ciudades a trav\u00e9s del pa\u00eds y la naci\u00f3n entera es testigo.<\/p>\n<p>\u00a0<\/p>\n<p>La organizaci\u00f3n Southern Border Communities Coalition (SBCC)<a href=\"https:\/\/www.southernborder.org\/border_lens_abuse_of_power_and_its_consequences\"> afirma<\/a> que la Patrulla Fronteriza \u201cviola sistem\u00e1ticamente los derechos de las comunidades fronterizas\u201d. \u201cSe han documentado innumerables casos de abusos y encuentros mortales con la CBP. Miles de agentes federales patrullan la frontera con impunidad, deteniendo y registrando a las comunidades fronterizas mediante poderes extraordinarios y sin precedentes. En virtud de estos poderes, los agentes interrogan a las personas, se suben a sus veh\u00edculos y otros medios de transporte y los registran, y entran en propiedades privadas (pero no en viviendas) sin una orden judicial\u201d.<\/p>\n<p>\u00a0<\/p>\n<p>La coalici\u00f3n document\u00f3 al menos 351 muertes \u201ccomo consecuencia de un encuentro con agentes de Aduanas y Protecci\u00f3n Fronteriza desde 2010\u201d. \u201cLa cultura de abuso y uso imprudente de la fuerza de la CBP ha provocado la muerte de muchos ciudadanos estadounidenses y no estadounidenses, tanto en los puertos de entrada de Estados Unidos como en la regi\u00f3n fronteriza sur. La mayor\u00eda de las v\u00edctimas mueren en tiroteos mortales, mientras que un n\u00famero significativo ha fallecido como consecuencia de persecuciones imprudentes en auto, problemas m\u00e9dicos no tratados y posible negligencia, u otras formas de violencia\u201d.<\/p>\n<p>\u00a0<\/p>\n<p>Como parte de la cruzada antiinmigrante del gobierno de Trump ya son muchas las denuncias sobre las condiciones deplorables de los centros de detenci\u00f3n y de las muertes por negligencia y falta de acceso a cuidados m\u00e9dicos y a medicamentos para controlar condiciones cr\u00f3nicas como la presi\u00f3n alta o la diabetes. Es\u00a0otra forma de violencia.<\/p>\n<p>\u00a0<\/p>\n<p>Pero lo que estamos presenciando en Chicago y Los \u00c1ngeles,\u00a0 donde incluso <a href=\"https:\/\/www.msn.com\/es-us\/general\/general\/agentes-de-la-patrulla-fronteriza-rompen-seis-costillas-a-ciudadano-de-ee-uu-de-67-a%C3%B1os-durante-operativo\/ar-AA1PnLb0\">ciudadanos<\/a> son v\u00edctimas de violencia y uso de fuerza por parte de agentes federales, es es nacionalizar el abuso de autoridad como parte de la militarizaci\u00f3n de ciudades y estados liderados por dem\u00f3cratas.<\/p>\n<p>Y tal parece que lo peor est\u00e1 por venir.<\/p>\n<p>\u00a0<\/p>\n<p>Maribel Hastings es Asesora Ejecutiva de <a href=\"https:\/\/americasvoice.org\">Am\u00e9rica\u2019s Voice.<\/a><\/p>\n<p><strong>\u00a0<\/strong><\/p>\n<p>\u00a0<\/p>\n","protected":false},"excerpt":{"rendered":"<p>\u00a0 Maribel Hastings Posted November 13, 2025 \u00a0 El presidente Donald Trump considera que sus redadas migratorias \u201cno han ido lo suficientemente lejos\u201d a pesar del caos, el terror, la&#8230;<\/p>\n","protected":false},"author":403,"featured_media":22035,"comment_status":"open","ping_status":"open","sticky":false,"template":"","format":"standard","meta":{"give_campaign_id":0,"_jetpack_memberships_contains_paid_content":false,"footnotes":""},"categories":[72],"tags":[],"class_list":["post-28432","post","type-post","status-publish","format-standard","has-post-thumbnail","hentry","category-comentario"],"jetpack_featured_media_url":"https:\/\/i0.wp.com\/www.elsemanarioonline.com\/wp-content\/uploads\/2023\/08\/im2.webp?fit=600%2C400&ssl=1","jetpack-related-posts":[],"jetpack_sharing_enabled":true,"_links":{"self":[{"href":"https:\/\/www.elsemanarioonline.com\/es\/wp-json\/wp\/v2\/posts\/28432","targetHints":{"allow":["GET"]}}],"collection":[{"href":"https:\/\/www.elsemanarioonline.com\/es\/wp-json\/wp\/v2\/posts"}],"about":[{"href":"https:\/\/www.elsemanarioonline.com\/es\/wp-json\/wp\/v2\/types\/post"}],"author":[{"embeddable":true,"href":"https:\/\/www.elsemanarioonline.com\/es\/wp-json\/wp\/v2\/users\/403"}],"replies":[{"embeddable":true,"href":"https:\/\/www.elsemanarioonline.com\/es\/wp-json\/wp\/v2\/comments?post=28432"}],"version-history":[{"count":0,"href":"https:\/\/www.elsemanarioonline.com\/es\/wp-json\/wp\/v2\/posts\/28432\/revisions"}],"wp:featuredmedia":[{"embeddable":true,"href":"https:\/\/www.elsemanarioonline.com\/es\/wp-json\/wp\/v2\/media\/22035"}],"wp:attachment":[{"href":"https:\/\/www.elsemanarioonline.com\/es\/wp-json\/wp\/v2\/media?parent=28432"}],"wp:term":[{"taxonomy":"category","embeddable":true,"href":"https:\/\/www.elsemanarioonline.com\/es\/wp-json\/wp\/v2\/categories?post=28432"},{"taxonomy":"post_tag","embeddable":true,"href":"https:\/\/www.elsemanarioonline.com\/es\/wp-json\/wp\/v2\/tags?post=28432"}],"curies":[{"name":"wp","href":"https:\/\/api.w.org\/{rel}","templated":true}]}}