{"id":28325,"date":"2025-10-31T18:23:15","date_gmt":"2025-10-31T18:23:15","guid":{"rendered":"https:\/\/www.elsemanarioonline.com\/?p=28325"},"modified":"2025-10-31T18:23:15","modified_gmt":"2025-10-31T18:23:15","slug":"ice-separa-a-familia-solicitante-de-asilo-paradero-de-dos-ninos-menores-de-edad-desconocido","status":"publish","type":"post","link":"https:\/\/www.elsemanarioonline.com\/es\/ice-separa-a-familia-solicitante-de-asilo-paradero-de-dos-ninos-menores-de-edad-desconocido\/","title":{"rendered":"ICE Separa a Familia Solicitante de Asilo; Paradero de Dos Ni\u00f1os Menores de Edad Desconocido"},"content":{"rendered":"<p><!-- VideographyWP Plugin Message: Automatic video embedding prevented by plugin options. --><br \/>\n\u00a0<\/p>\n<p><em>Posted October 30, 2025<\/em><\/p>\n<p>\u00a0<\/p>\n<p>\u00a0<\/p>\n<p>La Coalici\u00f3n de Derechos Inmigrantes de Colorado (CIRC), Compa\u00f1eros: Four Corners Immigrant Resource Center, American Friends and Services Committee (AFSC), la Red de Respuesta R\u00e1pida del Suroeste de Colorado y la Red de Respuesta R\u00e1pida de Colorado (CoRRN) condenan a la Polic\u00eda de Inmigraci\u00f3n y Aduanas (ICE) por separar a un padre de sus dos hijos menores de edad. El paradero actual de los ni\u00f1os es desconocido, y los grupos exigen su liberaci\u00f3n inmediata.<\/p>\n<p>\u00a0<\/p>\n<p>El 27 de octubre, ICE detuvo a una familia Colombiana solicitante de asilo a pesar de sus fuertes v\u00ednculos con la comunidad de Durango por m\u00e1s de 18 meses y un caso de asilo pendiente y completamente documentado. En una escala devastadora, ICE ha transferido ahora a los dos ni\u00f1os menores de edad a un lugar no revelado, separ\u00e1ndolos de su padre. Esta familia no tiene antecedentes penales, sus hijos asisten a escuelas locales y su estatus legal est\u00e1 confirmado como activo por el USCIS, con <a href=\"https:\/\/api.neonemails.com\/emails\/tracking\/click-link\/adqkatDC7B8Zulgpwk5X0mBRTiX8GM36P9cFmWHY38g=\/WlKkhNC6S1NuFt380YkkaOngDoygZ7T4as2XyS74DKI=\">Compa\u00f1eros: Four Corners Immigrant Resource Center<\/a> brindando apoyo extenso al caso desde diciembre de 2024.<\/p>\n<p>\u00a0<\/p>\n<p>\u201cICE ha separado por la fuerza a una familia, y ahora la comunidad no sabe d\u00f3nde est\u00e1n los ni\u00f1os\u201d, dijo Enrique Orozco-P\u00e9rez, Co-Director Ejecutivo de Compa\u00f1eros: Four Corners Immigrant Resource Center. \u201cEsta es una t\u00e1ctica deliberada y cruel para infundir miedo en nuestras comunidades. Exigimos saber a d\u00f3nde han sido llevados estos ni\u00f1os y pedimos su reunificaci\u00f3n inmediata con su familia\u201d.<\/p>\n<p>\u00a0<\/p>\n<p>La situaci\u00f3n escal\u00f3 cuando miembros de la comunidad se reunieron para una vigilia pac\u00edfica fuera de la oficina administrativa de ICE donde la familia estaba detenida. Testigos reportan que los agentes de ICE actuaron con agresi\u00f3n no provocada.<\/p>\n<p>\u00a0<\/p>\n<p>\u201cA pesar de que nuestros miembros permanecieron completamente pac\u00edficos, un agente de ICE golpe\u00f3 violentamente en la cara a uno de nuestros miembros de la comunidad\u201d, dijo un portavoz de la Red de Respuesta R\u00e1pida del Suroeste de Colorado. \u201cEsta fuerza excesiva contra manifestantes pac\u00edficos es inaceptable y subraya las t\u00e1cticas brutales que ICE est\u00e1 dispuesta a emplear\u201d.<\/p>\n<p>\u00a0<\/p>\n<p>Los grupos tambi\u00e9n est\u00e1n planteando serias dudas sobre la cooperaci\u00f3n de la polic\u00eda local despu\u00e9s de que un testigo reportara que patrulleros de la Polic\u00eda Estatal de Colorado llegaron a la escena junto con agentes de ICE.<\/p>\n<p>\u00a0<\/p>\n<p>\u201cLa presencia de polic\u00edas estatales con ICE plantea alarmantes interrogantes sobre el nivel de cooperaci\u00f3n local y estatal en esta operaci\u00f3n\u201d, dijo Gladis Ibarra, Co-Directora Ejecutiva de la Coalici\u00f3n de Derechos Inmigrantes de Colorado. \u201cNecesitamos claridad inmediata de los funcionarios estatales sobre su papel en la separaci\u00f3n de esta familia y en la violencia que sigui\u00f3. El pueblo de Colorado tiene derecho a saber si su estado est\u00e1 violando sus propias leyes para ayudar a destrozar familias\u201d.<\/p>\n<p>\u00a0<\/p>\n<p>La coalici\u00f3n exige:<\/p>\n<ul>\n<li>La localizaci\u00f3n y liberaci\u00f3n inmediata de los dos ni\u00f1os menores de edad y de su padre.<\/li>\n<li>La reunificaci\u00f3n inmediata de la familia.<\/li>\n<li>Una investigaci\u00f3n completa sobre el uso de fuerza excesiva por parte de agentes de ICE contra manifestantes pac\u00edficos.<\/li>\n<li>Una investigaci\u00f3n completa por parte del Fiscal General Phil Weiser sobre la cooperaci\u00f3n local con ICE.<\/li>\n<\/ul>\n<p>\u00a0<\/p>\n<p><strong>\u00a0<\/strong><\/p>\n<p>\u00a0<\/p>\n","protected":false},"excerpt":{"rendered":"<p>\u00a0 Posted October 30, 2025 \u00a0 \u00a0 La Coalici\u00f3n de Derechos Inmigrantes de Colorado (CIRC), Compa\u00f1eros: Four Corners Immigrant Resource Center, American Friends and Services Committee (AFSC), la Red de&#8230;<\/p>\n","protected":false},"author":403,"featured_media":0,"comment_status":"open","ping_status":"open","sticky":false,"template":"","format":"standard","meta":{"give_campaign_id":0,"_jetpack_memberships_contains_paid_content":false,"footnotes":""},"categories":[71],"tags":[],"class_list":["post-28325","post","type-post","status-publish","format-standard","hentry","category-estado"],"jetpack_featured_media_url":"","jetpack-related-posts":[],"jetpack_sharing_enabled":true,"_links":{"self":[{"href":"https:\/\/www.elsemanarioonline.com\/es\/wp-json\/wp\/v2\/posts\/28325","targetHints":{"allow":["GET"]}}],"collection":[{"href":"https:\/\/www.elsemanarioonline.com\/es\/wp-json\/wp\/v2\/posts"}],"about":[{"href":"https:\/\/www.elsemanarioonline.com\/es\/wp-json\/wp\/v2\/types\/post"}],"author":[{"embeddable":true,"href":"https:\/\/www.elsemanarioonline.com\/es\/wp-json\/wp\/v2\/users\/403"}],"replies":[{"embeddable":true,"href":"https:\/\/www.elsemanarioonline.com\/es\/wp-json\/wp\/v2\/comments?post=28325"}],"version-history":[{"count":0,"href":"https:\/\/www.elsemanarioonline.com\/es\/wp-json\/wp\/v2\/posts\/28325\/revisions"}],"wp:attachment":[{"href":"https:\/\/www.elsemanarioonline.com\/es\/wp-json\/wp\/v2\/media?parent=28325"}],"wp:term":[{"taxonomy":"category","embeddable":true,"href":"https:\/\/www.elsemanarioonline.com\/es\/wp-json\/wp\/v2\/categories?post=28325"},{"taxonomy":"post_tag","embeddable":true,"href":"https:\/\/www.elsemanarioonline.com\/es\/wp-json\/wp\/v2\/tags?post=28325"}],"curies":[{"name":"wp","href":"https:\/\/api.w.org\/{rel}","templated":true}]}}