{"id":28236,"date":"2025-10-17T03:48:44","date_gmt":"2025-10-17T03:48:44","guid":{"rendered":"https:\/\/www.elsemanarioonline.com\/?p=28236"},"modified":"2025-10-17T03:48:44","modified_gmt":"2025-10-17T03:48:44","slug":"nuevo-mexico-celebra-el-dia-de-los-pueblos-indigenas","status":"publish","type":"post","link":"https:\/\/www.elsemanarioonline.com\/es\/nuevo-mexico-celebra-el-dia-de-los-pueblos-indigenas\/","title":{"rendered":"Nuevo M\u00e9xico Celebra el D\u00eda de los Pueblos Ind\u00edgenas"},"content":{"rendered":"<p><!-- VideographyWP Plugin Message: Automatic video embedding prevented by plugin options. --><br \/>\n\u00a0<\/p>\n<p>Por Danielle Prokop y Julia Goldberg, Source New Mexico<\/p>\n<p><em>Posted October 16, 2025<\/em><\/p>\n<p>\u00a0<\/p>\n<p>Alrededor de tres docenas de personas se reunieron bajo un cielo nublado en el Centro Cultural Ind\u00edgena Pueblo de Albuquerque el lunes por la ma\u00f1ana para ver las primeras actuaciones de danza tradicional con motivo del D\u00eda de los Pueblos Ind\u00edgenas.<\/p>\n<p>\u00a0<\/p>\n<p>La gobernadora Michelle Lujan Grisham declar\u00f3 en 2019 el segundo lunes de octubre como D\u00eda de los Pueblos Ind\u00edgenas y fiesta oficial del estado. En una declaraci\u00f3n en las redes sociales el lunes, junto con fotos de las celebraciones en la Escuela Ind\u00edgena de Santa Fe, la gobernadora se\u00f1al\u00f3 que Nuevo M\u00e9xico \u201ces el hogar de 23 tribus, naciones y pueblos soberanos, cada uno con ricas culturas, lenguas y tradiciones que han dado forma a esta tierra durante miles de a\u00f1os. Hoy es un d\u00eda para celebrar la resiliencia ind\u00edgena, reconocer las continuas contribuciones de los pueblos nativos y renovar el compromiso de honrar la soberan\u00eda tribal y apoyar a las comunidades ind\u00edgenas. Escuchemos, aprendamos y celebremos juntos\u201d.<\/p>\n<figure id=\"attachment_28235\" aria-describedby=\"caption-attachment-28235\" style=\"width: 864px\" class=\"wp-caption aligncenter\"><img data-recalc-dims=\"1\" fetchpriority=\"high\" decoding=\"async\" class=\"wp-image-28235 size-full\" src=\"https:\/\/i0.wp.com\/www.elsemanarioonline.com\/wp-content\/uploads\/2025\/10\/NM-1-State-E-New-Mex-Indigenous-Peoples-Day-2pic-by-Danielle-Prokop-Source-NM.jpg?resize=640%2C427&ssl=1\" alt=\"\" width=\"640\" height=\"427\" srcset=\"https:\/\/i0.wp.com\/www.elsemanarioonline.com\/wp-content\/uploads\/2025\/10\/NM-1-State-E-New-Mex-Indigenous-Peoples-Day-2pic-by-Danielle-Prokop-Source-NM.jpg?w=864&ssl=1 864w, https:\/\/i0.wp.com\/www.elsemanarioonline.com\/wp-content\/uploads\/2025\/10\/NM-1-State-E-New-Mex-Indigenous-Peoples-Day-2pic-by-Danielle-Prokop-Source-NM.jpg?resize=300%2C200&ssl=1 300w, https:\/\/i0.wp.com\/www.elsemanarioonline.com\/wp-content\/uploads\/2025\/10\/NM-1-State-E-New-Mex-Indigenous-Peoples-Day-2pic-by-Danielle-Prokop-Source-NM.jpg?resize=150%2C100&ssl=1 150w, https:\/\/i0.wp.com\/www.elsemanarioonline.com\/wp-content\/uploads\/2025\/10\/NM-1-State-E-New-Mex-Indigenous-Peoples-Day-2pic-by-Danielle-Prokop-Source-NM.jpg?resize=600%2C400&ssl=1 600w\" sizes=\"(max-width: 640px) 100vw, 640px\" \/><figcaption id=\"caption-attachment-28235\" class=\"wp-caption-text\"><i>From left Isabella Augustine, 15 and Kaliyah Valley, 16, are both dancers from the Pueblo of Acoma, with more than a decade of experience. <\/i><b>(Foto: Danielle Prokop \/ Source NM)<\/b><\/figcaption><\/figure>\n<p>En el Indian Pueblo Cultural Center, el Pueblo Dance Group, que incluye a miembros de los pueblos de Laguna, Acoma, Zuni y la tribu Hopi, inaugur\u00f3 la celebraci\u00f3n el lunes por la ma\u00f1ana. Uno de los fundadores del grupo, Chris Charlie (Laguna Pueblo), se\u00f1al\u00f3 que el grupo actu\u00f3 en la International Balloon Fiesta a principios de semana y que se dirigir\u00eda a la ciudad de Nueva York para otra actuaci\u00f3n este mes.<\/p>\n<p>\u00a0<\/p>\n<p>\u201cEstamos aqu\u00ed para entreteneros y bendeciros\u201d, dijo Charlie a la multitud de unas tres docenas de personas reunidas para ver los bailes.<\/p>\n<p>\u00a0<\/p>\n<p>En Santa Fe, la celebraci\u00f3n comenz\u00f3 el fin de semana, con bailarines de numerosas tribus que dieron paso al Powwow en honor a las naciones nativas del lunes en la plaza.<\/p>\n<p>\u00a0<\/p>\n<p>Kathryn Keyope (Acoma Pueblo) dijo a Source NM que la festividad ofrec\u00eda la oportunidad de crear \u201cun poco m\u00e1s de conciencia\u2026 simplemente para difundir el conocimiento [y] concienciar a todos los que nos rodean y vienen a visitarnos. Cada vez son m\u00e1s los no nativos que vienen a vernos actuar, por lo que agradecemos mucho que disfruten viendo c\u00f3mo mantenemos nuestras ra\u00edces\u201d.<\/p>\n<figure id=\"attachment_28233\" aria-describedby=\"caption-attachment-28233\" style=\"width: 720px\" class=\"wp-caption aligncenter\"><img data-recalc-dims=\"1\" decoding=\"async\" class=\"wp-image-28233 size-full\" src=\"https:\/\/i0.wp.com\/www.elsemanarioonline.com\/wp-content\/uploads\/2025\/10\/NM-1-State-E-New-Mex-Indigenous-Peoples-Day-3pic-by-Danielle-Prokop-Source-NM.jpg?resize=640%2C516&ssl=1\" alt=\"\" width=\"640\" height=\"516\" srcset=\"https:\/\/i0.wp.com\/www.elsemanarioonline.com\/wp-content\/uploads\/2025\/10\/NM-1-State-E-New-Mex-Indigenous-Peoples-Day-3pic-by-Danielle-Prokop-Source-NM.jpg?w=720&ssl=1 720w, https:\/\/i0.wp.com\/www.elsemanarioonline.com\/wp-content\/uploads\/2025\/10\/NM-1-State-E-New-Mex-Indigenous-Peoples-Day-3pic-by-Danielle-Prokop-Source-NM.jpg?resize=300%2C242&ssl=1 300w, https:\/\/i0.wp.com\/www.elsemanarioonline.com\/wp-content\/uploads\/2025\/10\/NM-1-State-E-New-Mex-Indigenous-Peoples-Day-3pic-by-Danielle-Prokop-Source-NM.jpg?resize=150%2C121&ssl=1 150w, https:\/\/i0.wp.com\/www.elsemanarioonline.com\/wp-content\/uploads\/2025\/10\/NM-1-State-E-New-Mex-Indigenous-Peoples-Day-3pic-by-Danielle-Prokop-Source-NM.jpg?resize=600%2C483&ssl=1 600w\" sizes=\"(max-width: 640px) 100vw, 640px\" \/><figcaption id=\"caption-attachment-28233\" class=\"wp-caption-text\"><i>El grupo de danza Pueblos actuar\u00e1 el lunes 13 de octubre de 2025 en el Centro Cultural Ind\u00edgena Pueblo. <\/i><b>(Foto: Danielle Prokop \/ Source NM)<\/b><\/figcaption><\/figure>\n<p>Su marido, Johnathan Keyope, se\u00f1al\u00f3 que pueden compartir esa historia no solo con los visitantes de Nuevo M\u00e9xico, sino tambi\u00e9n con otras comunidades. \u201cEn algunas de las zonas en las que actuamos en el este, las tribus locales est\u00e1n muy dispersas. Por eso es estupendo que podamos compartir nuestra cultura\u2026 para educar y concienciar a todo el mundo de que seguimos aqu\u00ed y de que hacemos esto; para que la gente conozca nuestra hermosa historia y nuestra hermosa cultura\u201d.<\/p>\n<p>\u00a0<\/p>\n<p>\u00a0<\/p>\n<p>Danielle Prokop es reportera de Source New Mexico. Julia Goldberg es la editora de <a href=\"https:\/\/sourcenm.com\/\">Source New Mexico<\/a>. Este <a href=\"https:\/\/sourcenm.com\/2025\/10\/13\/new-mexico-marks-indigenous-peoples-day\/\">art\u00edculo <\/a>ha sido publicado por <a href=\"https:\/\/sourcenm.com\/\">Source New Mexico<\/a> bajo una licencia Creative Commons. Source New Mexico forma parte de <a href=\"https:\/\/statesnewsroom.com\">States Newsroom<\/a>, la organizaci\u00f3n de noticias sin \u00e1nimo de lucro m\u00e1s grande del pa\u00eds centrada en los estados.<\/p>\n<p>\u00a0<\/p>\n<p>Traducido por Juan Carlos Uribe para The Weekly Issue\/El Semanario.<\/p>\n<p>\u00a0<\/p>\n","protected":false},"excerpt":{"rendered":"<p>\u00a0 Por Danielle Prokop y Julia Goldberg, Source New Mexico Posted October 16, 2025 \u00a0 Alrededor de tres docenas de personas se reunieron bajo un cielo nublado en el Centro&#8230;<\/p>\n","protected":false},"author":403,"featured_media":28231,"comment_status":"open","ping_status":"open","sticky":false,"template":"","format":"standard","meta":{"give_campaign_id":0,"_jetpack_memberships_contains_paid_content":false,"footnotes":""},"categories":[102],"tags":[],"class_list":["post-28236","post","type-post","status-publish","format-standard","has-post-thumbnail","hentry","category-new-mexico-es"],"jetpack_featured_media_url":"https:\/\/i0.wp.com\/www.elsemanarioonline.com\/wp-content\/uploads\/2025\/10\/NM-1-State-E-New-Mex-Indigenous-Peoples-Day-1pic-by-Danielle-Prokop-Source-NM.jpg?fit=720%2C480&ssl=1","jetpack-related-posts":[],"jetpack_sharing_enabled":true,"_links":{"self":[{"href":"https:\/\/www.elsemanarioonline.com\/es\/wp-json\/wp\/v2\/posts\/28236","targetHints":{"allow":["GET"]}}],"collection":[{"href":"https:\/\/www.elsemanarioonline.com\/es\/wp-json\/wp\/v2\/posts"}],"about":[{"href":"https:\/\/www.elsemanarioonline.com\/es\/wp-json\/wp\/v2\/types\/post"}],"author":[{"embeddable":true,"href":"https:\/\/www.elsemanarioonline.com\/es\/wp-json\/wp\/v2\/users\/403"}],"replies":[{"embeddable":true,"href":"https:\/\/www.elsemanarioonline.com\/es\/wp-json\/wp\/v2\/comments?post=28236"}],"version-history":[{"count":0,"href":"https:\/\/www.elsemanarioonline.com\/es\/wp-json\/wp\/v2\/posts\/28236\/revisions"}],"wp:featuredmedia":[{"embeddable":true,"href":"https:\/\/www.elsemanarioonline.com\/es\/wp-json\/wp\/v2\/media\/28231"}],"wp:attachment":[{"href":"https:\/\/www.elsemanarioonline.com\/es\/wp-json\/wp\/v2\/media?parent=28236"}],"wp:term":[{"taxonomy":"category","embeddable":true,"href":"https:\/\/www.elsemanarioonline.com\/es\/wp-json\/wp\/v2\/categories?post=28236"},{"taxonomy":"post_tag","embeddable":true,"href":"https:\/\/www.elsemanarioonline.com\/es\/wp-json\/wp\/v2\/tags?post=28236"}],"curies":[{"name":"wp","href":"https:\/\/api.w.org\/{rel}","templated":true}]}}