{"id":27513,"date":"2025-07-17T15:48:35","date_gmt":"2025-07-17T15:48:35","guid":{"rendered":"https:\/\/www.elsemanarioonline.com\/?p=27513"},"modified":"2025-07-17T15:48:35","modified_gmt":"2025-07-17T15:48:35","slug":"la-doctrina-del-presidente-deslegalizar-para-deportar","status":"publish","type":"post","link":"https:\/\/www.elsemanarioonline.com\/es\/la-doctrina-del-presidente-deslegalizar-para-deportar\/","title":{"rendered":"La Doctrina del Presidente: Deslegalizar para Deportar"},"content":{"rendered":"<p><!-- VideographyWP Plugin Message: Automatic video embedding prevented by plugin options. --><br \/>\n\u00a0<\/p>\n<p>Maribel Hastings<\/p>\n<p><em>Posted July 17, 2025<\/em><\/p>\n<p>\u00a0<\/p>\n<p>La guerra de Donald Trump contra los inmigrantes es tan intensa que ni siquiera los nacionales de pa\u00edses como Nicaragua, Honduras, Cuba y Venezuela, tradicionalmente m\u00e1s identificados con los republicanos, se han librado de detenciones, deportaciones o de perder las protecciones concedidas por programas como el TPS o el parole humanitario.<\/p>\n<p>\u00a0<\/p>\n<p>El gobierno de Trump recientemente anunci\u00f3 la cancelaci\u00f3n del TPS para 72,000 hondure\u00f1os y 4,000 nicarag\u00fcenses que ten\u00edan protecci\u00f3n de la deportaci\u00f3n y permisos de trabajo desde 1999. A eso s\u00famele la cancelaci\u00f3n del parole humanitario para medio mill\u00f3n de cubanos, haitianos, nicarag\u00fcenses y venezolanos; y la eliminaci\u00f3n del TPS para 348,000 venezolanos y 521,000 haitianos, por nombrar algunos.<\/p>\n<p>\u00a0<\/p>\n<p>No hay que ser un genio para percatarse de que son altas cifras de inmigrantes documentados que Trump quiere convertir en indocumentados para que se autodeporten o para detenerlos y deportarlos y poder llegar a su objetivo de remover del pa\u00eds a un mill\u00f3n de inmigrantes anualmente.<\/p>\n<p>\u00a0<\/p>\n<blockquote><p>Estos inmigrantes tampoco son los \u201ccriminales\u201d que Trump asegur\u00f3 que deportar\u00eda.<\/p><\/blockquote>\n<p>\u00a0<\/p>\n<p>Estos inmigrantes tampoco son los \u201ccriminales\u201d que Trump asegur\u00f3 que deportar\u00eda. Al no tener una gran cifra de \u201ccriminales\u201d sumado a la reducci\u00f3n de los cruces irregulares en la frontera, el plan es deslegalizar a inmigrantes autorizados para hacerlos vulnerables a la deportaci\u00f3n y poder cumplir con sus cuotas.<\/p>\n<p>\u00a0<\/p>\n<p>Pero no se trata \u00fanicamente de cuotas, sino de sacar del pa\u00eds a inmigrantes de color que no cuadran con el perfil del Estados Unidos blanco similar a las estampas de Norman Rockwell a mediados del Siglo 20. La guerra no es contra inmigrantes \u201ccriminales\u201d, es contra inmigrantes de color en un in\u00fatil intento de \u201cblanquear\u201d un pa\u00eds donde las minor\u00edas ya son mayor\u00eda, donde los cambios demogr\u00e1ficos han alcanzado cada rinc\u00f3n de la naci\u00f3n y en el proceso hacen de Estados Unidos un pa\u00eds diverso y m\u00e1s fuerte.<\/p>\n<p>\u00a0<\/p>\n<p>Si no, vea qui\u00e9nes pierden sus protecciones del TPS. Son personas que llevan d\u00e9cadas en este pa\u00eds, tienen familias establecidas, trabajan y pagan impuestos.<\/p>\n<p>\u00a0<\/p>\n<p>Seg\u00fan un reporte de fwd.us, \u201clos beneficiarios del TPS aportan alrededor de $21,000 millones de d\u00f3lares anuales a la econom\u00eda estadounidense, adem\u00e1s del pago de $5,200 millones de d\u00f3lares en impuestos federales, estatales y locales combinados\u201d.<\/p>\n<p>\u00a0<\/p>\n<p>Pero poco les importa a Trump y a su lugarteniente, Stephen Miller, los miles de millones de d\u00f3lares que los inmigrantes, con o sin documentos, aportan a la econom\u00eda porque el prejuicio pesa m\u00e1s.<\/p>\n<p>\u00a0<\/p>\n<p>Lo ir\u00f3nico es que un amplio sector de los inmigrantes afectados por la eliminaci\u00f3n de programas como el TPS o el parole humanitario, radican en la Florida donde muchos de sus familiares o amistades apoyan a Trump. Es decir, que a Trump tampoco le importa actuar en detrimento de quienes lo apoyan pol\u00edticamente.<\/p>\n<p>\u00a0<\/p>\n<p>Uno pensar\u00eda que la detenci\u00f3n y deportaci\u00f3n de cubanos, por ejemplo, generar\u00eda m\u00e1s indignaci\u00f3n en esa comunidad. Pero incluso los legisladores federales republicanos que representan a esta comunidad ante el Congreso no se atreven a desafiar a Trump temerosos de ser objetos de su ira y de su venganza electoral.<\/p>\n<p>\u00a0<\/p>\n<p>Y es que el Sur de la Florida, hist\u00f3rico enclave de inmigrantes y refugiados, ahora hace noticia por un controversial centro de detenci\u00f3n de inmigrantes en medio de los Everglades y denominado el \u2018Alcatraz de los Lagartos\u2019 (Alligator Alcatraz). Trump y sus s\u00fabditos se mofan de los inmigrantes detenidos en un lugar repleto de lagartos e incluso los republicanos de Florida ya venden mercanc\u00eda como camisetas y gorras con el nombre del lugar.<\/p>\n<p>\u00a0<\/p>\n<p>CBS report\u00f3 que el peligro del centro no son los lagartos sino las condiciones deplorables al interior de la instalaci\u00f3n, seg\u00fan denunciaron varios detenidos: insectos, incluso en la comida, los dejan sin ba\u00f1ar por d\u00edas, permanecen con las luces prendidas por 24 horas, si llueve el lugar se inunda. Lo catalogaron como un tipo de \u201ctortura\u201d.<\/p>\n<p>\u00a0<\/p>\n<p>Como escribieron <em>El Nuevo Herald<\/em> y el <em>Miami Herald<\/em> en un duro editorial hace unos d\u00edas comparando las carpas para alojar refugiados del Mariel hace 45 a\u00f1os con el controvertido centro Alcatraz de los lagartos: \u201cEn 1980, los l\u00edderes locales intentaban ayudar a los refugiados. Esta vez, la imagen es intencional. Un campo de detenci\u00f3n en un pantano env\u00eda un mensaje claro: no eres bienvenido\u201d.<\/p>\n<p>\u00a0<\/p>\n<p>Me pregunto cu\u00e1ntos de los detenidos ser\u00e1n de los deslegalizados por Trump.<\/p>\n<p>\u00a0<\/p>\n<p>Maribel Hastings es Asesora Ejecutiva de <a href=\"https:\/\/americasvoice.org\">Am\u00e9rica\u2019s Voice.<\/a><\/p>\n<p>\u00a0<\/p>\n<p>\u00a0<\/p>\n<p>\u00a0<\/p>\n<p>\u00a0<\/p>\n","protected":false},"excerpt":{"rendered":"<p>\u00a0 Maribel Hastings Posted July 17, 2025 \u00a0 La guerra de Donald Trump contra los inmigrantes es tan intensa que ni siquiera los nacionales de pa\u00edses como Nicaragua, Honduras, Cuba&#8230;<\/p>\n","protected":false},"author":403,"featured_media":22035,"comment_status":"open","ping_status":"open","sticky":false,"template":"","format":"standard","meta":{"give_campaign_id":0,"_jetpack_memberships_contains_paid_content":false,"footnotes":""},"categories":[72],"tags":[],"class_list":["post-27513","post","type-post","status-publish","format-standard","has-post-thumbnail","hentry","category-comentario"],"jetpack_featured_media_url":"https:\/\/i0.wp.com\/www.elsemanarioonline.com\/wp-content\/uploads\/2023\/08\/im2.webp?fit=600%2C400&ssl=1","jetpack-related-posts":[],"jetpack_sharing_enabled":true,"_links":{"self":[{"href":"https:\/\/www.elsemanarioonline.com\/es\/wp-json\/wp\/v2\/posts\/27513","targetHints":{"allow":["GET"]}}],"collection":[{"href":"https:\/\/www.elsemanarioonline.com\/es\/wp-json\/wp\/v2\/posts"}],"about":[{"href":"https:\/\/www.elsemanarioonline.com\/es\/wp-json\/wp\/v2\/types\/post"}],"author":[{"embeddable":true,"href":"https:\/\/www.elsemanarioonline.com\/es\/wp-json\/wp\/v2\/users\/403"}],"replies":[{"embeddable":true,"href":"https:\/\/www.elsemanarioonline.com\/es\/wp-json\/wp\/v2\/comments?post=27513"}],"version-history":[{"count":0,"href":"https:\/\/www.elsemanarioonline.com\/es\/wp-json\/wp\/v2\/posts\/27513\/revisions"}],"wp:featuredmedia":[{"embeddable":true,"href":"https:\/\/www.elsemanarioonline.com\/es\/wp-json\/wp\/v2\/media\/22035"}],"wp:attachment":[{"href":"https:\/\/www.elsemanarioonline.com\/es\/wp-json\/wp\/v2\/media?parent=27513"}],"wp:term":[{"taxonomy":"category","embeddable":true,"href":"https:\/\/www.elsemanarioonline.com\/es\/wp-json\/wp\/v2\/categories?post=27513"},{"taxonomy":"post_tag","embeddable":true,"href":"https:\/\/www.elsemanarioonline.com\/es\/wp-json\/wp\/v2\/tags?post=27513"}],"curies":[{"name":"wp","href":"https:\/\/api.w.org\/{rel}","templated":true}]}}