{"id":27421,"date":"2025-07-04T04:27:57","date_gmt":"2025-07-04T04:27:57","guid":{"rendered":"https:\/\/www.elsemanarioonline.com\/?p=27421"},"modified":"2025-07-04T04:27:57","modified_gmt":"2025-07-04T04:27:57","slug":"redadas-crueldad-y-terror-como-norte","status":"publish","type":"post","link":"https:\/\/www.elsemanarioonline.com\/es\/redadas-crueldad-y-terror-como-norte\/","title":{"rendered":"Redadas: Crueldad y Terror Como Norte"},"content":{"rendered":"<p><!-- VideographyWP Plugin Message: Automatic video embedding prevented by plugin options. --><br \/>\n\u00a0<\/p>\n<p>Maribel Hastings<\/p>\n<p><em>Posted July 3, 2025<\/em><\/p>\n<p>\u00a0<\/p>\n<p>El ataque estadounidense a instalaciones nucleares de Ir\u00e1n el domina la cobertura medi\u00e1tica, pero eso no implica que la guerra interna de Donald Trump contra los inmigrantes haya bajado en intensidad. Por el contrario.<\/p>\n<p>\u00a0<\/p>\n<p>Abundan reportes sobre los operativos de ICE con agentes enmascarados, armados y en autos sin identificaci\u00f3n ingresando a diversos lugares y negocios aterrorizando inmigrantes y personas en general, porque han sido varios los ciudadanos y residentes autorizados los que han ca\u00eddo en esta amplia red de terror del gobierno.<\/p>\n<p>\u00a0<\/p>\n<p>Trump ha fijado cuotas de al menos 3,000 detenciones diarias. Como saben que la cifra de inmigrantes con historial delictivo no ser\u00e1 suficiente para completar \u201cel mayor operativo de deportaciones en la historia de Estados Unidos\u201d, detienen a inmigrantes trabajadores, algunos incluso con visas y permisos para vivir y trabajar en Estados Unidos.<\/p>\n<p>\u00a0<\/p>\n<p>Y las historias reportadas evidencian que la crueldad es el norte de esta administraci\u00f3n, y su objetivo es sembrar el terror. Poco importa llevarse por delante personas mientras trabajan y que en muchos casos son padres o madres de ciudadanos y llevan d\u00e9cadas viviendo y pagando impuestos en Estados Unidos. Ni el orgullo de servir en las fuerzas armadas exime a padres de ser objetivo de una detenci\u00f3n, en este caso violenta, como la del jardinero Narciso Barranco, padre de tres marines, en Santa Ana, California, como report\u00f3 Los Angeles Times.<\/p>\n<p>\u00a0<\/p>\n<p>Uno de sus hijos, Alejandro Barranco, veterano de la Infanter\u00eda de Marina, le dijo al diario que a su padre lo detuvieron mientras arreglaba el jard\u00edn de un restaurante IHOP y \u201chab\u00eda sido rociado con gas pimienta y golpeado, y que ten\u00eda el hombro dislocado\u201d. Barranco agreg\u00f3 que \u201csu padre no hab\u00eda recibido tratamiento m\u00e9dico, ni comida ni agua, tras m\u00e1s de 24 horas en un centro de detenci\u00f3n de Los \u00c1ngeles\u201d.<\/p>\n<p>\u00a0<\/p>\n<p>La conducta de los agentes no es solo deplorable sino inquietante. \u00bfQui\u00e9n garantiza que en efecto son agentes de ICE y no individuos actuando por cuenta propia y deteniendo personas?<\/p>\n<p>\u00a0<\/p>\n<p>No solamente recurren a la violencia sino que echan mano de perfiles raciales para detener indiscriminadamente. Es un asunto que nos afecta a todos porque los inmigrantes son apenas el punto de partida de una campa\u00f1a para minar el debido proceso de ley y la democracia misma.<\/p>\n<p>\u00a0<\/p>\n<p>De ah\u00ed la activaci\u00f3n de la Guardia Nacional y de los marines en California para poner a prueba el uso del aparato militar contra civiles con la excusa de que est\u00e1n rodeando a \u201ccriminales\u201d indocumentados.<\/p>\n<p>\u00a0<\/p>\n<p>Los relatos son aterradores. Due\u00f1os de negocios afectados en Los \u00c1ngeles por los operativos han dicho que los agentes de ICE se comportan como \u201cdelincuentes\u201d y \u201cterroristas\u201d.<\/p>\n<p>\u00a0<\/p>\n<p>En las comunidades afectadas se ha visto la activaci\u00f3n de vecinos y activistas denunciando los operativos y enfrentado a los agentes y aunque los sondeos apuntan a que el p\u00fablico no ve con buenos ojos la forma en que Trump maneja este tema, no s\u00e9 si procesan el peligro de estos desarrollos en diversos \u00e1mbitos, desde la econom\u00eda hasta nuestras libertades individuales.<\/p>\n<p>\u00a0<\/p>\n<blockquote><p>Es un asunto que nos afecta a todos porque los inmigrantes son apenas el punto de partida de una campa\u00f1a para minar el debido proceso de ley y la democracia misma.<\/p><\/blockquote>\n<p>\u00a0<\/p>\n<p>Lo peor del caso es que los excesos de Trump son validados, en algunas instancias, por la Corte Suprema de la naci\u00f3n que el 23 de junio permiti\u00f3 que se reanuden las deportaciones de migrantes a terceros pa\u00edses con los cuales no tienen ning\u00fan v\u00ednculo y donde corren el riesgo de ser torturados o incluso de morir.<\/p>\n<p>\u00a0<\/p>\n<p>Pero volviendo al tema de Ir\u00e1n (porque todo est\u00e1 relacionado), es curioso que la ofensiva militar se lance la misma semana que el Senado discutir\u00e1 el \u201cenorme y horrible\u201d proyecto de reconciliaci\u00f3n presupuestaria de Trump que disparar\u00eda la deuda, incluye millonarios recortes al Medicaid dejando a millones sin seguro m\u00e9dico; contiene millonarias reducciones a los programas de asistencia nutricional; y le dar\u00eda miles de millones de d\u00f3lares adicionales al DHS y sus agencias migratorias, especialmente a ICE, para seguir aterrorizando nuestras comunidades.<\/p>\n<p>\u00a0<\/p>\n<p>No ser\u00eda la primera vez que se recurre a un conflicto b\u00e9lico para desviar la atenci\u00f3n del p\u00fablico sobre alguna legislaci\u00f3n problem\u00e1tica o sobre los problemas econ\u00f3micos y de otra \u00edndole que aquejan a una administraci\u00f3n. Trump ya estaba usando su ofensiva migratoria con tales fines, pero le agrega otro elemento con Ir\u00e1n para abrumar y aturdir al p\u00fablico.<\/p>\n<p>\u00a0<\/p>\n<p>Con Trump no hay que leer entre l\u00edneas. Est\u00e1 haciendo todo lo que dijo que iba a hacer y m\u00e1s. Es un libro abierto donde la crueldad e infundir terror son su carta de presentaci\u00f3n.<\/p>\n<p>\u00a0<\/p>\n<p>Maribel Hastings es Asesora Ejecutiva de <a href=\"https:\/\/americasvoice.org\">Am\u00e9rica\u2019s Voice.<\/a><\/p>\n<p><strong>\u00a0<\/strong><\/p>\n<p>\u00a0<\/p>\n","protected":false},"excerpt":{"rendered":"<p>\u00a0 Maribel Hastings Posted July 3, 2025 \u00a0 El ataque estadounidense a instalaciones nucleares de Ir\u00e1n el domina la cobertura medi\u00e1tica, pero eso no implica que la guerra interna de&#8230;<\/p>\n","protected":false},"author":403,"featured_media":22035,"comment_status":"open","ping_status":"open","sticky":false,"template":"","format":"standard","meta":{"give_campaign_id":0,"_jetpack_memberships_contains_paid_content":false,"footnotes":""},"categories":[72],"tags":[],"class_list":["post-27421","post","type-post","status-publish","format-standard","has-post-thumbnail","hentry","category-comentario"],"jetpack_featured_media_url":"https:\/\/i0.wp.com\/www.elsemanarioonline.com\/wp-content\/uploads\/2023\/08\/im2.webp?fit=600%2C400&ssl=1","jetpack-related-posts":[],"jetpack_sharing_enabled":true,"_links":{"self":[{"href":"https:\/\/www.elsemanarioonline.com\/es\/wp-json\/wp\/v2\/posts\/27421","targetHints":{"allow":["GET"]}}],"collection":[{"href":"https:\/\/www.elsemanarioonline.com\/es\/wp-json\/wp\/v2\/posts"}],"about":[{"href":"https:\/\/www.elsemanarioonline.com\/es\/wp-json\/wp\/v2\/types\/post"}],"author":[{"embeddable":true,"href":"https:\/\/www.elsemanarioonline.com\/es\/wp-json\/wp\/v2\/users\/403"}],"replies":[{"embeddable":true,"href":"https:\/\/www.elsemanarioonline.com\/es\/wp-json\/wp\/v2\/comments?post=27421"}],"version-history":[{"count":0,"href":"https:\/\/www.elsemanarioonline.com\/es\/wp-json\/wp\/v2\/posts\/27421\/revisions"}],"wp:featuredmedia":[{"embeddable":true,"href":"https:\/\/www.elsemanarioonline.com\/es\/wp-json\/wp\/v2\/media\/22035"}],"wp:attachment":[{"href":"https:\/\/www.elsemanarioonline.com\/es\/wp-json\/wp\/v2\/media?parent=27421"}],"wp:term":[{"taxonomy":"category","embeddable":true,"href":"https:\/\/www.elsemanarioonline.com\/es\/wp-json\/wp\/v2\/categories?post=27421"},{"taxonomy":"post_tag","embeddable":true,"href":"https:\/\/www.elsemanarioonline.com\/es\/wp-json\/wp\/v2\/tags?post=27421"}],"curies":[{"name":"wp","href":"https:\/\/api.w.org\/{rel}","templated":true}]}}