{"id":27394,"date":"2025-07-04T04:05:12","date_gmt":"2025-07-04T04:05:12","guid":{"rendered":"https:\/\/www.elsemanarioonline.com\/?p=27394"},"modified":"2025-07-04T04:05:12","modified_gmt":"2025-07-04T04:05:12","slug":"graduado-de-la-unm-agradece-el-apoyo-de-la-comunidad","status":"publish","type":"post","link":"https:\/\/www.elsemanarioonline.com\/es\/graduado-de-la-unm-agradece-el-apoyo-de-la-comunidad\/","title":{"rendered":"Graduado de la UNM Agradece el Apoyo de la Comunidad"},"content":{"rendered":"<p><!-- VideographyWP Plugin Message: Automatic video embedding prevented by plugin options. --><br \/>\n\u00a0<\/p>\n<p>Por Anna Padilla<\/p>\n<p><em>Posted July 3, 2025<\/em><\/p>\n<p>\u00a0<\/p>\n<p>De California a Georgia y finalmente a Nuevo M\u00e9xico, Rub\u00e9n Loza ha priorizado la b\u00fasqueda de la comunidad a lo largo de su carrera acad\u00e9mica. Originario de Los \u00c1ngeles, Loza viaj\u00f3 a Savannah para obtener su licenciatura en dise\u00f1o gr\u00e1fico.<\/p>\n<p>\u00a0<\/p>\n<p>Durante su \u00faltimo a\u00f1o, Loza consider\u00f3 la posibilidad de obtener un t\u00edtulo de posgrado. \u201cNunca pens\u00e9 que har\u00eda un m\u00e1ster, pero algo me empujaba a solicitarlo\u201d, dijo Loza. \u00abNo quer\u00eda acabar trabajando para Google o Pepsi, o haciendo trabajos de dise\u00f1o para, ya sabes, insertar el nombre de la empresa. Quer\u00eda hacer algo que fuera culturalmente relevante\u00bb.<\/p>\n<figure id=\"attachment_27397\" aria-describedby=\"caption-attachment-27397\" style=\"width: 360px\" class=\"wp-caption alignleft\"><img data-recalc-dims=\"1\" fetchpriority=\"high\" decoding=\"async\" class=\"wp-image-27397 size-full\" src=\"https:\/\/i0.wp.com\/www.elsemanarioonline.com\/wp-content\/uploads\/2025\/07\/NM-1-State-S-New-Mex-UNM-Student-2pic-by-UNM-Ruben-Loza.jpg?resize=360%2C540&ssl=1\" alt=\"\" width=\"360\" height=\"540\" srcset=\"https:\/\/i0.wp.com\/www.elsemanarioonline.com\/wp-content\/uploads\/2025\/07\/NM-1-State-S-New-Mex-UNM-Student-2pic-by-UNM-Ruben-Loza.jpg?w=360&ssl=1 360w, https:\/\/i0.wp.com\/www.elsemanarioonline.com\/wp-content\/uploads\/2025\/07\/NM-1-State-S-New-Mex-UNM-Student-2pic-by-UNM-Ruben-Loza.jpg?resize=200%2C300&ssl=1 200w, https:\/\/i0.wp.com\/www.elsemanarioonline.com\/wp-content\/uploads\/2025\/07\/NM-1-State-S-New-Mex-UNM-Student-2pic-by-UNM-Ruben-Loza.jpg?resize=100%2C150&ssl=1 100w\" sizes=\"(max-width: 360px) 100vw, 360px\" \/><figcaption id=\"caption-attachment-27397\" class=\"wp-caption-text\"><i>University of New Mexico graduate, Ruben Loza had the opportunity to go to France to play alongside other Son Jarocho musicians with full support from the Chicana and Chicano Studies department. <\/i><b>(Foto\/: Courtesy University of New Mexico) <\/b><\/figcaption><\/figure>\n<p>El inter\u00e9s de Loza se despert\u00f3 cuando supo que la Universidad de Nuevo M\u00e9xico ofrec\u00eda una licenciatura en Estudios Chicanos y Chicanas. Su madre es mexicana y ha vivido all\u00ed la mayor parte de su vida. Hace unos a\u00f1os, le cont\u00f3 que una vez intent\u00f3 cruzar la frontera, pero la detuvieron y la devolvieron.<\/p>\n<p>\u00a0<\/p>\n<p>\u201cEl mero hecho de escuchar esas experiencias de la vida real a las que se enfrenta tanta gente me apasion\u00f3\u201d, dijo Loza. \u201cQuer\u00eda centrarme en apoyar a los estudiantes de color\u201d.<\/p>\n<p>\u00a0<\/p>\n<p>Adquiri\u00f3 experiencia pr\u00e1ctica al respecto cuando se uni\u00f3 al Proyecto para Graduados de Color de Nuevo M\u00e9xico. El grupo apoya a estudiantes universitarios y de posgrado de color a trav\u00e9s de programas de tutor\u00eda entre iguales y de creaci\u00f3n de comunidades.<\/p>\n<p>\u00a0<\/p>\n<p>Durante su tiempo como asistente principal del proyecto de inserci\u00f3n, lo que m\u00e1s le enorgullece es haber ayudado a sus compa\u00f1eros de equipo a impartir talleres de apoyo a la salud mental para estudiantes. \u201cLo organizamos a prop\u00f3sito, justo antes de los ex\u00e1menes finales, justo antes de los parciales, porque sabemos que los estudiantes siempre est\u00e1n estresados\u201d, dijo Loza.<\/p>\n<p>\u00a0<\/p>\n<p>Loza tambi\u00e9n da cr\u00e9dito al programa de Estudios Chicanos y Chicanas por ayudarle a encontrar un espacio que se sintiera como en casa. \u00abEstudios Chicanos fue una de las mejores decisiones de mi vida. Es un espacio tan c\u00e1lido\u00bb, dijo Loza. \u201cSiempre hay alguien en la casita. A veces la gente est\u00e1 haciendo enchiladas o simplemente pasando el rato\u201d.<\/p>\n<p>\u00a0<\/p>\n<p>La gente que conoci\u00f3 en el departamento le ayud\u00f3 a dar forma a la direcci\u00f3n de su proyecto de tesis. Se centr\u00f3 en la obra de arte visual y la m\u00fasica que emerge de ciudades fronterizas como San Diego y Tijuana. \u201cEn realidad soy hijo de un m\u00fasico. Pero como mi padre se dedicaba a la m\u00fasica cuando yo crec\u00eda, no me interesaba\u201d, dijo Loza.<\/p>\n<p>\u00a0<\/p>\n<p>Hasta que un m\u00fasico y doctorando del departamento empez\u00f3 a dar clases de son jarocho, un g\u00e9nero musical de Veracruz. \u201cHab\u00eda estado dando estas clases y, de alguna manera, me atrajeron. Hab\u00eda algo m\u00e1s org\u00e1nico en este tipo de m\u00fasica\u201d, explica Loza. \u201cMe dije que probar\u00eda la percusi\u00f3n, fui a una clase y luego segu\u00ed\u201d.<\/p>\n<p>\u00a0<\/p>\n<p>Al final, la m\u00fasica le abri\u00f3 las puertas de los viajes. Tuvo la oportunidad de ir a Francia a tocar junto a otros m\u00fasicos de Son Jarocho con todo el apoyo del departamento.<\/p>\n<p>\u00a0<\/p>\n<p>En mayo de 2025, Loza se gradu\u00f3 con su maestr\u00eda. Habl\u00f3 en la ceremonia de graduaci\u00f3n de El Centro de la Raza sobre aquellos que vinieron antes que \u00e9l, encontrando comunidad a trav\u00e9s de su departamento y mostrando gratitud por el apoyo que ha recibido. Tambi\u00e9n destac\u00f3 la necesidad de romper con los guardianes y elevar a los que est\u00e1n infrarrepresentados.<\/p>\n<p>\u00a0<\/p>\n<p>\u201cEspecialmente ahora, creo que es importante apoyar a los estudiantes de color como sea\u201d, dijo Loza. \u201cEs dif\u00edcil actuar, pero tenemos que ponernos en el lugar de los dem\u00e1s y cambiar las cosas\u201d.<\/p>\n<p>\u00a0<\/p>\n<p>Anna Padilla es especialista en relaciones p\u00fablicas de la Universidad de Nuevo M\u00e9xico.<\/p>\n<p>\u00a0<\/p>\n<p>Traducido por Juan Carlos Uribe para The Weekly Issue\/El Semanario.<\/p>\n<p>\u00a0<\/p>\n","protected":false},"excerpt":{"rendered":"<p>\u00a0 Por Anna Padilla Posted July 3, 2025 \u00a0 De California a Georgia y finalmente a Nuevo M\u00e9xico, Rub\u00e9n Loza ha priorizado la b\u00fasqueda de la comunidad a lo largo&#8230;<\/p>\n","protected":false},"author":403,"featured_media":27395,"comment_status":"open","ping_status":"open","sticky":false,"template":"","format":"standard","meta":{"give_campaign_id":0,"_jetpack_memberships_contains_paid_content":false,"footnotes":""},"categories":[71,102],"tags":[],"class_list":["post-27394","post","type-post","status-publish","format-standard","has-post-thumbnail","hentry","category-estado","category-new-mexico-es"],"jetpack_featured_media_url":"https:\/\/i0.wp.com\/www.elsemanarioonline.com\/wp-content\/uploads\/2025\/07\/NM-1-State-S-New-Mex-UNM-Student-1pic-by-UNM-Ruben-Loza.jpg?fit=720%2C405&ssl=1","jetpack-related-posts":[],"jetpack_sharing_enabled":true,"_links":{"self":[{"href":"https:\/\/www.elsemanarioonline.com\/es\/wp-json\/wp\/v2\/posts\/27394","targetHints":{"allow":["GET"]}}],"collection":[{"href":"https:\/\/www.elsemanarioonline.com\/es\/wp-json\/wp\/v2\/posts"}],"about":[{"href":"https:\/\/www.elsemanarioonline.com\/es\/wp-json\/wp\/v2\/types\/post"}],"author":[{"embeddable":true,"href":"https:\/\/www.elsemanarioonline.com\/es\/wp-json\/wp\/v2\/users\/403"}],"replies":[{"embeddable":true,"href":"https:\/\/www.elsemanarioonline.com\/es\/wp-json\/wp\/v2\/comments?post=27394"}],"version-history":[{"count":0,"href":"https:\/\/www.elsemanarioonline.com\/es\/wp-json\/wp\/v2\/posts\/27394\/revisions"}],"wp:featuredmedia":[{"embeddable":true,"href":"https:\/\/www.elsemanarioonline.com\/es\/wp-json\/wp\/v2\/media\/27395"}],"wp:attachment":[{"href":"https:\/\/www.elsemanarioonline.com\/es\/wp-json\/wp\/v2\/media?parent=27394"}],"wp:term":[{"taxonomy":"category","embeddable":true,"href":"https:\/\/www.elsemanarioonline.com\/es\/wp-json\/wp\/v2\/categories?post=27394"},{"taxonomy":"post_tag","embeddable":true,"href":"https:\/\/www.elsemanarioonline.com\/es\/wp-json\/wp\/v2\/tags?post=27394"}],"curies":[{"name":"wp","href":"https:\/\/api.w.org\/{rel}","templated":true}]}}