{"id":27335,"date":"2025-06-19T23:39:58","date_gmt":"2025-06-19T23:39:58","guid":{"rendered":"https:\/\/www.elsemanarioonline.com\/?p=27335"},"modified":"2025-06-19T23:39:58","modified_gmt":"2025-06-19T23:39:58","slug":"senador-alex-padilla-somos-todos","status":"publish","type":"post","link":"https:\/\/www.elsemanarioonline.com\/es\/senador-alex-padilla-somos-todos\/","title":{"rendered":"Senador Alex Padilla Somos Todos"},"content":{"rendered":"<p><!-- VideographyWP Plugin Message: Automatic video embedding prevented by plugin options. --><br \/>\n\u00a0<\/p>\n<p><a href=\"https:\/\/americancommunitymedia.org\/author\/pilar\/\">Pilar Marrero<\/a><\/p>\n<p><em>Posted June 19, 2025<\/em><\/p>\n<p>\u00a0<\/p>\n<p>Hay\u00a0incidentes que son perfectas met\u00e1foras de un momento hist\u00f3rico. La imagen de nuestro primer Latino Senador de los Estados Unidos, Alex Padilla, maltratado y empujado contra el suelo con las manos a punto de ser esposadas por un grupo de agentes federales es uno de ellos.<\/p>\n<p>\u00a0<\/p>\n<p>Es una imagen com\u00fan en la historia de los Estados Unidos de Am\u00e9rica; hombre de color, hombre de piel morena, en el suelo bajo la bota policial. \u00bfqu\u00e9 hay de raro en esto?<\/p>\n<p>\u00a0<\/p>\n<p>Lo importante aqu\u00ed es que se trata de un senador federal, un miembro electo de un de los cuerpos pol\u00edticos y legislativos m\u00e1s importantes del pa\u00eds. Y ese maltrato fue injustificado, sobre todo al ser \u00e9l quien es.<\/p>\n<blockquote><p>Lo importante aqu\u00ed es que se trata de un senador federal, un miembro electo de un de los cuerpos pol\u00edticos y legislativos m\u00e1s importantes del pa\u00eds.<\/p><\/blockquote>\n<p>\u00a0<\/p>\n<p>Padilla, quien se encontraba en el edificio federal de Los Angeles para recibir un reporte militar sobre estos tr\u00e1gicos d\u00edas de manifestaciones y militarizaci\u00f3n de la ciudad, entr\u00f3 a una rueda de prensa que realizaba la\u00a0Secretaria\u00a0de Seguridad Nacional Kristi\u00a0Noem.<\/p>\n<p>\u00a0<\/p>\n<p>Cuando Padilla alz\u00f3 la voz, identific\u00e1ndose como senador e intent\u00f3 hacer una pregunta, no medi\u00f3 ning\u00fan tipo de pausa: ellos atacan primero y preguntan despu\u00e9s.<\/p>\n<p>\u00a0<\/p>\n<p>Y es as\u00ed lo que vemos de este gobierno, de la Presidencia de Donald J. Trump: si un hombre moreno, por muy senador que sea, recibe empujones y abuso de parte de autoridades federales solo por hacer su trabajo, \u00bfqu\u00e9 queda para los dem\u00e1s?<\/p>\n<p>\u00a0<\/p>\n<p>En d\u00edas tr\u00e1gicos para la democracia estadounidense y especialmente para todos los inmigrantes que hemos tenido un hogar en Los Angeles, el ver al primer latino senador de los Estados Unidos tratado como un delincuente es una poderosa met\u00e1fora a la manera en que este gobierno est\u00e1 trat\u00e1ndonos a todos los inmigrantes.<\/p>\n<p>\u00a0<\/p>\n<p>\u00bfQu\u00e9 queda para el campesino? \u00bfEl obrero? \u00bfEl Jornalero? Que queda para las familias inmigrantes, arrestadas en su trabajo, en sus escuelas, en\u00a0sus hogares, bajo la excusa de que son delincuentes, cuando lo que son es familias trabajadoras.<\/p>\n<p>\u00a0<\/p>\n<p>El abuso de poder que ocurri\u00f3 en esos minutos contra Alex\u00a0Padilla,\u00a0es apenas una fracci\u00f3n de lo que este gobierno hace y quiere hacer contra todos los que ofenden las sensibilidades racistas de quienes hemos tenido la desgracia de elevar al cargo m\u00e1s importante del pa\u00eds, y del mundo.<\/p>\n<p>\u00a0<\/p>\n<p>Curiosamente, este incidente gener\u00f3 respuestas m\u00e1s en\u00e9rgicas del liderazgo dem\u00f3crata que todo lo que ha ocurrido hasta ahora, quiz\u00e1 porque ahora se dan cuenta que tambi\u00e9n les toca a ellos.<\/p>\n<p>\u00a0<\/p>\n<p>Porque en la realidad de este pa\u00eds hoy, d\u00eda 12 de\u00a0Junio\u00a0de 2025, en los Estados Unidos de Am\u00e9rica, el verdadero delito es ser del grupo se\u00f1alado por la clase gobernante: inmigrante, piel morena, extranjero, disidente, manifestante\u2026y los que conocen la historia del mundo saben que ese grupo solo va a crecer cada vez m\u00e1s. \u2013<\/p>\n<p>\u00a0<\/p>\n<p>Pilar Marrero es Editora Colaboradora de \u00a0<a href=\"https:\/\/americancommunitymedia.org\/\">American Community Media.<\/a><\/p>\n<p>\u00a0<\/p>\n<p>\u00a0<\/p>\n","protected":false},"excerpt":{"rendered":"<p>\u00a0 Pilar Marrero Posted June 19, 2025 \u00a0 Hay\u00a0incidentes que son perfectas met\u00e1foras de un momento hist\u00f3rico. La imagen de nuestro primer Latino Senador de los Estados Unidos, Alex Padilla,&#8230;<\/p>\n","protected":false},"author":403,"featured_media":27334,"comment_status":"open","ping_status":"open","sticky":false,"template":"","format":"standard","meta":{"give_campaign_id":0,"_jetpack_memberships_contains_paid_content":false,"footnotes":""},"categories":[72],"tags":[],"class_list":["post-27335","post","type-post","status-publish","format-standard","has-post-thumbnail","hentry","category-comentario"],"jetpack_featured_media_url":"https:\/\/i0.wp.com\/www.elsemanarioonline.com\/wp-content\/uploads\/2025\/06\/2-Commentary-E-Marrero-1pic-Pilar-Marrero-American-Community-Media-copy-e1750376254765.jpg?fit=432%2C648&ssl=1","jetpack-related-posts":[],"jetpack_sharing_enabled":true,"_links":{"self":[{"href":"https:\/\/www.elsemanarioonline.com\/es\/wp-json\/wp\/v2\/posts\/27335","targetHints":{"allow":["GET"]}}],"collection":[{"href":"https:\/\/www.elsemanarioonline.com\/es\/wp-json\/wp\/v2\/posts"}],"about":[{"href":"https:\/\/www.elsemanarioonline.com\/es\/wp-json\/wp\/v2\/types\/post"}],"author":[{"embeddable":true,"href":"https:\/\/www.elsemanarioonline.com\/es\/wp-json\/wp\/v2\/users\/403"}],"replies":[{"embeddable":true,"href":"https:\/\/www.elsemanarioonline.com\/es\/wp-json\/wp\/v2\/comments?post=27335"}],"version-history":[{"count":0,"href":"https:\/\/www.elsemanarioonline.com\/es\/wp-json\/wp\/v2\/posts\/27335\/revisions"}],"wp:featuredmedia":[{"embeddable":true,"href":"https:\/\/www.elsemanarioonline.com\/es\/wp-json\/wp\/v2\/media\/27334"}],"wp:attachment":[{"href":"https:\/\/www.elsemanarioonline.com\/es\/wp-json\/wp\/v2\/media?parent=27335"}],"wp:term":[{"taxonomy":"category","embeddable":true,"href":"https:\/\/www.elsemanarioonline.com\/es\/wp-json\/wp\/v2\/categories?post=27335"},{"taxonomy":"post_tag","embeddable":true,"href":"https:\/\/www.elsemanarioonline.com\/es\/wp-json\/wp\/v2\/tags?post=27335"}],"curies":[{"name":"wp","href":"https:\/\/api.w.org\/{rel}","templated":true}]}}