{"id":27031,"date":"2025-05-08T22:31:01","date_gmt":"2025-05-08T22:31:01","guid":{"rendered":"https:\/\/www.elsemanarioonline.com\/?p=27031"},"modified":"2025-05-08T22:31:01","modified_gmt":"2025-05-08T22:31:01","slug":"el-ddphe-amplia-el-programa-love-my-air-a-las-clinicas-de-salud-comunitarias-de-denver","status":"publish","type":"post","link":"https:\/\/www.elsemanarioonline.com\/es\/el-ddphe-amplia-el-programa-love-my-air-a-las-clinicas-de-salud-comunitarias-de-denver\/","title":{"rendered":"El DDPHE Ampl\u00eda el Programa Love My Air a las Cl\u00ednicas de Salud Comunitarias de Denver"},"content":{"rendered":"<p><!-- VideographyWP Plugin Message: Automatic video embedding prevented by plugin options. --><br \/>\n\u00a0<\/p>\n<p><em>Posted May 8, 2025<\/em><\/p>\n<p>\u00a0<\/p>\n<p>El<a href=\"https:\/\/ytgpppebb.cc.rs6.net\/tn.jsp?f=001VxAfMxFmQ753XjZEeDZ0pAFnWLOJ9leo_5K0bewpa_zRzee127yi_Ia8VRElgcnDGmjvBfQK6S-2kIj6GMhYfmYjCbbSPImg0Gr9ig2Q0lvgIxsa_0gkx7ajFUWhrE9CD-5r12NSoo1WNzZRz7mO6NP2KifoRmZ0dTFcO7kaIXcoPWjI5QtVxZvY4Fhp1yzs1q3iGIC2wzWAXliKQskU0ILv5gca3dad1fHsVcPIgtLm77IVkGAUlc8LZI5D1HtQHMUKs3WUN9m2ngFKCVh0H7vhEuMXaSxF-GUg54d6uD4=&c=p9lXQXkiVy8PwLdcEj8eev5H6ooVa_T8ee9ungGVymulcLJIdvwFRw==&ch=wbMpPzD0myTTG8eP9VfRqlv3g0mt167dl0nRZal1i5jEUNIEtke3Mg==\"> Departamento de Salud P\u00fablica y Medio Ambiente de Denver (DDPHE por sus siglas en ingl\u00e9s)<\/a><u>, <\/u>junto con el alcalde Mike Johnston y socios comunitarios, celebr\u00f3 la ampliaci\u00f3n del programa <a href=\"https:\/\/ytgpppebb.cc.rs6.net\/tn.jsp?f=001VxAfMxFmQ753XjZEeDZ0pAFnWLOJ9leo_5K0bewpa_zRzee127yi_ETGpzHlQHxRE0gv80m2RrPyEyt9MrsnYNOVpMdsI7AuXQaIOfo8pAQKNB8dNLWAZbFNsusGBEDSJW-kMBj10i9n-2Btm4llxBFTpWe13Fhqp6usopkOpAQqBDf9aGJ8CxLidAaNwwCPHsDzFBl37Z7eQVe1hJ9iqxt6G0jKJ6fWHZFvHmOgVc9G72rOQ7CieuA70iVMgzBxoWcgQmZ2EvmG9YvvS4XecUEzdrFfEXl9kOIc0h6rfS3ZC-1GRXqz7YVtp2GBynM2dnDpiysm_Mwy07A0Xdi8SN6V5ulF-3XWPpDmKAK9lmsJczvN_lh9GQ==&c=p9lXQXkiVy8PwLdcEj8eev5H6ooVa_T8ee9ungGVymulcLJIdvwFRw==&ch=wbMpPzD0myTTG8eP9VfRqlv3g0mt167dl0nRZal1i5jEUNIEtke3Mg==\">Love My Air<\/a> (Amar mi aire) a las cl\u00ednicas comunitarias de Denver. Este hito supone un gran paso adelante en la educaci\u00f3n sobre salud ambiental y el suministro de datos en tiempo real sobre la calidad del aire directamente a los residentes, junto con proveedores de atenci\u00f3n m\u00e9dica de confianza.<\/p>\n<p>\u00a0<\/p>\n<p>Love My Air es la red de control del aire de Denver, que proporciona informaci\u00f3n en tiempo real sobre la calidad del aire a trav\u00e9s de una aplicaci\u00f3n m\u00f3vil que utiliza tecnolog\u00eda de vanguardia para el control de la contaminaci\u00f3n. A trav\u00e9s de asociaciones con escuelas y organizaciones comunitarias, el programa tambi\u00e9n ofrece talleres, formaci\u00f3n y actividades de alcance centrados en la relaci\u00f3n entre la calidad del aire y la salud. Desde que se inici\u00f3 el programa en 2018, los esfuerzos educativos de Love My Air se han centrado en las escuelas p\u00fablicas de Denver. La ampliaci\u00f3n a las cl\u00ednicas de salud lleva este trabajo por primera vez al punto de atenci\u00f3n.<\/p>\n<p>\u00a0<\/p>\n<p>\u00abLa monitorizaci\u00f3n de la calidad del aire en tiempo real nos ayuda a comprender mejor el impacto medioambiental local y permite a las comunidades tomar decisiones informadas sobre su salud\u00bb, afirm\u00f3 el alcalde Mike Johnston. \u00abGracias a Kaiser Permanente, al Centro de Salud Comunitario Tepeyac y a Inner City Health por colaborar con nosotros para llevar la educaci\u00f3n sobre la calidad del aire directamente a los espacios donde las personas buscan atenci\u00f3n y apoyo.\u00bb<\/p>\n<p>\u00a0<\/p>\n<p>En 2024, el programa Love My Air del DDPHE recibi\u00f3 una subvenci\u00f3n del Fondo de Salud Comunitaria de Kaiser Permanente de la Fundaci\u00f3n Denver. La subvenci\u00f3n apoya la instalaci\u00f3n de monitores de aire y quioscos educativos interactivos en tres lugares: el Centro de Salud Comunitario Tepeyac, Inner City Health y las oficinas m\u00e9dicas de Kaiser Permanente en el este de Denver. Esta ampliaci\u00f3n aumentar\u00e1 el acceso a los datos sobre la calidad del aire local tanto para los pacientes como para los proveedores, lo que ayudar\u00e1 a los residentes a tomar decisiones informadas sobre su salud.<\/p>\n<p>\u00a0<\/p>\n<p>\u00abLa mala calidad del aire tiene importantes efectos negativos para la salud, y el acceso a informaci\u00f3n en tiempo real sobre la calidad del aire supondr\u00e1 un cambio radical para las comunidades que llevan mucho tiempo sufriendo los peores efectos de la contaminaci\u00f3n atmosf\u00e9rica en Denver\u00bb, afirm\u00f3 Mike Ramseier, presidente de Kaiser Permanente en Colorado. \u00abEl trabajo de Love My Air encaja perfectamente con la misi\u00f3n de Kaiser Permanente de proporcionar una atenci\u00f3n de alta calidad y costeable, y mejorar la salud de las comunidades a las que servimos.\u00bb<\/p>\n<p>\u00a0<\/p>\n<p>El evento de 28 de abril ha celebrado la instalaci\u00f3n del primer monitor de aire y quiosco en el Centro de Salud Comunitario Tepeyac. El alcalde Johnston ha presentado el nuevo quiosco junto con el presidente de Kaiser Permanente, Mike Ramseier, el director ejecutivo de Tepeyac, Jim Garc\u00eda, y el director ejecutivo de Inner City Health, Charles Gilford III.<\/p>\n<p>\u00a0<\/p>\n<p>La incorporaci\u00f3n de estos monitores complementar\u00e1 la red de sensores Love My Air ya existente, aumentando los puntos de datos en los vecindarios de Denver y permitiendo al DDPHE estudiar una gama m\u00e1s amplia de contaminantes con mayor precisi\u00f3n. La ampliaci\u00f3n tambi\u00e9n refuerza los v\u00ednculos con la comunidad al colocar herramientas de salud ambiental en espacios accesibles y de confianza. Un componente clave del proyecto es el redise\u00f1o de la <a href=\"https:\/\/ytgpppebb.cc.rs6.net\/tn.jsp?f=001VxAfMxFmQ753XjZEeDZ0pAFnWLOJ9leo_5K0bewpa_zRzee127yi_ETGpzHlQHxRcrPhYU8YDnGrjv-6TDhenUShAKVfe4u1NvEwj3LLxeAGj0iu6xmB-UHN9HcTqMW-BgKl26vEv_S0tNBptnqEd_UK6aAwoX_q9qcZKTur0TDEaQGqC5sxc3BZowc4AxaUqtk0_oUWM7sgOAm6ptR1OO9LbgBlOvhiwC3-EWghf202rZtZxegfTEMuy9X0M9qvneGUeo5uBlZacExhmVGsriis77_sqojM7LaQR5TYF2BtLi7jSWhpHmlh0xxgUkOF2xiefxNeJgfAjoebeB5alaJxVKOQV7ShHRaXanXMcge-u1vKVMlT75BfLfGCa4luu0gGfh0Q6pc=&c=p9lXQXkiVy8PwLdcEj8eev5H6ooVa_T8ee9ungGVymulcLJIdvwFRw==&ch=wbMpPzD0myTTG8eP9VfRqlv3g0mt167dl0nRZal1i5jEUNIEtke3Mg==\">aplicaci\u00f3n m\u00f3vil <\/a>Love My Air y la actualizaci\u00f3n de los <a href=\"https:\/\/ytgpppebb.cc.rs6.net\/tn.jsp?f=001VxAfMxFmQ753XjZEeDZ0pAFnWLOJ9leo_5K0bewpa_zRzee127yi_BOyRnErOm9T7p6QExP2HJfamBOllknMcTO4Wh-oS_zfMBvNumjsihqYLa2u4Pbt6q9AApNOkPvu-6UQ6pd_fHnODmcMS-7pTv5S4OFIrZqbjDCyq5xBa5BxbZSs-6saJrC5hEt_zFjm&c=p9lXQXkiVy8PwLdcEj8eev5H6ooVa_T8ee9ungGVymulcLJIdvwFRw==&ch=wbMpPzD0myTTG8eP9VfRqlv3g0mt167dl0nRZal1i5jEUNIEtke3Mg==\">quioscos<\/a> para comunicar mejor los datos sobre la calidad del aire a los usuarios.<\/p>\n<p>\u00a0<\/p>\n<p><strong>Acerca de nuestros socios:<\/strong><\/p>\n<p>\u00a0<\/p>\n<ul>\n<li><a href=\"https:\/\/ytgpppebb.cc.rs6.net\/tn.jsp?f=001VxAfMxFmQ753XjZEeDZ0pAFnWLOJ9leo_5K0bewpa_zRzee127yi_EsGAtt8a6JdXVf8wWY2cET1ed6tzsLxFxQxWVrMeZ_07Yj-H6nqY5cwGMUoo5ZzAL2wnJsRfGqcPMP5H8IYPqzkawunxQ5eUwnrWS8b1Ja0&c=p9lXQXkiVy8PwLdcEj8eev5H6ooVa_T8ee9ungGVymulcLJIdvwFRw==&ch=wbMpPzD0myTTG8eP9VfRqlv3g0mt167dl0nRZal1i5jEUNIEtke3Mg==\">Tepeyac Community<\/a><strong>:<\/strong> Tepeyac Community Health se compromete a proporcionar una atenci\u00f3n m\u00e9dica inclusiva y culturalmente sensible a todas las personas, independientemente de su capacidad de pago.<\/li>\n<li><a href=\"https:\/\/ytgpppebb.cc.rs6.net\/tn.jsp?f=001VxAfMxFmQ753XjZEeDZ0pAFnWLOJ9leo_5K0bewpa_zRzee127yi_EsGAtt8a6Jd41B6PvkxXQ31f-ZdL7DuWPtoehqz2taYx4eArx9HCTGnDlf7Fb5HvuhUteEoDUk2qW037PnUrzJzO3jzCpL8zDchyQk87_-h&c=p9lXQXkiVy8PwLdcEj8eev5H6ooVa_T8ee9ungGVymulcLJIdvwFRw==&ch=wbMpPzD0myTTG8eP9VfRqlv3g0mt167dl0nRZal1i5jEUNIEtke3Mg==\">Inner City Health Center:<\/a> desde 1983, ICH proporciona acceso a atenci\u00f3n m\u00e9dica, dental y conductual a las personas necesitadas del \u00e1rea metropolitana de Denver.<\/li>\n<li><a href=\"https:\/\/ytgpppebb.cc.rs6.net\/tn.jsp?f=001VxAfMxFmQ753XjZEeDZ0pAFnWLOJ9leo_5K0bewpa_zRzee127yi_BOyRnErOm9TRPIJx0oUMFjDFv18WLEXkiRg-A0AKyL6xg_OOp92yYTk_mBnkLG0nqQjm_25YKJXzhogs3wvU3n2vc5QNrTQZYU8ljNQHC0xLlKawZtNhRE2JCL9LxGlczicLDCjqczIK4ADszk0EJZlLW7G24K_HuVthwfWBHay9kqineUMZadJZDgnukDYB13Zq81NBX5_R9DBpVuxrOhkbqeqVtZ8Hgpb1ZC9a7-e&c=p9lXQXkiVy8PwLdcEj8eev5H6ooVa_T8ee9ungGVymulcLJIdvwFRw==&ch=wbMpPzD0myTTG8eP9VfRqlv3g0mt167dl0nRZal1i5jEUNIEtke3Mg==\">Kaiser Permanente Colorado:<\/a> Kaiser Permanente se compromete a ayudar a dar forma al futuro de la atenci\u00f3n m\u00e9dica. Somos reconocidos como uno de los principales proveedores de atenci\u00f3n m\u00e9dica y planes de salud sin fines de lucro de Estados Unidos. Fundada en 1945, Kaiser Permanente tiene la misi\u00f3n de proporcionar servicios de atenci\u00f3n m\u00e9dica de alta calidad y costeables, y de mejorar la salud de nuestros miembros y las comunidades a las que servimos. Actualmente atendemos a 12.4 millones de miembros en 8 estados y el Distrito de Columbia. La atenci\u00f3n a los miembros y pacientes se centra en su salud integral y est\u00e1 guiada por sus m\u00e9dicos personales del Permanente Medical Group, especialistas y un equipo de cuidadores. Nuestros equipos m\u00e9dicos expertos y atentos cuentan con el respaldo y el apoyo de avances tecnol\u00f3gicos y herramientas l\u00edderes en el sector para la promoci\u00f3n de la salud, la prevenci\u00f3n de enfermedades, la prestaci\u00f3n de una atenci\u00f3n de vanguardia y el tratamiento de enfermedades cr\u00f3nicas de primer nivel. Kaiser Permanente se dedica a la innovaci\u00f3n en la atenci\u00f3n, la investigaci\u00f3n cl\u00ednica, la educaci\u00f3n para la salud y el apoyo a la salud de la comunidad.<\/li>\n<\/ul>\n<p>\u00a0<\/p>\n<p>\u00a0<\/p>\n<p>\u00a0<\/p>\n","protected":false},"excerpt":{"rendered":"<p>\u00a0 Posted May 8, 2025 \u00a0 El Departamento de Salud P\u00fablica y Medio Ambiente de Denver (DDPHE por sus siglas en ingl\u00e9s), junto con el alcalde Mike Johnston y socios&#8230;<\/p>\n","protected":false},"author":403,"featured_media":27032,"comment_status":"open","ping_status":"open","sticky":false,"template":"","format":"standard","meta":{"give_campaign_id":0,"_jetpack_memberships_contains_paid_content":false,"footnotes":""},"categories":[71],"tags":[],"class_list":["post-27031","post","type-post","status-publish","format-standard","has-post-thumbnail","hentry","category-estado"],"jetpack_featured_media_url":"https:\/\/i0.wp.com\/www.elsemanarioonline.com\/wp-content\/uploads\/2025\/05\/CO-3-State-S-Colo-DDPHE-Tepeyac-1pic-by-DDHPE.jpg?fit=720%2C480&ssl=1","jetpack-related-posts":[],"jetpack_sharing_enabled":true,"_links":{"self":[{"href":"https:\/\/www.elsemanarioonline.com\/es\/wp-json\/wp\/v2\/posts\/27031","targetHints":{"allow":["GET"]}}],"collection":[{"href":"https:\/\/www.elsemanarioonline.com\/es\/wp-json\/wp\/v2\/posts"}],"about":[{"href":"https:\/\/www.elsemanarioonline.com\/es\/wp-json\/wp\/v2\/types\/post"}],"author":[{"embeddable":true,"href":"https:\/\/www.elsemanarioonline.com\/es\/wp-json\/wp\/v2\/users\/403"}],"replies":[{"embeddable":true,"href":"https:\/\/www.elsemanarioonline.com\/es\/wp-json\/wp\/v2\/comments?post=27031"}],"version-history":[{"count":0,"href":"https:\/\/www.elsemanarioonline.com\/es\/wp-json\/wp\/v2\/posts\/27031\/revisions"}],"wp:featuredmedia":[{"embeddable":true,"href":"https:\/\/www.elsemanarioonline.com\/es\/wp-json\/wp\/v2\/media\/27032"}],"wp:attachment":[{"href":"https:\/\/www.elsemanarioonline.com\/es\/wp-json\/wp\/v2\/media?parent=27031"}],"wp:term":[{"taxonomy":"category","embeddable":true,"href":"https:\/\/www.elsemanarioonline.com\/es\/wp-json\/wp\/v2\/categories?post=27031"},{"taxonomy":"post_tag","embeddable":true,"href":"https:\/\/www.elsemanarioonline.com\/es\/wp-json\/wp\/v2\/tags?post=27031"}],"curies":[{"name":"wp","href":"https:\/\/api.w.org\/{rel}","templated":true}]}}