{"id":26793,"date":"2025-04-10T04:19:42","date_gmt":"2025-04-10T04:19:42","guid":{"rendered":"https:\/\/www.elsemanarioonline.com\/?p=26793"},"modified":"2025-04-10T04:19:42","modified_gmt":"2025-04-10T04:19:42","slug":"se-cancelan-las-clases-de-ciudadania-en-el-cca-despues-de-que-la-administracion-del-presidente-ponga-fin-a-la-subvencion","status":"publish","type":"post","link":"https:\/\/www.elsemanarioonline.com\/es\/se-cancelan-las-clases-de-ciudadania-en-el-cca-despues-de-que-la-administracion-del-presidente-ponga-fin-a-la-subvencion\/","title":{"rendered":"Se Cancelan las Clases de Ciudadan\u00eda en el CCA Despu\u00e9s de que la Administraci\u00f3n del Presidente Ponga Fin a la Subvenci\u00f3n"},"content":{"rendered":"<p><!-- VideographyWP Plugin Message: Automatic video embedding prevented by plugin options. --><br \/>\n\u00a0<\/p>\n<p>Por Jason Gonzales<\/p>\n<p><em>Posted April 10, 2025<\/em><\/p>\n<p>\u00a0<\/p>\n<p>El Community College de Aurora ya no ofrecer\u00e1 clases de ciudadan\u00eda despu\u00e9s de que el Departamento de Seguridad Nacional de EE.UU. puso fin a una subvenci\u00f3n que financiaba el programa, el presidente de la universidad anunci\u00f3 el jueves.<\/p>\n<p>\u00a0<\/p>\n<p>En una entrevista, el presidente de CCA, Mordecai Brownlee, dijo que ha terminado el programa, que ayud\u00f3 a los participantes a prepararse para el examen de naturalizaci\u00f3n, con un \u201ccoraz\u00f3n pesado\u201d.<\/p>\n<p>\u00a0<\/p>\n<p>Brownlee dijo que estas clases ayudan a los estudiantes a darse cuenta del camino hacia la ciudadan\u00eda y a sentir m\u00e1s seguridad viviendo en Estados Unidos. Los estudiantes deben tener una tarjeta verde para participar en las clases y ser capaces de demostrar un nivel intermedio de dominio del ingl\u00e9s, como la capacidad de mantener una conversaci\u00f3n y escribir y hablar con claridad.<\/p>\n<p>\u00a0<\/p>\n<p>El colegio es un sub-beneficiario de la subvenci\u00f3n de Seguridad Nacional que se le dio a Lutheran Family Services Rocky Mountain. Brownlee dijo que la organizaci\u00f3n notific\u00f3 a la escuela a principios de esta semana sobre la decisi\u00f3n de la administraci\u00f3n Trump.<\/p>\n<p>\u00a0<\/p>\n<p>La administraci\u00f3n Trump ha intensificado la aplicaci\u00f3n de la ley de inmigraci\u00f3n y ha cancelado las visas de estudiante y las tarjetas verdes, que pueden servir como v\u00edas hacia la ciudadan\u00eda.<\/p>\n<p>\u00a0<\/p>\n<p>Brownlee dijo que esta decisi\u00f3n har\u00e1 m\u00e1s dif\u00edcil que la universidad cumpla su misi\u00f3n de servir a la comunidad de Aurora, que es una de las m\u00e1s diversas del estado. Los estudiantes acuden a la escuela para una variedad de oportunidades educativas, dijo.<\/p>\n<p>\u00a0<\/p>\n<p>\u201cAhora hay personas que empiezan a sentir que han perdido valor para s\u00ed mismas y para sus familias\u201d, afirma. \u201cVieron este camino como una opci\u00f3n viable hacia la realizaci\u00f3n de un sue\u00f1o americano\u201d.<\/p>\n<p>\u00a0<\/p>\n<p>Como parte del acuerdo con Lutheran Family Services, el colegio impart\u00eda la clase de ciudadan\u00eda de 10 semanas y, si era necesario para el estudiante, ofrec\u00eda cursos de ingl\u00e9s. El colegio comunitario deb\u00eda recibir un total de 101.000 d\u00f3lares para impartir esas clases durante dos a\u00f1os.<\/p>\n<p>\u00a0<\/p>\n<p>Los estudiantes pagaban unos 30 d\u00f3lares por clase, seg\u00fan una portavoz del colegio.<\/p>\n<p>\u00a0<\/p>\n<p>Mientras tanto, Lutheran Family Services Rocky Mountain tambi\u00e9n ofreci\u00f3 a los estudiantes asistencia legal para convertirse en ciudadanos, dijo Brownlee.<\/p>\n<p>\u00a0<\/p>\n<p>Esta organizaci\u00f3n religiosa sin \u00e1nimo de lucro ofrece diversos servicios a las familias, como adopci\u00f3n, ayuda en caso de cat\u00e1strofe, acogida, tutela de adultos mayores, apoyo familiar y servicios de refugiados e inmigraci\u00f3n.<\/p>\n<p>\u00a0<\/p>\n<p>No est\u00e1 claro si otros programas de Lutheran Family Services se ver\u00e1n afectados. Una portavoz de la organizaci\u00f3n no devolvi\u00f3 inmediatamente una llamada en busca de comentarios. El brazo de las Monta\u00f1as Rocosas de la organizaci\u00f3n sirve a varios estados, incluyendo Colorado, Nuevo M\u00e9xico y Montana.<\/p>\n<p>\u00a0<\/p>\n<p>La escuela ha remitido a los estudiantes a otras organizaciones de la zona que ofrecen estos servicios.<\/p>\n<p>\u00a0<\/p>\n<p>La revocaci\u00f3n de la subvenci\u00f3n por parte de la administraci\u00f3n Trump forma parte de su cancelaci\u00f3n generalizada de varios programas de financiaci\u00f3n federal. Por ejemplo, en febrero, la administraci\u00f3n anunci\u00f3 miles de millones en recortes de fondos para subvenciones de investigaci\u00f3n sanitaria en todo el pa\u00eds. Esa orden ha afectado especialmente a las instituciones de investigaci\u00f3n de cuatro a\u00f1os, aunque un juez federal ha detenido los recortes.<\/p>\n<p>\u00a0<\/p>\n<p>La administraci\u00f3n Trump ha anunciado otras medidas, como su impulso para poner fin a todas las pol\u00edticas con conciencia racial, que podr\u00edan remodelar la educaci\u00f3n superior.<\/p>\n<p>\u00a0<\/p>\n<p>Brownlee dijo que no est\u00e1 seguro de si el Community College of Aurora podr\u00eda apoyar financieramente las clases de ciudadan\u00eda sin la subvenci\u00f3n. Y antes de buscar financiaci\u00f3n, tambi\u00e9n quiere tener una idea m\u00e1s clara de si la administraci\u00f3n Trump limita las v\u00edas a la ciudadan\u00eda, dada su postura sobre la inmigraci\u00f3n.<\/p>\n<p>\u00a0<\/p>\n<p>\u201cLo \u00faltimo en lo que queremos participar es en ofrecer clases y preparar a las personas para un examen que potencialmente ni siquiera pueden tomar\u201d, dijo. \u201cY por eso creo que estamos realmente en un punto muerto\u201d.<\/p>\n<p>\u00a0<\/p>\n<p>Jason Gonzales es reportero de Chalkbeat Colorado. Esta <a href=\"https:\/\/www.chalkbeat.org\/colorado\/2025\/04\/03\/citizenship-classes-canceled-by-community-college-of-aurora\/\">historia <\/a>\u00a0fue publicada originalmente por Chalkbeat.<\/p>\n<p>\u00a0<\/p>\n<p>Traducido por Juan Carlos Uribe, The Weekly Issue\/El Semanario.<\/p>\n<p>\u00a0<\/p>\n<p>\u00a0<\/p>\n","protected":false},"excerpt":{"rendered":"<p>\u00a0 Por Jason Gonzales Posted April 10, 2025 \u00a0 El Community College de Aurora ya no ofrecer\u00e1 clases de ciudadan\u00eda despu\u00e9s de que el Departamento de Seguridad Nacional de EE.UU&#8230;.<\/p>\n","protected":false},"author":403,"featured_media":26792,"comment_status":"open","ping_status":"open","sticky":false,"template":"","format":"standard","meta":{"give_campaign_id":0,"_jetpack_memberships_contains_paid_content":false,"footnotes":""},"categories":[71],"tags":[],"class_list":["post-26793","post","type-post","status-publish","format-standard","has-post-thumbnail","hentry","category-estado"],"jetpack_featured_media_url":"https:\/\/i0.wp.com\/www.elsemanarioonline.com\/wp-content\/uploads\/2025\/04\/CO-1-State-S-Colo-Classes-Aurora-CC-1pic-by-Adobe-Stock-AdobeStock_949665266-copy.jpg?fit=720%2C480&ssl=1","jetpack-related-posts":[],"jetpack_sharing_enabled":true,"_links":{"self":[{"href":"https:\/\/www.elsemanarioonline.com\/es\/wp-json\/wp\/v2\/posts\/26793","targetHints":{"allow":["GET"]}}],"collection":[{"href":"https:\/\/www.elsemanarioonline.com\/es\/wp-json\/wp\/v2\/posts"}],"about":[{"href":"https:\/\/www.elsemanarioonline.com\/es\/wp-json\/wp\/v2\/types\/post"}],"author":[{"embeddable":true,"href":"https:\/\/www.elsemanarioonline.com\/es\/wp-json\/wp\/v2\/users\/403"}],"replies":[{"embeddable":true,"href":"https:\/\/www.elsemanarioonline.com\/es\/wp-json\/wp\/v2\/comments?post=26793"}],"version-history":[{"count":0,"href":"https:\/\/www.elsemanarioonline.com\/es\/wp-json\/wp\/v2\/posts\/26793\/revisions"}],"wp:featuredmedia":[{"embeddable":true,"href":"https:\/\/www.elsemanarioonline.com\/es\/wp-json\/wp\/v2\/media\/26792"}],"wp:attachment":[{"href":"https:\/\/www.elsemanarioonline.com\/es\/wp-json\/wp\/v2\/media?parent=26793"}],"wp:term":[{"taxonomy":"category","embeddable":true,"href":"https:\/\/www.elsemanarioonline.com\/es\/wp-json\/wp\/v2\/categories?post=26793"},{"taxonomy":"post_tag","embeddable":true,"href":"https:\/\/www.elsemanarioonline.com\/es\/wp-json\/wp\/v2\/tags?post=26793"}],"curies":[{"name":"wp","href":"https:\/\/api.w.org\/{rel}","templated":true}]}}