{"id":26577,"date":"2025-03-20T01:56:39","date_gmt":"2025-03-20T01:56:39","guid":{"rendered":"https:\/\/www.elsemanarioonline.com\/?p=26577"},"modified":"2025-03-20T01:56:39","modified_gmt":"2025-03-20T01:56:39","slug":"recortes-federales-pueden-afectar-a-programas-en-hospitales-de-prevencion-de-la-violencia-con-armas-de-fuego","status":"publish","type":"post","link":"https:\/\/www.elsemanarioonline.com\/es\/recortes-federales-pueden-afectar-a-programas-en-hospitales-de-prevencion-de-la-violencia-con-armas-de-fuego\/","title":{"rendered":"Recortes Federales Pueden Afectar a Programas en Hospitales de Prevenci\u00f3n de la Violencia con Armas de Fuego"},"content":{"rendered":"<p><!-- VideographyWP Plugin Message: Automatic video embedding prevented by plugin options. --><br \/>\n\u00a0<\/p>\n<p>Por <a href=\"https:\/\/kffhealthnews.org\/news\/author\/stephanie-wolf\/\">Stephanie Wolf<\/a><\/p>\n<p><em>Posted March 20 2025<\/em><\/p>\n<p>\u00a0<\/p>\n<p>Hace siete a\u00f1os, Erica Green se enter\u00f3 a trav\u00e9s de Facebook que le hab\u00edan disparado a su hermano.<\/p>\n<p>\u00a0<\/p>\n<p>Corri\u00f3 al hospital, uno gerenciado por Denver Health, el sistema de seguridad social de la ciudad, pero no pudo obtener informaci\u00f3n de los trabajadores de la sala de emergencias: se quejaron de que ella estaba generando un disturbio.<\/p>\n<p>\u00a0<\/p>\n<p>\u201cEstaba afuera, angustiada y llorando, cuando Jerry sali\u00f3 por la puerta principal\u201d, dijo.<\/p>\n<figure id=\"attachment_26580\" aria-describedby=\"caption-attachment-26580\" style=\"width: 720px\" class=\"wp-caption aligncenter\"><img data-recalc-dims=\"1\" fetchpriority=\"high\" decoding=\"async\" class=\"wp-image-26580 size-full\" src=\"https:\/\/i0.wp.com\/www.elsemanarioonline.com\/wp-content\/uploads\/2025\/03\/CO-1-State-S-Colo-Intervention-Program-2pic-by-KFF.jpg?resize=640%2C427&ssl=1\" alt=\"\" width=\"640\" height=\"427\" srcset=\"https:\/\/i0.wp.com\/www.elsemanarioonline.com\/wp-content\/uploads\/2025\/03\/CO-1-State-S-Colo-Intervention-Program-2pic-by-KFF.jpg?w=720&ssl=1 720w, https:\/\/i0.wp.com\/www.elsemanarioonline.com\/wp-content\/uploads\/2025\/03\/CO-1-State-S-Colo-Intervention-Program-2pic-by-KFF.jpg?resize=300%2C200&ssl=1 300w, https:\/\/i0.wp.com\/www.elsemanarioonline.com\/wp-content\/uploads\/2025\/03\/CO-1-State-S-Colo-Intervention-Program-2pic-by-KFF.jpg?resize=150%2C100&ssl=1 150w, https:\/\/i0.wp.com\/www.elsemanarioonline.com\/wp-content\/uploads\/2025\/03\/CO-1-State-S-Colo-Intervention-Program-2pic-by-KFF.jpg?resize=600%2C400&ssl=1 600w\" sizes=\"(max-width: 640px) 100vw, 640px\" \/><figcaption id=\"caption-attachment-26580\" class=\"wp-caption-text\"><i>Jerry Morgan, trabajador social principal de AIM, frente a la Cl\u00ednica REACH en el barrio Five Points de Denver. <\/i><b>(Foto: Stephanie Wolf for KFF Health News)<\/b><\/figcaption><\/figure>\n<p>Jerry Morgan es un rostro familiar en el barrio de Green, en Denver. Hab\u00eda ido al hospital despu\u00e9s de que su pager lo alertara del tiroteo. Como profesional de la prevenci\u00f3n de la violencia en el programa <a href=\"https:\/\/denveryouthprogram.org\/aim\/\">At-Risk Intervention and Mentoring<\/a> (AIM), Morgan brinda su apoyo en el hospital a los pacientes v\u00edctimas de violencia con armas de fuego y a sus familias.<\/p>\n<p>\u00a0<\/p>\n<p>Es lo que hizo el d\u00eda en que le dispararon al hermano de Green.<\/p>\n<p>\u00a0<\/p>\n<p>\u201cMe ayud\u00f3 a que atravesara mucho mejor esa experiencia traum\u00e1tica. Al punto que despu\u00e9s pens\u00e9: yo tambi\u00e9n quiero dedicarme a eso\u201d, cont\u00f3 Green.<\/p>\n<p>\u00a0<\/p>\n<p>Ahora, Green trabaja con Morgan como directora de AIM, un programa de intervenci\u00f3n contra situaciones de violencia vinculado a los hospitales. AIM se puso en marcha en 2010 como una asociaci\u00f3n entre Denver Health y la organizaci\u00f3n sin fines de lucro <a href=\"https:\/\/denveryouthprogram.org\/\">Denver Youth Program<\/a>. Desde entonces, se ha ido ampliado para incluir el Hospital Infantil de Colorado y el Hospital de la Universidad de Colorado.<\/p>\n<p>\u00a0<\/p>\n<p>En todo el pa\u00eds existen docenas de programas de intervenci\u00f3n contra la violencia vinculados a hospitales, como AIM. El objetivo de estos programas es identificar los factores sociales y econ\u00f3micos que contribuyeron a que una persona terminara en una sala de emergencias con una herida de bala, por ejemplo, la falta de una vivienda adecuada, la p\u00e9rdida de empleo o sentirse inseguro en el propio vecindario.<\/p>\n<p>\u00a0<\/p>\n<p>Este tipo de programas, que abordan la lucha contra la violencia con armas de fuego desde una perspectiva de salud p\u00fablica, han tenido \u00e9xito.<\/p>\n<figure id=\"attachment_26582\" aria-describedby=\"caption-attachment-26582\" style=\"width: 720px\" class=\"wp-caption aligncenter\"><img data-recalc-dims=\"1\" decoding=\"async\" class=\"wp-image-26582 size-full\" src=\"https:\/\/i0.wp.com\/www.elsemanarioonline.com\/wp-content\/uploads\/2025\/03\/CO-1-State-S-Colo-Intervention-Program-3pic-by-KFF.jpg?resize=640%2C427&ssl=1\" alt=\"\" width=\"640\" height=\"427\" srcset=\"https:\/\/i0.wp.com\/www.elsemanarioonline.com\/wp-content\/uploads\/2025\/03\/CO-1-State-S-Colo-Intervention-Program-3pic-by-KFF.jpg?w=720&ssl=1 720w, https:\/\/i0.wp.com\/www.elsemanarioonline.com\/wp-content\/uploads\/2025\/03\/CO-1-State-S-Colo-Intervention-Program-3pic-by-KFF.jpg?resize=300%2C200&ssl=1 300w, https:\/\/i0.wp.com\/www.elsemanarioonline.com\/wp-content\/uploads\/2025\/03\/CO-1-State-S-Colo-Intervention-Program-3pic-by-KFF.jpg?resize=150%2C100&ssl=1 150w, https:\/\/i0.wp.com\/www.elsemanarioonline.com\/wp-content\/uploads\/2025\/03\/CO-1-State-S-Colo-Intervention-Program-3pic-by-KFF.jpg?resize=600%2C400&ssl=1 600w\" sizes=\"(max-width: 640px) 100vw, 640px\" \/><figcaption id=\"caption-attachment-26582\" class=\"wp-caption-text\"><i>Ginny McCarthy, profesora adjunta del Departamento de Cirug\u00eda de la Universidad de Colorado, quien colabora estrechamente con el Programa Juvenil de Denver, abre un kit de cuidado de heridas para llevar a casa, disponible en la Cl\u00ednica REACH. <\/i><b>(Foto: Stephanie Wolf for KFF Health News)<\/b><\/figcaption><\/figure>\n<p>En San Francisco, uno de ellos <a href=\"https:\/\/giffords.org\/wp-content\/uploads\/2019\/01\/Healing-Communities-in-Crisis.pdf\">logr\u00f3 reducir en un 75%<\/a> la cantidad de personas que volvieron a sufrir heridas por hechos violentos en un per\u00edodo de seis a\u00f1os.<\/p>\n<p>\u00a0<\/p>\n<p>Pero las \u00f3rdenes ejecutivas del presidente Donald Trump, que piden la revisi\u00f3n tanto de las pol\u00edticas de armas de la administraci\u00f3n Biden como de los billones de d\u00f3lares en subvenciones y pr\u00e9stamos federales, han creado incertidumbre en torno a la financiaci\u00f3n federal a largo plazo de estos programas. Algunos organizadores creen que no se ver\u00e1n afectados, pero otros ya est\u00e1n buscando asegurar fuentes de financiamiento alternativas.<\/p>\n<p>\u00a0<\/p>\n<p>\u201cNos preocupa que se produzca un efecto domin\u00f3, una reacci\u00f3n en cadena. Y nos preguntamos c\u00f3mo nos afectar\u00e1. Hay muchas inc\u00f3gnitas\u201d, explica John Torres, director asociado de Youth Alive, una organizaci\u00f3n sin fines de lucro con sede en Oakland, California.<\/p>\n<p>\u00a0<\/p>\n<p>Los datos federales muestran que la violencia con armas de fuego se convirti\u00f3 en una de las principales causas de muerte entre ni\u00f1os y adultos j\u00f3venes a principios de esta d\u00e9cada y que en 2022 estuvo relacionada con m\u00e1s de 48.000 muertes entre personas de todas las edades.<\/p>\n<p>\u00a0<\/p>\n<p>El pediatra de Nueva York Chethan Sathya, especializado en cirug\u00eda y traumatolog\u00eda, investiga c\u00f3mo prevenir lesiones por armas de fuego, financiado por los Institutos Nacionales de Salud (NIH). Sathya sostiene que las estad\u00edsticas muestran que esta forma de violencia debe ser considerada como un problema de salud p\u00fablica. \u201cEst\u00e1 matando a demasiada gente\u201d, argument\u00f3.<\/p>\n<p>\u00a0<\/p>\n<p>Las investigaciones demuestran que haber sufrido una lesi\u00f3n violenta aumenta el riesgo de tener otras en el futuro. Y tambi\u00e9n que el riesgo de muerte aumenta significativamente luego de la tercera lesi\u00f3n violenta. Los datos surgen de un estudio de 2006 publicado en The Journal of Trauma: Injury, Infection and Critical Care.<\/p>\n<p>\u00a0<\/p>\n<p>Benjamin Li, m\u00e9dico de la sala de emergencias en Denver Health y director m\u00e9dico del sistema de salud de AIM, dijo que la emergencia es un entorno ideal para intervenir ante la violencia con armas de fuego, ya que permite investigar y comprender los eventos que llevaron a que un paciente haya sido baleado.<\/p>\n<p>\u00a0<\/p>\n<p>\u201cSi solo atendemos a la persona, la curamos y luego la enviamos de vuelta a vivir en las mismas condiciones, sabemos que es muy probable que vuelva a resultar herida\u201d, explic\u00f3 Li. \u201cEs fundamental que abordemos los determinantes sociales de salud y tratemos de cambiar esa realidad\u201d.<\/p>\n<p>\u00a0<\/p>\n<p>Eso podr\u00eda significar que se proporcione a las v\u00edctimas de disparos soluciones alternativas para evitar que busquen venganza, opin\u00f3 Paris Davis, director de programas de intervenci\u00f3n de Youth Alive.<\/p>\n<p>\u00a0<\/p>\n<p>\u201cPuede ser ayudarlos a mudarse a otra zona o facilitarles que consigan una vivienda. Tambi\u00e9n colaborar para que puedan canalizar esa energ\u00eda hacia la educaci\u00f3n o el trabajo o, por ejemplo, iniciar una terapia familiar. Sean cuales fueren las necesidades en cada caso y en cada individuo en particular, nos aseguramos de brindarles el apoyo que necesitan\u201d, dijo Davis.<\/p>\n<p>\u00a0<\/p>\n<p>El equipo de AIM que trabaja directamente con la comunidad visita a las v\u00edctimas de disparos en sus camas de hospital para tener lo que Morgan, el principal encargado de esta \u00e1rea del programa, describe como una conversaci\u00f3n dif\u00edcil pero libre de prejuicios respecto de c\u00f3mo los pacientes llegaron a esa situaci\u00f3n.<\/p>\n<p>\u00a0<\/p>\n<p>AIM utiliza esa informaci\u00f3n para ayudar a las personas a acceder a los recursos que necesitan para afrontar los grandes desaf\u00edos que los esperan despu\u00e9s de que les den el alta, dijo Morgan. Esos desaf\u00edos pueden incluir volver a la escuela o al trabajo, o encontrar una nueva vivienda.<\/p>\n<p>\u00a0<\/p>\n<p>Los trabajadores comunitarios de AIM tambi\u00e9n pueden asistir a los procedimientos judiciales y ayudar con el transporte para que los pacientes acudan a las citas de atenci\u00f3n m\u00e9dica.<\/p>\n<p>\u00a0<\/p>\n<p>\u201cTratamos de ayudar en la medida de lo posible, pero depende de lo que necesita el beneficiario\u201d, dijo Morgan.<\/p>\n<p>\u00a0<\/p>\n<p>Desde 2010, AIM ha pasado de tener tres a tener nueve trabajadores sociales a tiempo completo, y este a\u00f1o ha abierto la <a href=\"https:\/\/news.cuanschutz.edu\/coloradosph\/building-cross-sector-partnerships-to-address-community-violence\">REACH Clinic<\/a> en el barrio Five Points de Denver. La cl\u00ednica comunitaria ofrece kits para el cuidado de heridas, fisioterapia y atenci\u00f3n de salud conductual, mental y ocupacional. En los pr\u00f3ximos meses, tiene previsto agregar a sus servicios la extracci\u00f3n de balas.<\/p>\n<p>\u00a0<\/p>\n<p>El programa forma parte de un movimiento creciente de cl\u00ednicas comunitarias <a href=\"https:\/\/kffhealthnews.org\/news\/article\/the-injured-super-bowl-parade-kansas-city-bullets-still-bodies\/\">centradas en lesiones violentas<\/a>, como la Bullet Related Injury Clinic, en St. Louis.<\/p>\n<p>\u00a0<\/p>\n<p>Ginny McCarthy, profesora adjunta del Departamento de Cirug\u00eda de la Universidad de Colorado, describi\u00f3 REACH como una extensi\u00f3n del trabajo hospitalario, que ofrece un tratamiento integral en un solo lugar y fomenta la confianza entre los proveedores de salud y las comunidades minoritarias que hist\u00f3ricamente han padecido <a href=\"https:\/\/pmc.ncbi.nlm.nih.gov\/articles\/PMC4638275\/#:~:text=People%20of%20color%20are%20also,American%20Indian%2C%20and%20Asian%20patients.\">prejuicios raciales en la atenci\u00f3n m\u00e9dica<\/a>.<\/p>\n<p>\u00a0<\/p>\n<p><a href=\"https:\/\/www.youthalive.org\/programs\/intervention\/caught-in-the-crossfire\/\">Caught in the Crossfire<\/a>, creado en 1994 y dirigido por Youth Alive en Oakland, es mencionado como el primer programa de la naci\u00f3n de intervenci\u00f3n de violencia vinculado a un hospital; desde entonces ha inspirado a otros.<\/p>\n<p>\u00a0<\/p>\n<p>La <a href=\"https:\/\/www.thehavi.org\/\">Health Alliance for Violence Intervention<\/a>, una red nacional iniciada por Youth Alive para promover soluciones de salud p\u00fablica a la violencia con armas de fuego, en enero de este a\u00f1o contaba entre sus miembros con <a href=\"https:\/\/www.thehavi.org\/havi-membership-directory\">74 programas de intervenci\u00f3n de violencia vinculados a hospitales<\/a>.<\/p>\n<p>\u00a0<\/p>\n<p>La directora ejecutiva de la alianza, <a href=\"https:\/\/www.thehavi.org\/fatimah-loren-dreier\">Fatimah Loren Dreier<\/a>, compar\u00f3 el papel de la medicina en la lucha contra la violencia armada con el de la prevenci\u00f3n de una enfermedad infecciosa como el c\u00f3lera. \u201cEsa enfermedad se propaga si no se cuenta con buenas condiciones sanitarias en los lugares donde se concentra la gente\u201d, argument\u00f3.<\/p>\n<p>\u00a0<\/p>\n<p>Dreier, que tambi\u00e9n es directora ejecutiva del <a href=\"https:\/\/www.kpcenterforgunviolenceresearch.org\/\">Kaiser Permanente Center for Gun Violence Research and Education<\/a>, dijo que la medicina identifica y rastrea los patrones que conducen a la propagaci\u00f3n de una enfermedad o, en este caso, a la propagaci\u00f3n de la violencia.<\/p>\n<p>\u00a0<\/p>\n<p>\u201cEso es lo que la atenci\u00f3n sanitaria puede hacer realmente bien para cambiar la sociedad. Cuando lo implementamos, obtenemos mejores resultados para todos\u201d, dijo Dreier.<\/p>\n<p>\u00a0<\/p>\n<p>La alianza, de la que AIM es miembro, ofrece asistencia t\u00e9cnica y formaci\u00f3n para programas de intervenci\u00f3n contra la violencia vinculados a hospitales y <a href=\"https:\/\/pubmed.ncbi.nlm.nih.gov\/32037314\/\">ha solicitado con \u00e9xito<\/a> que sus servicios sean reconocidos para recibir reembolso de los seguros tradicionales.<\/p>\n<p>\u00a0<\/p>\n<p>En 2021, el presidente Joe Biden emiti\u00f3 una <a href=\"https:\/\/bidenwhitehouse.archives.gov\/briefing-room\/statements-releases\/2021\/12\/14\/fact-sheet-highlights-from-the-biden-administrations-historic-efforts-to-reduce-gun-violence\/\">orden ejecutiva<\/a> que abri\u00f3 la puerta para que los estados utilizaran Medicaid para la prevenci\u00f3n de la violencia. Varios estados, entre ellos <a href=\"https:\/\/www.thehavi.org\/s\/CA-Medicaid-Bill-Text-20210AB1929_94.pdf\">California<\/a>, <a href=\"https:\/\/www.thehavi.org\/s\/NY-Medicaid-Bill.pdf\">Nueva York<\/a> y <a href=\"https:\/\/d.docs.live.net\/9ace8bc2074a92c9\/Desktop\/Colorado\">Colorado<\/a>, han aprobado <a href=\"https:\/\/www.thehavi.org\/cvi-smart-hub\">leyes que establecen un beneficio de Medicaid<\/a> para los programas de intervenci\u00f3n contra la violencia vinculados a hospitales.<\/p>\n<p>\u00a0<\/p>\n<p>El verano pasado, el entonces cirujano general de los Estados Unidos, Vivek Murthy, <a href=\"https:\/\/kffhealthnews.org\/news\/article\/gun-violence-us-surgeon-general-vivek-murthy-public-health-crisis\/\">declar\u00f3 la violencia armada como una crisis de salud p\u00fablica<\/a>, y la <a href=\"https:\/\/www.justice.gov\/archives\/opa\/pr\/fact-sheet-two-years-bipartisan-safer-communities-act\">Ley Bipartidista de Comunidades m\u00e1s Seguras<\/a> de 2022 destin\u00f3 $1.400 millones en fondos para una amplia gama de programas de prevenci\u00f3n de la violencia hasta el pr\u00f3ximo a\u00f1o.<\/p>\n<p>\u00a0<\/p>\n<p>Pero a principios de febrero, Trump emiti\u00f3 una <a href=\"https:\/\/www.whitehouse.gov\/presidential-actions\/2025\/02\/protecting-second-amendment-rights\/\">orden ejecutiva<\/a> en la que ordenaba al fiscal general de los Estados Unidos que llevara a cabo una revisi\u00f3n de 30 d\u00edas de varias pol\u00edticas de Biden sobre la violencia armada.<\/p>\n<p>\u00a0<\/p>\n<p>La Oficina de Prevenci\u00f3n de la Violencia Armada de la Casa Blanca <a href=\"https:\/\/www.thetrace.org\/2025\/01\/white-house-gun-violence-greg-jackson\/\">parece estar inactiva<\/a>, y las recientes medidas para congelar las subvenciones federales han creado incertidumbre entre los programas de prevenci\u00f3n que reciben financiaci\u00f3n federal.<\/p>\n<p>\u00a0<\/p>\n<p>Seg\u00fan Li, AIM recibe el 30% de su financiaci\u00f3n de su acuerdo operativo con la Oficina de Soluciones a la Violencia Comunitaria de Denver. El resto proviene de subvenciones, incluida la financiaci\u00f3n de la Ley de V\u00edctimas del Crimen, que llega a trav\u00e9s del Departamento de Justicia. A mediados de febrero, las \u00f3rdenes ejecutivas de Trump no hab\u00edan afectado a la financiaci\u00f3n actual de AIM.<\/p>\n<p>\u00a0<\/p>\n<p>Algunas de las personas que trabajan con los programas de prevenci\u00f3n de la violencia vinculados a hospitales en Colorado conf\u00edan en que un <a href=\"https:\/\/d.docs.live.net\/9ace8bc2074a92c9\/Desktop\/nuevo%20impuesto%20especial%20sobre%20las%20armas%20de%20fuego%20y%20las%20municiones\">nuevo impuesto especial sobre las armas de fuego y las municiones<\/a>, ya aprobado por los votantes en el estado, pueda ser una fuente adicional de financiaci\u00f3n.<\/p>\n<p>\u00a0<\/p>\n<p>Se espera que genere unos $39 millones anuales y apoye a los servicios para las v\u00edctimas, pero no es probable que los ingresos del impuesto fluyan por completo hasta 2026, y no est\u00e1 claro c\u00f3mo se asignar\u00e1 ese dinero.<\/p>\n<p>\u00a0<\/p>\n<p>Catherine Velopulos, cirujana de traumatolog\u00eda e investigadora de salud p\u00fablica, que es la directora m\u00e9dica de AIM en el hospital de la Universidad de Colorado en Aurora, dijo que cualquier interrupci\u00f3n en la financiaci\u00f3n federal, aunque sea durante unos meses, ser\u00eda \u201cmuy dif\u00edcil para nosotros\u201d. Pero asegur\u00f3 que la tranquilizaba el apoyo bipartidista al tipo de trabajo que hace AIM.<\/p>\n<p>\u00a0<\/p>\n<p>\u201cLa gente quiere simplificar demasiado el problema y dice: \u2018Si nos deshacemos de las armas, todo se detendr\u00e1\u2019 o \u2018No importa lo que hagamos, porque de todos modos van a conseguir armas\u2019\u201d, afirm\u00f3.<\/p>\n<p>\u201cLo que realmente tenemos que pensar es por qu\u00e9 la gente siente tanto miedo que tiene que armarse\u201d.<\/p>\n<p>\u00a0<\/p>\n<p>Stephanie Wolf, Periodista. Esta <a href=\"https:\/\/kffhealthnews.org\/news\/article\/recortes-federales-pueden-afectar-a-programas-en-hospitales-de-prevencion-de-la-violencia-con-armas-de-fuego\/\">historia <\/a>fue producida por <a href=\"https:\/\/kffhealthnews.org\/\">KFF Health News<\/a>, una redacci\u00f3n nacional que produce periodismo en profundidad sobre temas de salud y es uno de los principales programas operativos de <a href=\"https:\/\/www.kff.org\/about-us\/\">KFF<\/a>, la fuente independiente de investigaci\u00f3n de pol\u00edticas de salud, encuestas y periodismo.<\/p>\n<p>\u00a0<\/p>\n<p>\u00a0<\/p>\n","protected":false},"excerpt":{"rendered":"<p>\u00a0 Por Stephanie Wolf Posted March 20 2025 \u00a0 Hace siete a\u00f1os, Erica Green se enter\u00f3 a trav\u00e9s de Facebook que le hab\u00edan disparado a su hermano. \u00a0 Corri\u00f3 al&#8230;<\/p>\n","protected":false},"author":403,"featured_media":26578,"comment_status":"open","ping_status":"open","sticky":false,"template":"","format":"standard","meta":{"give_campaign_id":0,"_jetpack_memberships_contains_paid_content":false,"footnotes":""},"categories":[71],"tags":[],"class_list":["post-26577","post","type-post","status-publish","format-standard","has-post-thumbnail","hentry","category-estado"],"jetpack_featured_media_url":"https:\/\/i0.wp.com\/www.elsemanarioonline.com\/wp-content\/uploads\/2025\/03\/CO-1-State-S-Colo-Intervention-Program-1pic-by-KFF.jpg?fit=720%2C480&ssl=1","jetpack-related-posts":[],"jetpack_sharing_enabled":true,"_links":{"self":[{"href":"https:\/\/www.elsemanarioonline.com\/es\/wp-json\/wp\/v2\/posts\/26577","targetHints":{"allow":["GET"]}}],"collection":[{"href":"https:\/\/www.elsemanarioonline.com\/es\/wp-json\/wp\/v2\/posts"}],"about":[{"href":"https:\/\/www.elsemanarioonline.com\/es\/wp-json\/wp\/v2\/types\/post"}],"author":[{"embeddable":true,"href":"https:\/\/www.elsemanarioonline.com\/es\/wp-json\/wp\/v2\/users\/403"}],"replies":[{"embeddable":true,"href":"https:\/\/www.elsemanarioonline.com\/es\/wp-json\/wp\/v2\/comments?post=26577"}],"version-history":[{"count":0,"href":"https:\/\/www.elsemanarioonline.com\/es\/wp-json\/wp\/v2\/posts\/26577\/revisions"}],"wp:featuredmedia":[{"embeddable":true,"href":"https:\/\/www.elsemanarioonline.com\/es\/wp-json\/wp\/v2\/media\/26578"}],"wp:attachment":[{"href":"https:\/\/www.elsemanarioonline.com\/es\/wp-json\/wp\/v2\/media?parent=26577"}],"wp:term":[{"taxonomy":"category","embeddable":true,"href":"https:\/\/www.elsemanarioonline.com\/es\/wp-json\/wp\/v2\/categories?post=26577"},{"taxonomy":"post_tag","embeddable":true,"href":"https:\/\/www.elsemanarioonline.com\/es\/wp-json\/wp\/v2\/tags?post=26577"}],"curies":[{"name":"wp","href":"https:\/\/api.w.org\/{rel}","templated":true}]}}